{"id":20285,"date":"2019-04-15T16:30:26","date_gmt":"2019-04-15T14:30:26","guid":{"rendered":"http:\/\/info.sadowne.pl\/?p=20285"},"modified":"2019-04-15T16:30:26","modified_gmt":"2019-04-15T14:30:26","slug":"na-poczatek-jezyk-polski","status":"publish","type":"post","link":"https:\/\/info.sadowne.pl\/?p=20285","title":{"rendered":"Na pocz\u0105tek\u2026 j\u0119zyk polski"},"content":{"rendered":"<p><strong><a href=\"http:\/\/info.sadowne.pl\/wp-content\/uploads\/2019\/04\/2019.04.15.1.jpg\" target=\"_blank\" rel=\"noopener noreferrer\"><img loading=\"lazy\" decoding=\"async\" class=\"alignleft wp-image-20286 size-thumbnail\" src=\"http:\/\/info.sadowne.pl\/wp-content\/uploads\/2019\/04\/2019.04.15.1-180x130.jpg\" alt=\"\" width=\"180\" height=\"130\" \/><\/a>9.00 i\u2026 start. Ruszy\u0142y w ca\u0142ej Polsce egzaminy \u00f3smoklasist\u00f3w.<\/strong><!--more--><\/p>\n<p>Poniedzia\u0142ek 15 kwietnia to pierwszy dzie\u0144 egzamin\u00f3w \u00f3smoklasist\u00f3w. Na pocz\u0105tek dwugodzinny test z j\u0119zyka polskiego sk\u0142adaj\u0105cy si\u0119 z 22 zada\u0144, we wtorek potyczki z matematyk\u0105, a w \u015brod\u0119 \u2013 z j\u0119zykiem obcym nowo\u017cytnym.<\/p>\n<p>W Sadownem do egzamin\u00f3w przyst\u0105pi\u0142o 45 absolwent\u00f3w Szko\u0142y Podstawowej im. Czes\u0142awa Wycecha. Jak im posz\u0142o? Kt\u00f3\u017c to wie\u2026 Miejmy nadziej\u0119, \u017ce wszystko jest dobrze.<\/p>\n<p><span style=\"color: #0000ff;\"><a style=\"color: #0000ff;\" href=\"https:\/\/photos.app.goo.gl\/wqcXSaqbpbcjhHpz8\" target=\"_blank\" rel=\"noopener noreferrer\"><strong>Zdj\u0119cia w galerii Google&gt;&gt;&gt;<\/strong><\/a><\/span><\/p>\n<p><strong>Tekst\/foto:<\/strong> S\u0142awek Chyli\u0144ski<\/p>\n","protected":false},"excerpt":{"rendered":"<p>9.00 i\u2026 start. Ruszy\u0142y w ca\u0142ej Polsce egzaminy \u00f3smoklasist\u00f3w.<\/p>\n","protected":false},"author":1,"featured_media":0,"comment_status":"closed","ping_status":"closed","sticky":false,"template":"","format":"standard","meta":{"footnotes":""},"categories":[5,1752,84],"tags":[3062,25,16],"class_list":["post-20285","post","type-post","status-publish","format-standard","hentry","category-newsy","category-edukacja","category-szkola-podstawowa-im-cz-wycecha","tag-egzamin-osmoklasisty","tag-sadowne","tag-szkola-podstawowa-w-sadownem"],"views":2748,"_links":{"self":[{"href":"https:\/\/info.sadowne.pl\/index.php?rest_route=\/wp\/v2\/posts\/20285","targetHints":{"allow":["GET"]}}],"collection":[{"href":"https:\/\/info.sadowne.pl\/index.php?rest_route=\/wp\/v2\/posts"}],"about":[{"href":"https:\/\/info.sadowne.pl\/index.php?rest_route=\/wp\/v2\/types\/post"}],"author":[{"embeddable":true,"href":"https:\/\/info.sadowne.pl\/index.php?rest_route=\/wp\/v2\/users\/1"}],"replies":[{"embeddable":true,"href":"https:\/\/info.sadowne.pl\/index.php?rest_route=%2Fwp%2Fv2%2Fcomments&post=20285"}],"version-history":[{"count":1,"href":"https:\/\/info.sadowne.pl\/index.php?rest_route=\/wp\/v2\/posts\/20285\/revisions"}],"predecessor-version":[{"id":20287,"href":"https:\/\/info.sadowne.pl\/index.php?rest_route=\/wp\/v2\/posts\/20285\/revisions\/20287"}],"wp:attachment":[{"href":"https:\/\/info.sadowne.pl\/index.php?rest_route=%2Fwp%2Fv2%2Fmedia&parent=20285"}],"wp:term":[{"taxonomy":"category","embeddable":true,"href":"https:\/\/info.sadowne.pl\/index.php?rest_route=%2Fwp%2Fv2%2Fcategories&post=20285"},{"taxonomy":"post_tag","embeddable":true,"href":"https:\/\/info.sadowne.pl\/index.php?rest_route=%2Fwp%2Fv2%2Ftags&post=20285"}],"curies":[{"name":"wp","href":"https:\/\/api.w.org\/{rel}","templated":true}]}}