{"id":20288,"date":"2019-04-15T16:34:57","date_gmt":"2019-04-15T14:34:57","guid":{"rendered":"http:\/\/info.sadowne.pl\/?p=20288"},"modified":"2019-04-15T16:34:57","modified_gmt":"2019-04-15T14:34:57","slug":"poranek-z-gok-iem","status":"publish","type":"post","link":"https:\/\/info.sadowne.pl\/?p=20288","title":{"rendered":"Poranek z GOK-iem"},"content":{"rendered":"<p><strong><a href=\"http:\/\/info.sadowne.pl\/wp-content\/uploads\/2019\/04\/2019.04.15.2.jpg\" target=\"_blank\" rel=\"noopener noreferrer\"><img loading=\"lazy\" decoding=\"async\" class=\"alignleft wp-image-20289 size-thumbnail\" src=\"http:\/\/info.sadowne.pl\/wp-content\/uploads\/2019\/04\/2019.04.15.2-180x130.jpg\" alt=\"\" width=\"180\" height=\"130\" \/><\/a>Poniedzia\u0142kowy poranek nie jest tak ospa\u0142y, na jaki wygl\u0105da. Od rana narasta ruch np. w sadowie\u0144skim Gminnym O\u015brodku Kultury.<\/strong><!--more--><\/p>\n<p>Egzaminy i akcje protestacyjne w szko\u0142ach to nadmiar czasu wolnego dla wi\u0119kszo\u015bci uczni\u00f3w. Tak te\u017c rozpocz\u0105\u0142 si\u0119 przed\u015bwi\u0105teczny tydzie\u0144 w wi\u0119kszo\u015bci polskich miasteczek i wsi. Nie \u0142\u0105czmy jednak tej sytuacji z nud\u0105 i brakiem zaj\u0119cia \u2013 w Sadownem na \u201epotencjalnych\u201d klient\u00f3w w r\u00f3\u017cnym wieku zawsze oczekuje Gminny O\u015brodek Kultury oraz funkcjonuj\u0105ca obok Gminna Biblioteka Publiczna.<\/p>\n<p>Od 15 kwietnia plac\u00f3wki te uruchomi\u0142y Kiermasz Wielkanocny z ozdobami \u015bwi\u0105tecznymi, kt\u00f3re zapewne zagoszcz\u0105 na niejednym stole wielkanocnym lub uzupe\u0142ni\u0105 wiele koszyczk\u00f3w ze \u015bwi\u0119conk\u0105. A Kiermasz mo\u017cna odwiedza\u0107 i zakupi\u0107 prezentowane \u201ecude\u0144ka\u201d do 18 kwietnia w godz. 8.00 \u2013 16.00. Zapraszamy!<\/p>\n<p><a href=\"http:\/\/info.sadowne.pl\/wp-content\/uploads\/2019\/04\/2019.04.15.3.jpg\" target=\"_blank\" rel=\"noopener noreferrer\"><img loading=\"lazy\" decoding=\"async\" class=\"alignright wp-image-20290 size-medium\" src=\"http:\/\/info.sadowne.pl\/wp-content\/uploads\/2019\/04\/2019.04.15.3-300x200.jpg\" alt=\"\" width=\"300\" height=\"200\" srcset=\"https:\/\/info.sadowne.pl\/wp-content\/uploads\/2019\/04\/2019.04.15.3-300x200.jpg 300w, https:\/\/info.sadowne.pl\/wp-content\/uploads\/2019\/04\/2019.04.15.3-768x512.jpg 768w, https:\/\/info.sadowne.pl\/wp-content\/uploads\/2019\/04\/2019.04.15.3.jpg 783w\" sizes=\"auto, (max-width: 300px) 100vw, 300px\" \/><\/a>Opr\u00f3cz Kiermaszu Biblioteka prze\u017cywa \u201enajazd\u201d czytelnik\u00f3w, a GOK w okresie przed\u015bwi\u0105tecznym nadal prowadzi zaplanowane zaj\u0119cia, cho\u0107by w Pracowni Garncarstwa. Ch\u0119tnie z jej oferty korzystaj\u0105 np. dzieci &#8211; w poniedzia\u0142kowe przedpo\u0142udnie prace z glin\u0105 kontynuowa\u0142y przedszkolaki z Sadownego i jak twierdzi\u0142y stanowczo: nie by\u0142a to ich ostatnia wizyta i praca pod okiem p. Basi. Jeszcze tu wr\u00f3c\u0105\u2026 No i dobrze!!!<\/p>\n<p><span style=\"color: #0000ff;\"><a style=\"color: #0000ff;\" href=\"https:\/\/photos.app.goo.gl\/bJTijNwLTQw3xGo39\" target=\"_blank\" rel=\"noopener noreferrer\"><strong>Zdj\u0119cia w galerii Google&gt;&gt;&gt;<\/strong><\/a><\/span><\/p>\n<p><strong>Tekst\/foto: <\/strong>S\u0142awek Chyli\u0144ski<\/p>\n","protected":false},"excerpt":{"rendered":"<p>Poniedzia\u0142kowy poranek nie jest tak ospa\u0142y, na jaki wygl\u0105da. Od rana narasta ruch np. w sadowie\u0144skim Gminnym O\u015brodku Kultury.<\/p>\n","protected":false},"author":1,"featured_media":0,"comment_status":"closed","ping_status":"closed","sticky":false,"template":"","format":"standard","meta":{"footnotes":""},"categories":[5,91,6],"tags":[169,2404],"class_list":["post-20288","post","type-post","status-publish","format-standard","hentry","category-newsy","category-gminny-osrodek-kultury","category-kultura-rozrywka-edukacja","tag-gminny-osrodek-kultury-w-sadownem","tag-pracownia-garncarstwa-gok-sadowne"],"views":2298,"_links":{"self":[{"href":"https:\/\/info.sadowne.pl\/index.php?rest_route=\/wp\/v2\/posts\/20288","targetHints":{"allow":["GET"]}}],"collection":[{"href":"https:\/\/info.sadowne.pl\/index.php?rest_route=\/wp\/v2\/posts"}],"about":[{"href":"https:\/\/info.sadowne.pl\/index.php?rest_route=\/wp\/v2\/types\/post"}],"author":[{"embeddable":true,"href":"https:\/\/info.sadowne.pl\/index.php?rest_route=\/wp\/v2\/users\/1"}],"replies":[{"embeddable":true,"href":"https:\/\/info.sadowne.pl\/index.php?rest_route=%2Fwp%2Fv2%2Fcomments&post=20288"}],"version-history":[{"count":1,"href":"https:\/\/info.sadowne.pl\/index.php?rest_route=\/wp\/v2\/posts\/20288\/revisions"}],"predecessor-version":[{"id":20291,"href":"https:\/\/info.sadowne.pl\/index.php?rest_route=\/wp\/v2\/posts\/20288\/revisions\/20291"}],"wp:attachment":[{"href":"https:\/\/info.sadowne.pl\/index.php?rest_route=%2Fwp%2Fv2%2Fmedia&parent=20288"}],"wp:term":[{"taxonomy":"category","embeddable":true,"href":"https:\/\/info.sadowne.pl\/index.php?rest_route=%2Fwp%2Fv2%2Fcategories&post=20288"},{"taxonomy":"post_tag","embeddable":true,"href":"https:\/\/info.sadowne.pl\/index.php?rest_route=%2Fwp%2Fv2%2Ftags&post=20288"}],"curies":[{"name":"wp","href":"https:\/\/api.w.org\/{rel}","templated":true}]}}