{"id":20298,"date":"2019-04-16T13:46:23","date_gmt":"2019-04-16T11:46:23","guid":{"rendered":"http:\/\/info.sadowne.pl\/?p=20298"},"modified":"2019-04-16T13:46:23","modified_gmt":"2019-04-16T11:46:23","slug":"lekcja-empatii-i-patriotyzmu","status":"publish","type":"post","link":"https:\/\/info.sadowne.pl\/?p=20298","title":{"rendered":"LEKCJA EMPATII I PATRIOTYZMU"},"content":{"rendered":"<p><strong><a href=\"http:\/\/info.sadowne.pl\/wp-content\/uploads\/2019\/04\/2019.04.16.1.jpg\" target=\"_blank\" rel=\"noopener noreferrer\"><img loading=\"lazy\" decoding=\"async\" class=\"alignleft wp-image-20299 size-thumbnail\" src=\"http:\/\/info.sadowne.pl\/wp-content\/uploads\/2019\/04\/2019.04.16.1-180x130.jpg\" alt=\"\" width=\"180\" height=\"130\" \/><\/a>Dzisiejsza informacja, kt\u00f3r\u0105 zamieszczam na naszej stronie jest informacj\u0105 napisan\u0105 przez koleg\u0119 z \u201eWolskich Patriot\u00f3w\u201d. <\/strong><!--more--><\/p>\n<p>Od siebie mog\u0119 doda\u0107 tylko to, \u017ce nasza Szko\u0142a i Przedszkole, zar\u00f3wno dzieci jak i pracownicy, wzi\u0119li udzia\u0142 w tej akcji.<\/p>\n<p><a href=\"http:\/\/info.sadowne.pl\/wp-content\/uploads\/2019\/04\/2019.04.16.2.jpg\" target=\"_blank\" rel=\"noopener noreferrer\"><img loading=\"lazy\" decoding=\"async\" class=\"alignright wp-image-20300 size-medium\" src=\"http:\/\/info.sadowne.pl\/wp-content\/uploads\/2019\/04\/2019.04.16.2-199x300.jpg\" alt=\"\" width=\"199\" height=\"300\" srcset=\"https:\/\/info.sadowne.pl\/wp-content\/uploads\/2019\/04\/2019.04.16.2-199x300.jpg 199w, https:\/\/info.sadowne.pl\/wp-content\/uploads\/2019\/04\/2019.04.16.2.jpg 513w\" sizes=\"auto, (max-width: 199px) 100vw, 199px\" \/><\/a>Zebrali\u015bmy bardzo du\u017co \u015brodk\u00f3w czysto\u015bci. Jestem naprawd\u0119 dumna z dzieciak\u00f3w. Ja pojecha\u0142am jako przedstawiciel szko\u0142y aby zorganizowa\u0107 warsztaty plastyczne dla uczni\u00f3w jednej z polskich szk\u00f3\u0142 na Litwie \u2013 szko\u0142y w Kiwiszkach. Drodzy Rodzice zbi\u00f3rka trwa nadal. Kolejny wyjazd z wyprawk\u0105 w sierpniu.<\/p>\n<p>Wiem, \u017ce macie ogromne, dobre serca. Pomagaj\u0105c Polakom na Litwie wykazujemy si\u0119 r\u00f3wnie\u017c postaw\u0105 patriotyczn\u0105. Pami\u0119tajmy, dobro zawsze powraca!\u00a0 Jeszcze raz dzi\u0119kuj\u0119 wszystkim zaanga\u017cowanym w t\u0105 akcj\u0119.<\/p>\n<p><strong>Agnieszka Narowska<\/strong><\/p>\n<p><strong>Wi\u0119cej na stronie <\/strong><span style=\"color: #0000ff;\"><strong><a style=\"color: #0000ff;\" href=\"http:\/\/zspgrabiny.pl\/szkola-podstawowa\/2019\/04\/12\/lekcja-empatii-i-patriotyzmu\/#more-2797\" target=\"_blank\" rel=\"noopener noreferrer\">http:\/\/zspgrabiny.pl\/szkola-podstawowa\/2019\/04\/12\/lekcja-empatii-i-patriotyzmu\/#more-2797<\/a><\/strong><\/span><\/p>\n<p><strong>\u0179r\u00f3d\u0142o:<\/strong> <a href=\"http:\/\/zspgrabiny.pl\/szkola-podstawowa\/\" target=\"_blank\" rel=\"noopener noreferrer\">http:\/\/zspgrabiny.pl\/szkola-podstawowa\/<\/a><\/p>\n","protected":false},"excerpt":{"rendered":"<p>Dzisiejsza informacja, kt\u00f3r\u0105 zamieszczam na naszej stronie jest informacj\u0105 napisan\u0105 przez koleg\u0119 z \u201eWolskich Patriot\u00f3w\u201d.<\/p>\n","protected":false},"author":1,"featured_media":0,"comment_status":"closed","ping_status":"closed","sticky":false,"template":"","format":"standard","meta":{"footnotes":""},"categories":[5,1752,1120],"tags":[1280,3064,2289],"class_list":["post-20298","post","type-post","status-publish","format-standard","hentry","category-newsy","category-edukacja","category-zespol-szkolno-przedszkolny-w-grabinach","tag-agnieszka-narowska","tag-pomoc-polakom-na-litwie","tag-zespol-szkolno-przedszkolny-w-grabinach"],"views":2878,"_links":{"self":[{"href":"https:\/\/info.sadowne.pl\/index.php?rest_route=\/wp\/v2\/posts\/20298","targetHints":{"allow":["GET"]}}],"collection":[{"href":"https:\/\/info.sadowne.pl\/index.php?rest_route=\/wp\/v2\/posts"}],"about":[{"href":"https:\/\/info.sadowne.pl\/index.php?rest_route=\/wp\/v2\/types\/post"}],"author":[{"embeddable":true,"href":"https:\/\/info.sadowne.pl\/index.php?rest_route=\/wp\/v2\/users\/1"}],"replies":[{"embeddable":true,"href":"https:\/\/info.sadowne.pl\/index.php?rest_route=%2Fwp%2Fv2%2Fcomments&post=20298"}],"version-history":[{"count":1,"href":"https:\/\/info.sadowne.pl\/index.php?rest_route=\/wp\/v2\/posts\/20298\/revisions"}],"predecessor-version":[{"id":20301,"href":"https:\/\/info.sadowne.pl\/index.php?rest_route=\/wp\/v2\/posts\/20298\/revisions\/20301"}],"wp:attachment":[{"href":"https:\/\/info.sadowne.pl\/index.php?rest_route=%2Fwp%2Fv2%2Fmedia&parent=20298"}],"wp:term":[{"taxonomy":"category","embeddable":true,"href":"https:\/\/info.sadowne.pl\/index.php?rest_route=%2Fwp%2Fv2%2Fcategories&post=20298"},{"taxonomy":"post_tag","embeddable":true,"href":"https:\/\/info.sadowne.pl\/index.php?rest_route=%2Fwp%2Fv2%2Ftags&post=20298"}],"curies":[{"name":"wp","href":"https:\/\/api.w.org\/{rel}","templated":true}]}}