{"id":20315,"date":"2019-04-18T14:09:11","date_gmt":"2019-04-18T12:09:11","guid":{"rendered":"http:\/\/info.sadowne.pl\/?p=20315"},"modified":"2019-04-18T14:09:11","modified_gmt":"2019-04-18T12:09:11","slug":"deja-vu-siatkarzy-wichra","status":"publish","type":"post","link":"https:\/\/info.sadowne.pl\/?p=20315","title":{"rendered":"D\u00e9j\u00e0 vu siatkarzy \u201eWichra\u201d"},"content":{"rendered":"<p><strong><img loading=\"lazy\" decoding=\"async\" class=\"alignleft size-thumbnail wp-image-19320\" src=\"http:\/\/info.sadowne.pl\/wp-content\/uploads\/2018\/10\/wichersadowne1-180x130.jpg\" alt=\"\" width=\"180\" height=\"130\" \/>W ostatni\u0105 niedziel\u0119 rozgrywki zako\u0144czy\u0142a BS Liga Siatkarzy Amator\u00f3w w Ostrowi Maz. A Nasi z \u201eWichra\u201d \u2013 jak przed rokiem &#8211; tu\u017c za podium. <\/strong><!--more--><\/p>\n<p>Jeszcze cztery kolejki przed ko\u0144cem rozgrywek wydawa\u0142o si\u0119, \u017ce trzecie m-ce w tych rozgrywkach nie jest zagro\u017cone. Ale przysz\u0142y pora\u017cki kolejno z Forte, Rubinkiem i Absolwentami oraz z Qflami i ju\u017c nie pomog\u0142a wygrana z Brokiem, bo wcze\u015bniej Qfle g\u0142adko pokona\u0142y Zaciszn\u0105.<\/p>\n<p>Tabel\u0119 ko\u0144cow\u0105 BSLSA sezonu 2018\/2019 publikujemy ze strony organizatora Ligi: MOSiR Ostr\u00f3w Maz. i wskazujemy link, pod kt\u00f3rym mo\u017cemy prze\u015bledzi\u0107 histori\u0119 rozgrywek <span style=\"color: #0000ff;\"><strong><a style=\"color: #0000ff;\" href=\"http:\/\/www.mosir.ostrowmaz.pl\/nasze-ligi\/bslsa-siatkowka\" target=\"_blank\" rel=\"noopener noreferrer\">http:\/\/www.mosir.ostrowmaz.pl\/nasze-ligi\/bslsa-siatkowka<\/a><\/strong><\/span>. Wszystkich kibic\u00f3w siatk\u00f3wki zapraszamy na Wielki Turniej Zako\u0144czenia Sezonu, kt\u00f3ry w hali MOSiR Ostr\u00f3w Maz. zostanie rozegrany w ostatni\u0105 niedziel\u0119 kwietnia.<\/p>\n<p><img loading=\"lazy\" decoding=\"async\" class=\"aligncenter size-full wp-image-20316\" src=\"http:\/\/info.sadowne.pl\/wp-content\/uploads\/2019\/04\/2019.04.18.1.jpg\" alt=\"\" width=\"605\" height=\"268\" srcset=\"https:\/\/info.sadowne.pl\/wp-content\/uploads\/2019\/04\/2019.04.18.1.jpg 605w, https:\/\/info.sadowne.pl\/wp-content\/uploads\/2019\/04\/2019.04.18.1-300x133.jpg 300w\" sizes=\"auto, (max-width: 605px) 100vw, 605px\" \/><\/p>\n<p><strong>Tekst:<\/strong> RW<\/p>\n","protected":false},"excerpt":{"rendered":"<p>W ostatni\u0105 niedziel\u0119 rozgrywki zako\u0144czy\u0142a BS Liga Siatkarzy Amator\u00f3w w Ostrowi Maz. A Nasi z \u201eWichra\u201d \u2013 jak przed rokiem &#8211; tu\u017c za podium.<\/p>\n","protected":false},"author":1,"featured_media":0,"comment_status":"closed","ping_status":"closed","sticky":false,"template":"","format":"standard","meta":{"footnotes":""},"categories":[5,2137,7],"tags":[33,1581,488,489],"class_list":["post-20315","post","type-post","status-publish","format-standard","hentry","category-newsy","category-pilka-siatkowa","category-sport","tag-wicher-sadowne","tag-amatorska-liga-siatkowki","tag-mosir-ostrow-mazowiecka","tag-sadownerafalki"],"views":2447,"_links":{"self":[{"href":"https:\/\/info.sadowne.pl\/index.php?rest_route=\/wp\/v2\/posts\/20315","targetHints":{"allow":["GET"]}}],"collection":[{"href":"https:\/\/info.sadowne.pl\/index.php?rest_route=\/wp\/v2\/posts"}],"about":[{"href":"https:\/\/info.sadowne.pl\/index.php?rest_route=\/wp\/v2\/types\/post"}],"author":[{"embeddable":true,"href":"https:\/\/info.sadowne.pl\/index.php?rest_route=\/wp\/v2\/users\/1"}],"replies":[{"embeddable":true,"href":"https:\/\/info.sadowne.pl\/index.php?rest_route=%2Fwp%2Fv2%2Fcomments&post=20315"}],"version-history":[{"count":1,"href":"https:\/\/info.sadowne.pl\/index.php?rest_route=\/wp\/v2\/posts\/20315\/revisions"}],"predecessor-version":[{"id":20317,"href":"https:\/\/info.sadowne.pl\/index.php?rest_route=\/wp\/v2\/posts\/20315\/revisions\/20317"}],"wp:attachment":[{"href":"https:\/\/info.sadowne.pl\/index.php?rest_route=%2Fwp%2Fv2%2Fmedia&parent=20315"}],"wp:term":[{"taxonomy":"category","embeddable":true,"href":"https:\/\/info.sadowne.pl\/index.php?rest_route=%2Fwp%2Fv2%2Fcategories&post=20315"},{"taxonomy":"post_tag","embeddable":true,"href":"https:\/\/info.sadowne.pl\/index.php?rest_route=%2Fwp%2Fv2%2Ftags&post=20315"}],"curies":[{"name":"wp","href":"https:\/\/api.w.org\/{rel}","templated":true}]}}