{"id":20343,"date":"2019-04-29T14:54:01","date_gmt":"2019-04-29T12:54:01","guid":{"rendered":"http:\/\/info.sadowne.pl\/?p=20343"},"modified":"2019-04-29T14:54:01","modified_gmt":"2019-04-29T12:54:01","slug":"rowerowa-wycieczka-za-miedze-czyt-za-bug","status":"publish","type":"post","link":"https:\/\/info.sadowne.pl\/?p=20343","title":{"rendered":"Rowerowa wycieczka za miedz\u0119 (czyt. za Bug)"},"content":{"rendered":"<p><strong><img loading=\"lazy\" decoding=\"async\" class=\"alignleft size-thumbnail wp-image-20344\" src=\"http:\/\/info.sadowne.pl\/wp-content\/uploads\/2019\/04\/2019.04.28.1-180x130.jpg\" alt=\"\" width=\"180\" height=\"130\" \/>Ostatnia niedziela kwietnia przynios\u0142a obni\u017cenie temperatury, pochmurn\u0105 aur\u0119 i si\u0105pi\u0105cy rankiem deszczyk. <\/strong><!--more--><\/p>\n<p><strong>Z pewno\u015bci\u0105 te okoliczno\u015bci sprawi\u0142y, \u017ce na zaproszenie sadowie\u0144skiego GOK-u na rowerkow\u0105 wycieczk\u0119 w nieznane odpowiedzia\u0142o niewielu cyklist\u00f3w. <\/strong><\/p>\n<p>Na starcie okaza\u0142o si\u0119, \u017ce dzi\u015b ruszamy za Bug: do Puszczy Bia\u0142ej, Broku, Por\u0119by, Udrzyna i Bojan. Spore wyzwanie, bo i kilometr\u00f3w wiele i trasa nie do ko\u0144ca (jak si\u0119 p\u00f3\u017aniej okaza\u0142o) znana i sprzyjaj\u0105ca je\u017adzie rowerem. Za to liczyli\u015bmy na to, \u017ce przed maj\u00f3wk\u0105 i wakacjami oraz w tak ma\u0142o atrakcyjnych warunkach pogodowych nasza wyprawa b\u0119dzie mia\u0142a spokojny przebieg i rzeczywi\u015bcie tak (z niewielkimi wyj\u0105tkami) by\u0142o.<\/p>\n<p>Spod GOK-u ruszyli\u015bmy tak, by do Broku dojecha\u0107 spokojnie. St\u0105d krajow\u0105 50. ostro\u017cnie przeci\u0119li\u015bmy i \u201ez g\u00f3rki\u201d pokr\u0119cili\u015bmy w stron\u0119 Wilczog\u0105b. Na \u201erozsto\u0144kach\u201d w Sojk\u00f3wku skr\u0119cili\u015bmy w prawo, w kolejn\u0105 \u201eprostk\u0119\u201d przez rzadkie zabudowania P\u0142atkownicy, tam za Borkiem zn\u00f3w w prawo, a przy starym m\u0142ynie kr\u00f3tko odpocz\u0119li\u015bmy, by potem szybko, cho\u0107 ostro\u017cnie, przemkn\u0105\u0107 w lewo krajow\u0105 50. ponad 2 km do \u015bwiate\u0142 na brokowskich krzy\u017c\u00f3wkach. Jeszcze przed mostem na Bugu mogli\u015bmy podziwia\u0107 wspania\u0142\u0105 panoram\u0119 wiosennych \u0142\u0105k i Broku wzniesionego za Bugiem.<\/p>\n<p>A droga do Por\u0119by wiod\u0142a nas przez niemal 10 km prosto przez wynios\u0142e sosny w Puszczy Bia\u0142ej. Tylko du\u017cy ruch aut mkn\u0105cych w obie strony przeszkadza\u0142 w podziwianiu niemal r\u00f3wninnego lasu. Kr\u00f3tki odpoczynek zrobili\u015bmy w miejscu przy szosie, gdzie postawiono dwa kamienne obeliski: jeden upami\u0119tniaj\u0105cy \u017co\u0142nierzy poleg\u0142ych w czasie I wojny \u015bwiatowej, a drugi po\u015bwi\u0119cony pami\u0119ci 4. le\u015bnik\u00f3w zamordowanych w Katyniu. W 2010 r. posadzono tu te\u017c 4 d\u0119by upami\u0119tniaj\u0105ce ka\u017cdego z nich.<\/p>\n<p>Za lasem wyra\u017ane obni\u017cenie terenu nad rzeczk\u0105 Tuche\u0142k\u0105 i pi\u0119kna, wynios\u0142a kapliczka z 1915 r. z czerwonej ceg\u0142y w Zastr\u00f3\u017cu. Dalsz\u0105 jazd\u0119 do por\u0119bskiego ko\u015bcio\u0142a p.w. \u015bw. Barbary u\u0142atwia\u0142 nam szeroki chodnik biegn\u0105cy z prawej strony jezdni.<\/p>\n<p>Przy ko\u015bciele kolejny odpoczynek, tym razem d\u0142u\u017cszy, bo i \u015bwi\u0105tynia wspania\u0142a, i mural z mjr. \u201eHubalem\u201d z \u017co\u0142nierzami pi\u0119kny, i tablice informacyjne warte zapoznania, i niedoko\u0144czone jeszcze stacje drogi krzy\u017cowej za ko\u015bcio\u0142em warte przej\u015bcia.<\/p>\n<p>A spod ko\u015bcio\u0142a droga w lewo powiod\u0142a nas do Udrzyna. Po drodze jeszcze rzadkie zabudowania rozci\u0105gni\u0119tej przy lesie Dudowizny i zn\u00f3w puszcz\u0105 dojechali\u015bmy na krzy\u017c\u00f3wki w Udrzynie. Tu musieli\u015bmy zej\u015b\u0107 z rower\u00f3w, uzupe\u0142ni\u0107 \u201ecukry i p\u0142yny\u201d, przy kamieniu upami\u0119tniaj\u0105cym 800-lecie wsi (1203-2003) skr\u0119ci\u0107 w prawo na nadbu\u017cn\u0105 skarp\u0119 i przej\u015b\u0107 ok. 100 m, by z najwy\u017cszej w okolicy skarpy (6-7 m nad poziom rzeki) podziwia\u0107 panoram\u0119 zakola Bugu i rozci\u0105gni\u0119tych po drugiej stronie \u0142\u0105k ra\u017cnie\u0144skich.<\/p>\n<p>Z Udrzyna ruszyli\u015bmy do Bojan. Najpierw zn\u00f3w troch\u0119 szerokim chodnikiem przygl\u0105daj\u0105c si\u0119 zadbanym wiejskim, g\u0142ownie drewnianym domom, w kt\u00f3rych teraz spokojem i sielsko\u015bci\u0105 rozkoszuj\u0105 si\u0119 g\u0142\u00f3wnie Warszawiacy ( w kt\u00f3rym\u015b pomieszkiwa\u0142 \u015bp. prof. Religa), a potem szerok\u0105 \u017cwir\u00f3wk\u0105. Po kilkuset metrach co\u015b zak\u0142\u00f3ci\u0142o poczucie miejsca i przestrzeni, zbyt wcze\u015bnie skr\u0119cili\u015bmy w le\u015bn\u0105, piaszczyst\u0105 drog\u0119 w prawo, kt\u00f3ra po kilkuset metrach ko\u0144czy\u0142a si\u0119 na po\u0142o\u017conej w \u015brodku lasu prywatnej posesji. Musieli\u015bmy wr\u00f3ci\u0107 do szerokiego traktu i skr\u0119ci\u0107 z niego dalej wzd\u0142u\u017c linii energetycznej. Nie przypuszczali\u015bmy, \u017ce Udrzyn z Bojanami \u0142\u0105czy droga g\u0142\u00f3wnie piaszczysta, kt\u00f3r\u0105 rowerami ci\u0119\u017cko przejecha\u0107. Ale Udrzyn le\u017cy w gminie Bra\u0144szczyk i powiecie wyszkowskim, a Bojany to ju\u017c gmina Brok i powiat ostrowski. Jako\u015b samorz\u0105dy nie mog\u0105 porozumie\u0107 si\u0119 i zaledwie 3-4 km drogi wsp\u00f3lnie ku korzy\u015bci nie tylko mieszka\u0144c\u00f3w tych s\u0105siedzkich wsi zrobi\u0107.<\/p>\n<p>Za to rozci\u0105gni\u0119te w Bojanach wzd\u0142u\u017c Bugu posesje s\u0105 po\u0142o\u017cone ju\u017c przy asfaltowej szosie. Tu ponownie zachwyca spok\u00f3j, cisza przerywana jedynie wiosennym \u015bwiergotem ptactwa, stara, wiejska, drewniana zabudowa, blisko\u015b\u0107 wielkiego lasu z lewej i nadbu\u017ca\u0144skich \u0142\u0119g\u00f3w z prawej. Pod koniec wsi obelisk upami\u0119tniaj\u0105cy tragiczn\u0105 histori\u0119 z 2 wrze\u015bnia 1944 r. Po bitwie pod niedalek\u0105 Pecynk\u0105 hitlerowcy w Lipniaku Majoracie z zemsty rozstrzelali 450 zamieszkuj\u0105cych w okolicy Polak\u00f3w, w\u015br\u00f3d nich niemal 45 mieszka\u0144c\u00f3w Bojan. Zgin\u0105\u0142 w\u00f3wczas co czwarty mieszkaniec tej wsi.<\/p>\n<p>My szybko pomkn\u0119li\u015bmy \u015br\u00f3dle\u015bnym asfaltem dalej, by przed skr\u0119tem w prawo, w Brzostow\u0105, na chwilk\u0119 zatrzyma\u0107 si\u0119 przy kapliczce \u015bw. Magdaleny. Stoi ona w miejscu, gdzie na pocz\u0105tku XIX wieku zamieszkiwa\u0142 pustelnik, a mapa ju\u017c z 1839 r. informacj\u0119 o kapliczce zawiera. Legenda m\u00f3wi te\u017c, \u017ce w 1812 r. w pobli\u017cu saperzy francuscy przez puszcz\u0119 wytyczali drog\u0119 z Broku do Udrzyna, kt\u00f3r\u0105 niekt\u00f3rzy i dzi\u015b okre\u015blaj\u0105 \u201enapoleo\u0144skim traktem\u201d.<\/p>\n<p>Brzostowa to obecnie jedna z ulic Broku, a jeszcze niedawno spora wie\u015b ci\u0105gn\u0105ca si\u0119 przy lesie na nadbu\u017ca\u0144skiej skarpie. Ni\u0105, spokojnie mijaj\u0105c domostwa i o\u015brodki wypoczynkowe, dojechali\u015bmy do D.W. \u201eNadrzecze\u201d, za nim skr\u0119ciwszy w lewo \u201ezamkn\u0119li\u015bmy ko\u0142o\u201d doje\u017cd\u017caj\u0105c do znanej ju\u017c szosy z Broku do Por\u0119by. Jeszcze \u015bwiat\u0142a i skr\u0119t w prawo, w 50., szybki przejazd przez most i wr\u00f3cili\u015bmy do nas (czyli przed Bug). Przyspieszyli\u015bmy, by szybko przejecha\u0107 niebezpieczny odcinek drogi krajowej o du\u017cym nat\u0119\u017ceniu ruchu. Zn\u00f3w jak\u017ce inne krajobrazy z przestrzeniami nadbu\u017cnych \u0142\u0105k nam si\u0119 zaprezentowa\u0142y. A w P\u0142atkownicy, na krzy\u017c\u00f3wkach, ostro\u017cnie skr\u0119cili\u015bmy w lewo, na Morzyczyn. Jeszcze w P\u0142atkownicy zjechali\u015bmy w prawo, by przejecha\u0107 pod \u201ewitaczami Agroli\u201d, potem pokonali\u015bmy kr\u00f3tki odcinek \u017cwir\u00f3wki, by w Sadolesiu skr\u0119ci\u0107 w lewo ku z dala widocznym wie\u017com sadowie\u0144skiego ko\u015bcio\u0142a.<\/p>\n<p>A w Sadownem tym razem wycieczk\u0119 sko\u0144czyli\u015bmy w \u201eMarice\u201d, gdzie szybko wzmocnili\u015bmy si\u0142y smakowitym posi\u0142kiem.<\/p>\n<p>Okaza\u0142o si\u0119, \u017ce przez prawie 4 godziny pokonali\u015bmy 43 km. Nie spad\u0142a kropla deszczu, nie wia\u0142 silny wiatr, nie dokucza\u0142y (jeszcze) owady, za to wra\u017ce\u0144 zosta\u0142o co niemiara. Ciekawie i pi\u0119knie jest tak\u017ce \u201eza Bugiem\u201d, a kto dzi\u015b z nami o tym si\u0119 nie przekona\u0142, to niech \u017ca\u0142uje.<\/p>\n<p><span style=\"color: #0000ff;\"><a style=\"color: #0000ff;\" href=\"https:\/\/photos.app.goo.gl\/yGqC3Dn6JA4SWPcX8\" target=\"_blank\" rel=\"noopener noreferrer\"><strong>Zdj\u0119cia w galerii Google&gt;&gt;&gt;<\/strong><\/a><\/span><\/p>\n<p><strong>Tekst:<\/strong> RW<\/p>\n<p><strong>Foto:<\/strong> EP\/RW<\/p>\n","protected":false},"excerpt":{"rendered":"<p>Ostatnia niedziela kwietnia przynios\u0142a obni\u017cenie temperatury, pochmurn\u0105 aur\u0119 i si\u0105pi\u0105cy rankiem deszczyk.<\/p>\n","protected":false},"author":1,"featured_media":0,"comment_status":"closed","ping_status":"closed","sticky":false,"template":"","format":"standard","meta":{"footnotes":""},"categories":[5,91,6],"tags":[169,2505,709],"class_list":["post-20343","post","type-post","status-publish","format-standard","hentry","category-newsy","category-gminny-osrodek-kultury","category-kultura-rozrywka-edukacja","tag-gminny-osrodek-kultury-w-sadownem","tag-rekreacja-rowerowa","tag-wycieczka-rowerowa"],"views":2597,"_links":{"self":[{"href":"https:\/\/info.sadowne.pl\/index.php?rest_route=\/wp\/v2\/posts\/20343","targetHints":{"allow":["GET"]}}],"collection":[{"href":"https:\/\/info.sadowne.pl\/index.php?rest_route=\/wp\/v2\/posts"}],"about":[{"href":"https:\/\/info.sadowne.pl\/index.php?rest_route=\/wp\/v2\/types\/post"}],"author":[{"embeddable":true,"href":"https:\/\/info.sadowne.pl\/index.php?rest_route=\/wp\/v2\/users\/1"}],"replies":[{"embeddable":true,"href":"https:\/\/info.sadowne.pl\/index.php?rest_route=%2Fwp%2Fv2%2Fcomments&post=20343"}],"version-history":[{"count":1,"href":"https:\/\/info.sadowne.pl\/index.php?rest_route=\/wp\/v2\/posts\/20343\/revisions"}],"predecessor-version":[{"id":20345,"href":"https:\/\/info.sadowne.pl\/index.php?rest_route=\/wp\/v2\/posts\/20343\/revisions\/20345"}],"wp:attachment":[{"href":"https:\/\/info.sadowne.pl\/index.php?rest_route=%2Fwp%2Fv2%2Fmedia&parent=20343"}],"wp:term":[{"taxonomy":"category","embeddable":true,"href":"https:\/\/info.sadowne.pl\/index.php?rest_route=%2Fwp%2Fv2%2Fcategories&post=20343"},{"taxonomy":"post_tag","embeddable":true,"href":"https:\/\/info.sadowne.pl\/index.php?rest_route=%2Fwp%2Fv2%2Ftags&post=20343"}],"curies":[{"name":"wp","href":"https:\/\/api.w.org\/{rel}","templated":true}]}}