{"id":20363,"date":"2019-05-03T17:25:01","date_gmt":"2019-05-03T15:25:01","guid":{"rendered":"http:\/\/info.sadowne.pl\/?p=20363"},"modified":"2019-05-03T17:25:01","modified_gmt":"2019-05-03T15:25:01","slug":"dwie-okazje-do-swietowania","status":"publish","type":"post","link":"https:\/\/info.sadowne.pl\/?p=20363","title":{"rendered":"Dwie okazje do \u015bwi\u0119towania"},"content":{"rendered":"<p><strong><a href=\"http:\/\/info.sadowne.pl\/wp-content\/uploads\/2019\/05\/2019.05.03.1.jpg\" target=\"_blank\" rel=\"noopener noreferrer\"><img loading=\"lazy\" decoding=\"async\" class=\"alignleft wp-image-20364 size-thumbnail\" src=\"http:\/\/info.sadowne.pl\/wp-content\/uploads\/2019\/05\/2019.05.03.1-180x130.jpg\" alt=\"\" width=\"180\" height=\"130\" \/><\/a>3 maja w Sadownem obchodzili\u015bmy 228. rocznic\u0119 uchwalenia Konstytucji 3 maja po\u0142\u0105czon\u0105 z obchodami Gminnego Dnia Stra\u017caka.<\/strong><!--more--><\/p>\n<p>Uroczysto\u015bci rozpocz\u0119\u0142a Msza \u015awi\u0119ta w intencji Ojczyzny i wszystkich stra\u017cak\u00f3w Ochotniczych Stra\u017cy Po\u017carnych, a po niej nast\u0105pi\u0142 przemarsz z ko\u015bcio\u0142a pod Kamie\u0144 Pami\u0119ci Mieszka\u0144c\u00f3w Sadownego, od\u015bpiewanie hymnu pa\u0144stwowego, wci\u0105gni\u0119cie flagi na maszt i z\u0142o\u017cenie kwiat\u00f3w.<\/p>\n<p>Przypominaj\u0105c, i\u017c uchwalona w 1791 r. konstytucja by\u0142a pierwszym w Europie i drugim na \u015bwiecie tego rodzaju nowoczesnym, spisanym dokumentem, do obecnych na uroczysto\u015bci mieszka\u0144c\u00f3w zwr\u00f3cili si\u0119 w kilku s\u0142owach: W\u00f3jt Gminy Sadowne p. Waldemar Cyran oraz p. El\u017cbieta Lanc \u2013 Cz\u0142onek Zarz\u0105du Wojew\u00f3dztwa Mazowieckiego.<br \/>\nDalsze obchody uroczysto\u015bci przenios\u0142y si\u0119 na plac przy Urz\u0119dzie Gminy, gdzie zgromadzi\u0142y si\u0119 wszystkie jednostki OSP z terenu Gminy Sadowne. Na tle samochod\u00f3w stra\u017cackich stan\u0119\u0142y poczty sztandarowe oraz druhowie ochotnicy, w tym tak\u017ce M\u0142odzie\u017cowe Dru\u017cyny Po\u017carnicze.<\/p>\n<p>Tu druhny i druhowie z o\u015bmiu jednostek Ochotniczych Stra\u017cy Po\u017carnych, tj.: OSP Sadowne, OSP Zalesie, OSP Morzyczyn W\u0142\u00f3ki, OSP Morzyczyn W\u0142o\u015bcia\u0144ski, OSP Sok\u00f3\u0142ka, OSP Szynkarzyzna, OSP Wilczog\u0119by, OSP Zieleniec, us\u0142yszeli i otrzymali symboliczne podzi\u0119kowania za swoj\u0105 niez\u0142omn\u0105 s\u0142u\u017cb\u0119. By\u0142a to te\u017c okazja do przekazania jednostkom OSP sprz\u0119tu ratowniczo-ga\u015bniczego, kt\u00f3ry zosta\u0142 ufundowany przez Urz\u0105d Marsza\u0142kowski Wojew\u00f3dztwa Mazowieckiego.<\/p>\n<p><span style=\"color: #0000ff;\"><a style=\"color: #0000ff;\" href=\"https:\/\/photos.app.goo.gl\/avJi2E6Gs9RushCy8\" target=\"_blank\" rel=\"noopener noreferrer\"><strong>Zdj\u0119cia w galerii Google&gt;&gt;&gt;<\/strong><\/a><\/span><\/p>\n<p><strong>Tekst\/foto:<\/strong> S\u0142awek Chyli\u0144ski<\/p>\n","protected":false},"excerpt":{"rendered":"<p>3 maja w Sadownem obchodzili\u015bmy 228. rocznic\u0119 uchwalenia Konstytucji 3 maja po\u0142\u0105czon\u0105 z obchodami Gminnego Dnia Stra\u017caka.<\/p>\n","protected":false},"author":1,"featured_media":0,"comment_status":"closed","ping_status":"closed","sticky":false,"template":"","format":"standard","meta":{"footnotes":""},"categories":[5,41],"tags":[3076,1327],"class_list":["post-20363","post","type-post","status-publish","format-standard","hentry","category-newsy","category-wiesci-gminne","tag-228-rocznica-uchwalenia-konstytucji-3-maja","tag-dzien-strazaka-w-sadownem"],"views":3202,"_links":{"self":[{"href":"https:\/\/info.sadowne.pl\/index.php?rest_route=\/wp\/v2\/posts\/20363","targetHints":{"allow":["GET"]}}],"collection":[{"href":"https:\/\/info.sadowne.pl\/index.php?rest_route=\/wp\/v2\/posts"}],"about":[{"href":"https:\/\/info.sadowne.pl\/index.php?rest_route=\/wp\/v2\/types\/post"}],"author":[{"embeddable":true,"href":"https:\/\/info.sadowne.pl\/index.php?rest_route=\/wp\/v2\/users\/1"}],"replies":[{"embeddable":true,"href":"https:\/\/info.sadowne.pl\/index.php?rest_route=%2Fwp%2Fv2%2Fcomments&post=20363"}],"version-history":[{"count":1,"href":"https:\/\/info.sadowne.pl\/index.php?rest_route=\/wp\/v2\/posts\/20363\/revisions"}],"predecessor-version":[{"id":20365,"href":"https:\/\/info.sadowne.pl\/index.php?rest_route=\/wp\/v2\/posts\/20363\/revisions\/20365"}],"wp:attachment":[{"href":"https:\/\/info.sadowne.pl\/index.php?rest_route=%2Fwp%2Fv2%2Fmedia&parent=20363"}],"wp:term":[{"taxonomy":"category","embeddable":true,"href":"https:\/\/info.sadowne.pl\/index.php?rest_route=%2Fwp%2Fv2%2Fcategories&post=20363"},{"taxonomy":"post_tag","embeddable":true,"href":"https:\/\/info.sadowne.pl\/index.php?rest_route=%2Fwp%2Fv2%2Ftags&post=20363"}],"curies":[{"name":"wp","href":"https:\/\/api.w.org\/{rel}","templated":true}]}}