{"id":20371,"date":"2019-05-07T11:40:31","date_gmt":"2019-05-07T09:40:31","guid":{"rendered":"http:\/\/info.sadowne.pl\/?p=20371"},"modified":"2019-05-07T11:40:31","modified_gmt":"2019-05-07T09:40:31","slug":"sportowe-sukcesy","status":"publish","type":"post","link":"https:\/\/info.sadowne.pl\/?p=20371","title":{"rendered":"Sportowe sukcesy"},"content":{"rendered":"<p><strong><a href=\"http:\/\/info.sadowne.pl\/wp-content\/uploads\/2019\/05\/2019.05.07.1.jpg\" target=\"_blank\" rel=\"noopener noreferrer\"><img loading=\"lazy\" decoding=\"async\" class=\"alignleft wp-image-20372 size-thumbnail\" src=\"http:\/\/info.sadowne.pl\/wp-content\/uploads\/2019\/05\/2019.05.07.1-180x130.jpg\" alt=\"\" width=\"180\" height=\"130\" \/><\/a>Ostatnie tygodnie obfitowa\u0142y bardzo udanymi startami w wielu dyscyplinach sportowc\u00f3w z Sadownego i okolic. <\/strong><!--more--><\/p>\n<p>30 marca reprezentuj\u0105cy Brokowski Klub Karate Kyokushinkai Kacper Miler zdoby\u0142 z\u0142oty medal podczas rozegranego w Piasecznie VIII Og\u00f3lnopolskiego Turnieju Mazovia Cup. W zawodach startowa\u0142a te\u017c Zosia Sobotka (wi\u0119cej na: <span style=\"color: #0000ff;\"><strong><a style=\"color: #0000ff;\" href=\"http:\/\/www.ostrowmaz.com\/aktualnosci\/24370\" target=\"_blank\" rel=\"noopener noreferrer\">http:\/\/www.ostrowmaz.com\/aktualnosci\/24370<\/a><\/strong><\/span>).<\/p>\n<p>6 kwietnia w W\u0119growie piechurzy z \u201eWichra\u201d wzi\u0119li udzia\u0142 w charytatywnym marszu Nordic Walking (<span style=\"color: #0000ff;\"><strong><a style=\"color: #0000ff;\" href=\"https:\/\/gwio.pl\/pl\/11_wiadomosci\/273_prawie_30_tys_z_otych_dla_stasia_akcja_charytatywna_z_sukcesem.html\" target=\"_blank\" rel=\"noopener noreferrer\">https:\/\/gwio.pl\/pl\/11_wiadomosci\/273_prawie_30_tys_z_otych_dla_stasia_akcja_charytatywna_z_sukcesem.html<\/a><\/strong><\/span>), a 2 maja w \u0141ochowie w 1. Biegu Flagi. W biegu tym wystartowali r\u00f3wnie\u017c pi\u0142karze \u201eWichra\u201d, a b. dobre 7. m-ce wywalczy\u0142 Przemek Dzieci\u0105tko (<span style=\"color: #0000ff;\"><strong><a style=\"color: #0000ff;\" href=\"http:\/\/maratonczykpomiarczasu.pl\/sites\/default\/files\/Bieg%20Flagi%205km.pdf\" target=\"_blank\" rel=\"noopener noreferrer\">http:\/\/maratonczykpomiarczasu.pl\/sites\/default\/files\/Bieg%20Flagi%205km.pdf<\/a><\/strong><\/span><\/p>\n<p>).<\/p>\n<p><a href=\"http:\/\/info.sadowne.pl\/wp-content\/uploads\/2019\/05\/2019.05.07.2.jpg\" target=\"_blank\" rel=\"noopener noreferrer\"><img loading=\"lazy\" decoding=\"async\" class=\"alignright wp-image-20373 size-medium\" src=\"http:\/\/info.sadowne.pl\/wp-content\/uploads\/2019\/05\/2019.05.07.2-300x169.jpg\" alt=\"\" width=\"300\" height=\"169\" srcset=\"https:\/\/info.sadowne.pl\/wp-content\/uploads\/2019\/05\/2019.05.07.2-300x169.jpg 300w, https:\/\/info.sadowne.pl\/wp-content\/uploads\/2019\/05\/2019.05.07.2-768x432.jpg 768w, https:\/\/info.sadowne.pl\/wp-content\/uploads\/2019\/05\/2019.05.07.2.jpg 800w\" sizes=\"auto, (max-width: 300px) 100vw, 300px\" \/><\/a>28 kwietnia siatkarze \u201eWichra\u201d zaj\u0119li 3. m-ce w \u201eWielkim Turnieju Zako\u0144czenia Sezonu\u201d organizowanym przez ostrowski MOSiR, a Tomek \u201eCyna\u201d Jaworski wybrany zosta\u0142 do dru\u017cyny \u201eSz\u00f3stki Marze\u0144\u201d (wi\u0119cej: <span style=\"color: #0000ff;\"><strong><a style=\"color: #0000ff;\" href=\"http:\/\/www.mosir.ostrowmaz.pl\/n,wielki-turniej-zakonczyl-sezon\" target=\"_blank\" rel=\"noopener noreferrer\">http:\/\/www.mosir.ostrowmaz.pl\/n,wielki-turniej-zakonczyl-sezon<\/a><\/strong><\/span>).<\/p>\n<p>3 maja Ania Szyszka (Prefbet \u015aniadowo-\u0141om\u017ca) zaj\u0119\u0142a 2. m-ce w\u015br\u00f3d Pa\u0144 i 1. w kat. K-20 w biegu na 5 km podczas 29. Biegu Konstytucji w Warszawie (wi\u0119cej: <span style=\"color: #0000ff;\"><strong><a style=\"color: #0000ff;\" href=\"https:\/\/wyniki.datasport.pl\/results2774\/\" target=\"_blank\" rel=\"noopener noreferrer\">https:\/\/wyniki.datasport.pl\/results2774\/<\/a><\/strong><\/span>).<\/p>\n<p>A pi\u0142karze (seniorzy) \u201eWichra\u201d w siedleckiej \u201eA\u201d klasie 4 kolejne mecze wygrali, a ten ostatni (5 maja) zremisowali; bardzo dobrze radz\u0105 te\u017c sobie w rozgrywkach dru\u017cyny m\u0142odsze (<span style=\"color: #0000ff;\"><strong><a style=\"color: #0000ff;\" href=\"https:\/\/www.facebook.com\/Wicher-Sadowne-192893437482139\/?ref=py_c\" target=\"_blank\" rel=\"noopener noreferrer\">https:\/\/www.facebook.com\/Wicher-Sadowne-192893437482139\/?ref=py_c<\/a><\/strong><\/span>).<\/p>\n<p>I to nie wszystko ze sportowych aren. Bardziej dociekliwych zach\u0119camy do po\u015bwi\u0119cenia nieco czasu, by samodzielnie odnale\u017a\u0107 w \u201enecie\u201d starty i wyniki \u201enaszych\u201d, a gwarantujemy, \u017ce marzec, kwiecie\u0144 i pocz\u0105tek maja by\u0142 szczeg\u00f3lnie w biegach \u201esportowo owocny\u201d.<\/p>\n<p><strong>Tekst:<\/strong> RW<\/p>\n<p><strong>Foto:<\/strong> BKKK\/MOSiR Ostr\u00f3w Mazowiecka<\/p>\n","protected":false},"excerpt":{"rendered":"<p>Ostatnie tygodnie obfitowa\u0142y bardzo udanymi startami w wielu dyscyplinach sportowc\u00f3w z Sadownego i okolic.<\/p>\n","protected":false},"author":1,"featured_media":0,"comment_status":"closed","ping_status":"closed","sticky":false,"template":"","format":"standard","meta":{"footnotes":""},"categories":[5,2135,2029,2136,2137,906,7],"tags":[1161,907,2035,3077],"class_list":["post-20371","post","type-post","status-publish","format-standard","hentry","category-newsy","category-bieganie","category-karate","category-pilka-nozna","category-pilka-siatkowa","category-rekreacja","category-sport","tag-klub-sportowy-wicher-sadowne","tag-rekreacja-2","tag-sport","tag-sportowe-sukcesy"],"views":2963,"_links":{"self":[{"href":"https:\/\/info.sadowne.pl\/index.php?rest_route=\/wp\/v2\/posts\/20371","targetHints":{"allow":["GET"]}}],"collection":[{"href":"https:\/\/info.sadowne.pl\/index.php?rest_route=\/wp\/v2\/posts"}],"about":[{"href":"https:\/\/info.sadowne.pl\/index.php?rest_route=\/wp\/v2\/types\/post"}],"author":[{"embeddable":true,"href":"https:\/\/info.sadowne.pl\/index.php?rest_route=\/wp\/v2\/users\/1"}],"replies":[{"embeddable":true,"href":"https:\/\/info.sadowne.pl\/index.php?rest_route=%2Fwp%2Fv2%2Fcomments&post=20371"}],"version-history":[{"count":1,"href":"https:\/\/info.sadowne.pl\/index.php?rest_route=\/wp\/v2\/posts\/20371\/revisions"}],"predecessor-version":[{"id":20374,"href":"https:\/\/info.sadowne.pl\/index.php?rest_route=\/wp\/v2\/posts\/20371\/revisions\/20374"}],"wp:attachment":[{"href":"https:\/\/info.sadowne.pl\/index.php?rest_route=%2Fwp%2Fv2%2Fmedia&parent=20371"}],"wp:term":[{"taxonomy":"category","embeddable":true,"href":"https:\/\/info.sadowne.pl\/index.php?rest_route=%2Fwp%2Fv2%2Fcategories&post=20371"},{"taxonomy":"post_tag","embeddable":true,"href":"https:\/\/info.sadowne.pl\/index.php?rest_route=%2Fwp%2Fv2%2Ftags&post=20371"}],"curies":[{"name":"wp","href":"https:\/\/api.w.org\/{rel}","templated":true}]}}