{"id":20457,"date":"2019-05-24T19:11:50","date_gmt":"2019-05-24T17:11:50","guid":{"rendered":"http:\/\/info.sadowne.pl\/?p=20457"},"modified":"2019-05-24T19:11:50","modified_gmt":"2019-05-24T17:11:50","slug":"intensywny-czas-w-gminnym-osrodku-kultury","status":"publish","type":"post","link":"https:\/\/info.sadowne.pl\/?p=20457","title":{"rendered":"Intensywny czas w Gminnym O\u015brodku Kultury"},"content":{"rendered":"<p><strong><img loading=\"lazy\" decoding=\"async\" class=\"alignleft size-thumbnail wp-image-20458\" src=\"http:\/\/info.sadowne.pl\/wp-content\/uploads\/2019\/05\/2019.05.24.1-180x130.jpg\" alt=\"\" width=\"180\" height=\"130\" \/>Wiosna to czas intensywnej pracy Gminnego O\u015brodka Kultury w Sadownem, to czas, kiedy najm\u0142odsi przygotowuj\u0105 ozdoby wielkanocne i prezenty dla swoich rodzic\u00f3w na najpi\u0119kniejsze \u015bwi\u0119ta w roku &#8211; Dzie\u0144 Matki i Dzie\u0144 Ojca.<\/strong><!--more--><\/p>\n<p>W naszym O\u015brodku organizowane by\u0142y zaj\u0119cia z ceramiki i plastyki dla dzieci z r\u00f3\u017cnych szk\u00f3\u0142, nie tylko z gminy Sadowne, podczas kt\u00f3rych najm\u0142odsi przygotowywali niespodzianki dla swoich najbli\u017cszych. Pierwszymi, kt\u00f3rzy brali udzia\u0142 w zaj\u0119ciach byli uczniowie z Zespo\u0142u Publicznych Plac\u00f3wek O\u015bwiatowych w Broku. Dla nich przygotowane by\u0142y zaj\u0119cia z decoupage oraz warsztaty ceramiczne. Go\u015bcili\u015bmy u nas tak\u017ce uczni\u00f3w ze Szko\u0142y Podstawowej w Prostyni, kt\u00f3rzy przygotowali ozdobne talerze na \u201eDzie\u0144 Rodzic\u00f3w\u201d organizowany pod koniec roku szkolnego.\u00a0Zapoznali si\u0119 oni z histori\u0105 naszej gminy podczas spaceru edukacyjnego po Sadownem i na spotkaniu w muzeum. Zago\u015bci\u0142y do nas tak\u017ce dzieci ze Szko\u0142y Podstawowej w Markach, kt\u00f3re &#8211; opr\u00f3cz uczestniczenia w zaj\u0119ciach ceramicznych &#8211; pozna\u0142y technologi\u0119 obr\u00f3bki i wypa\u0142u gliny, wzi\u0119\u0142y tak\u017ce udzia\u0142 w lekcji muzealnej po\u015bwi\u0119conej muzyce etnograficznej.<\/p>\n<p>Tradycyjnie najwi\u0119cej ma\u0142ych go\u015bci mieli\u015bmy z plac\u00f3wek z gminy Sadowne. Swoje zdolno\u015bci manualne mog\u0142y wypr\u00f3bowa\u0107 przedszkolaki z Sadownego, tworz\u0105c pierwsze w \u017cyciu miseczki z gliny. W podobnych zaj\u0119ciach brali udzia\u0142 tak\u017ce \u201ezer\u00f3wkowicze\u201d z Grabin i Sadownego. Jest to najbardziej aktywna grupa uczestnik\u00f3w zaj\u0119\u0107 w GOK-u, bo opr\u00f3cz zaj\u0119\u0107 z ceramiki bardzo ch\u0119tnie i cz\u0119sto bior\u0105 udzia\u0142 w tematycznych zaj\u0119ciach plastycznych, w czasie\u00a0kt\u00f3rych przygotowywane by\u0142y koszyczki na Wielkanoc oraz niespodzianki dla rodzic\u00f3w.<\/p>\n<p><span style=\"color: #0000ff;\"><a style=\"color: #0000ff;\" href=\"https:\/\/photos.app.goo.gl\/kLH2JCBC45yp1sUc8\" target=\"_blank\" rel=\"noopener noreferrer\"><strong>Zdj\u0119cia w galerii Google&gt;&gt;&gt;<\/strong><\/a><\/span><\/p>\n<p><strong>Tekst\/foto:<\/strong> GOK Sadowne<\/p>\n","protected":false},"excerpt":{"rendered":"<p>Wiosna to czas intensywnej pracy Gminnego O\u015brodka Kultury w Sadownem, to czas, kiedy najm\u0142odsi przygotowuj\u0105 ozdoby wielkanocne i prezenty dla swoich rodzic\u00f3w na najpi\u0119kniejsze \u015bwi\u0119ta w roku &#8211; Dzie\u0144 Matki i Dzie\u0144 Ojca.<\/p>\n","protected":false},"author":1,"featured_media":0,"comment_status":"closed","ping_status":"closed","sticky":false,"template":"","format":"standard","meta":{"footnotes":""},"categories":[5,91,6,81],"tags":[169,79,2404,370],"class_list":["post-20457","post","type-post","status-publish","format-standard","hentry","category-newsy","category-gminny-osrodek-kultury","category-kultura-rozrywka-edukacja","category-muzeum","tag-gminny-osrodek-kultury-w-sadownem","tag-muzeum-ziemi-sadowienskiej","tag-pracownia-garncarstwa-gok-sadowne","tag-zajecia-w-gok-sadowne"],"views":2556,"_links":{"self":[{"href":"https:\/\/info.sadowne.pl\/index.php?rest_route=\/wp\/v2\/posts\/20457","targetHints":{"allow":["GET"]}}],"collection":[{"href":"https:\/\/info.sadowne.pl\/index.php?rest_route=\/wp\/v2\/posts"}],"about":[{"href":"https:\/\/info.sadowne.pl\/index.php?rest_route=\/wp\/v2\/types\/post"}],"author":[{"embeddable":true,"href":"https:\/\/info.sadowne.pl\/index.php?rest_route=\/wp\/v2\/users\/1"}],"replies":[{"embeddable":true,"href":"https:\/\/info.sadowne.pl\/index.php?rest_route=%2Fwp%2Fv2%2Fcomments&post=20457"}],"version-history":[{"count":1,"href":"https:\/\/info.sadowne.pl\/index.php?rest_route=\/wp\/v2\/posts\/20457\/revisions"}],"predecessor-version":[{"id":20459,"href":"https:\/\/info.sadowne.pl\/index.php?rest_route=\/wp\/v2\/posts\/20457\/revisions\/20459"}],"wp:attachment":[{"href":"https:\/\/info.sadowne.pl\/index.php?rest_route=%2Fwp%2Fv2%2Fmedia&parent=20457"}],"wp:term":[{"taxonomy":"category","embeddable":true,"href":"https:\/\/info.sadowne.pl\/index.php?rest_route=%2Fwp%2Fv2%2Fcategories&post=20457"},{"taxonomy":"post_tag","embeddable":true,"href":"https:\/\/info.sadowne.pl\/index.php?rest_route=%2Fwp%2Fv2%2Ftags&post=20457"}],"curies":[{"name":"wp","href":"https:\/\/api.w.org\/{rel}","templated":true}]}}