{"id":20478,"date":"2019-05-27T10:28:06","date_gmt":"2019-05-27T08:28:06","guid":{"rendered":"http:\/\/info.sadowne.pl\/?p=20478"},"modified":"2020-10-04T17:11:44","modified_gmt":"2020-10-04T15:11:44","slug":"ostala-sie-ociupina","status":"publish","type":"post","link":"https:\/\/info.sadowne.pl\/?p=20478","title":{"rendered":"OSTA\u0141A SI\u0118 OCIUPINA"},"content":{"rendered":"<p><strong><img loading=\"lazy\" decoding=\"async\" class=\"alignleft size-thumbnail wp-image-20479\" src=\"http:\/\/info.sadowne.pl\/wp-content\/uploads\/2019\/05\/Brok9-180x130.jpg\" alt=\"\" width=\"180\" height=\"130\" \/>Nikogo krzywdzi\u0107 nie nale\u017cy i tak rzeczy godzi\u0107 trzeba, \u017ceby w jednym kraju, pod jednym Rz\u0105dem, jedna strona nie wynosi\u0142a si\u0119 kosztem drugiej, bo upadek jednej strony skutkiem niesprawiedliwo\u015bci nast\u0105piony, oddzia\u0142ywa na Kraj ca\u0142y.<\/strong><!--more--><\/p>\n<p>Wszyscy zatem urz\u0119dnicy, bez wzgl\u0119du, pod kt\u00f3r\u0105 W\u0142adz\u0105 s\u0142u\u017c\u0105, pami\u0119ta\u0107 winni, \u017ce s\u0142u\u017c\u0105 jednemu Rz\u0105dowi i zamiary jego, to jest pomy\u015blno\u015b\u0107 Kraju, bez wzgl\u0119du na osobiste widoki, na celu mie\u0107 winni.<\/p>\n<p>Pi\u0119kne te s\u0142owa zwr\u00f3ci\u0142y moj\u0105 uwag\u0119, gdy wertowa\u0142em brokowskie dokumenty pochodz\u0105ce z po\u0142owy XIX w. Napisa\u0142 je w pa\u017adzierniku 1858 r.\u00a0 Benedykt Aleksandrowicz (1796-1881) \u2013 referent le\u015bny Komisji Rz\u0105dowej Spraw Wewn\u0119trznych i Duchownych.<\/p>\n<p>Bez zb\u0119dnej zw\u0142oki podj\u0105\u0142em oczywi\u015bcie \u015bledztwo, a artyku\u0142 niniejszy jest tego dochodzenia owocem i s\u0142u\u017cy obja\u015bnieniu, czego rzecz tyczy\u0142a.<\/p>\n<p><strong>Wi\u0119cej na stronie <\/strong><span style=\"color: #0000ff;\"><strong><a style=\"color: #0000ff;\" href=\"http:\/\/madzelan.cba.pl\/ostala-sie-ociupina\/\" target=\"_blank\" rel=\"noopener noreferrer\">http:\/\/madzelan.cba.pl\/ostala-sie-ociupina\/<\/a><\/strong><\/span><\/p>\n","protected":false},"excerpt":{"rendered":"<p>Nikogo krzywdzi\u0107 nie nale\u017cy i tak rzeczy godzi\u0107 trzeba, \u017ceby w jednym kraju, pod jednym Rz\u0105dem, jedna strona nie wynosi\u0142a si\u0119 kosztem drugiej, bo upadek jednej strony skutkiem niesprawiedliwo\u015bci nast\u0105piony, oddzia\u0142ywa na Kraj ca\u0142y.<\/p>\n","protected":false},"author":1,"featured_media":0,"comment_status":"closed","ping_status":"closed","sticky":false,"template":"","format":"standard","meta":{"footnotes":""},"categories":[5,3436,1973],"tags":[3004,2956,3091],"class_list":["post-20478","post","type-post","status-publish","format-standard","hentry","category-newsy","category-opowiesci-historie-legendy-brokowskie-i-nie-tylko","category-pisali-o-sadownem","tag-jerzy-madzelan","tag-opowiesci-historie-legendy-brokowskie-i-nie-tylko","tag-ostala-sie-ociupina"],"views":2498,"_links":{"self":[{"href":"https:\/\/info.sadowne.pl\/index.php?rest_route=\/wp\/v2\/posts\/20478","targetHints":{"allow":["GET"]}}],"collection":[{"href":"https:\/\/info.sadowne.pl\/index.php?rest_route=\/wp\/v2\/posts"}],"about":[{"href":"https:\/\/info.sadowne.pl\/index.php?rest_route=\/wp\/v2\/types\/post"}],"author":[{"embeddable":true,"href":"https:\/\/info.sadowne.pl\/index.php?rest_route=\/wp\/v2\/users\/1"}],"replies":[{"embeddable":true,"href":"https:\/\/info.sadowne.pl\/index.php?rest_route=%2Fwp%2Fv2%2Fcomments&post=20478"}],"version-history":[{"count":1,"href":"https:\/\/info.sadowne.pl\/index.php?rest_route=\/wp\/v2\/posts\/20478\/revisions"}],"predecessor-version":[{"id":20480,"href":"https:\/\/info.sadowne.pl\/index.php?rest_route=\/wp\/v2\/posts\/20478\/revisions\/20480"}],"wp:attachment":[{"href":"https:\/\/info.sadowne.pl\/index.php?rest_route=%2Fwp%2Fv2%2Fmedia&parent=20478"}],"wp:term":[{"taxonomy":"category","embeddable":true,"href":"https:\/\/info.sadowne.pl\/index.php?rest_route=%2Fwp%2Fv2%2Fcategories&post=20478"},{"taxonomy":"post_tag","embeddable":true,"href":"https:\/\/info.sadowne.pl\/index.php?rest_route=%2Fwp%2Fv2%2Ftags&post=20478"}],"curies":[{"name":"wp","href":"https:\/\/api.w.org\/{rel}","templated":true}]}}