{"id":20498,"date":"2019-05-28T19:05:51","date_gmt":"2019-05-28T17:05:51","guid":{"rendered":"http:\/\/info.sadowne.pl\/?p=20498"},"modified":"2019-05-28T19:06:14","modified_gmt":"2019-05-28T17:06:14","slug":"dzien-dziecka-w-osp-w-wilczogebach","status":"publish","type":"post","link":"https:\/\/info.sadowne.pl\/?p=20498","title":{"rendered":"Dzie\u0144 Dziecka w OSP w Wilczog\u0119bach"},"content":{"rendered":"<p><strong><a href=\"http:\/\/info.sadowne.pl\/wp-content\/uploads\/2019\/05\/2019.05.28.11.jpg\" target=\"_blank\" rel=\"noopener noreferrer\"><img loading=\"lazy\" decoding=\"async\" class=\"alignleft wp-image-20499 size-thumbnail\" src=\"http:\/\/info.sadowne.pl\/wp-content\/uploads\/2019\/05\/2019.05.28.11-180x130.jpg\" alt=\"\" width=\"180\" height=\"130\" \/><\/a>26 maja 2019 r. stra\u017cacy z OSP w Wilczog\u0119bach, przygotowuj\u0105cy si\u0119 do obchod\u00f3w 100-lecia swojej Jednostki, zorganizowali dla wszystkich dzieci we wsi obchody Dnia Dziecka. <\/strong><!--more--><\/p>\n<p>Impreza odby\u0142a si\u0119 w remizie stra\u017cackiej. Wzi\u0119\u0142o w niej udzia\u0142 \u0142\u0105cznie ok. 35 dzieci w wieku do 16 lat, wiele mam oraz druh\u00f3w.<\/p>\n<p>Otwieraj\u0105c imprez\u0119, prezes OSP J. Biernat opowiedzia\u0142 dzieciom o wa\u017cnej roli stra\u017cak\u00f3w w \u017cyciu wsi w przeci\u0105gu stu lat istnienia Jednostki. Przedstawi\u0142 dzieciom informacj\u0119 o programie imprezy. Zaprosi\u0142 te\u017c wszystkich uczestnik\u00f3w do wsp\u00f3lnego zdj\u0119cia.<\/p>\n<p>A potem zacz\u0119\u0142a si\u0119 szalona zabawa. Dzieciaki z niecierpliwo\u015bci\u0105 oczekiwa\u0142y na rozpocz\u0119cie \u0107wicze\u0144 i gier zr\u0119czno\u015bciowych. Nie wszystkie by\u0142y im znane, ale do wszystkich garn\u0119\u0142y si\u0119 z ogromn\u0105 rado\u015bci\u0105 i zaanga\u017cowaniem.<\/p>\n<p><a href=\"http:\/\/info.sadowne.pl\/wp-content\/uploads\/2019\/05\/2019.05.28.12.jpg\" target=\"_blank\" rel=\"noopener noreferrer\"><img loading=\"lazy\" decoding=\"async\" class=\"alignright wp-image-20500 size-medium\" src=\"http:\/\/info.sadowne.pl\/wp-content\/uploads\/2019\/05\/2019.05.28.12-300x200.jpg\" alt=\"\" width=\"300\" height=\"200\" srcset=\"https:\/\/info.sadowne.pl\/wp-content\/uploads\/2019\/05\/2019.05.28.12-300x200.jpg 300w, https:\/\/info.sadowne.pl\/wp-content\/uploads\/2019\/05\/2019.05.28.12.jpg 609w\" sizes=\"auto, (max-width: 300px) 100vw, 300px\" \/><\/a>Najwi\u0119ksz\u0105 frajd\u0119 sprawi\u0142 im udzia\u0142 mam i stra\u017cak\u00f3w we wszystkich zabawach. Za ka\u017cdym razem stara\u0142y si\u0119 im dor\u00f3wna\u0107, czy w przeci\u0105ganiu liny, czy biegu z pi\u0142eczk\u0105 na \u0142y\u017cce, czy w wy\u015bcigach taczek.<\/p>\n<p>A sukces w wy\u015bcigach w workach i jedzeniu jab\u0142ka na sznurku przywita\u0142y z ogromnym aplauzem.<\/p>\n<p><a href=\"http:\/\/info.sadowne.pl\/wp-content\/uploads\/2019\/05\/2019.05.28.13.jpg\" target=\"_blank\" rel=\"noopener noreferrer\"><img loading=\"lazy\" decoding=\"async\" class=\"alignleft wp-image-20501 size-medium\" src=\"http:\/\/info.sadowne.pl\/wp-content\/uploads\/2019\/05\/2019.05.28.13-300x200.jpg\" alt=\"\" width=\"300\" height=\"200\" srcset=\"https:\/\/info.sadowne.pl\/wp-content\/uploads\/2019\/05\/2019.05.28.13-300x200.jpg 300w, https:\/\/info.sadowne.pl\/wp-content\/uploads\/2019\/05\/2019.05.28.13.jpg 609w\" sizes=\"auto, (max-width: 300px) 100vw, 300px\" \/><\/a>Ka\u017cde dziecka otrzymywa\u0142o nagrod\u0119 za udzia\u0142 w zabawie.<\/p>\n<p>Przy okazji imprezy, stra\u017cacy zademonstrowali dzieciom sw\u00f3j sprz\u0119t. Dla zm\u0119czonych zabawami przewidziano kie\u0142baski z grilla i lody, owoce oraz domowe wypieki mam.<\/p>\n<p>Nie mog\u0142o si\u0119 oby\u0107 bez przygotowania laurek dla mam z okazji przypadaj\u0105cego w tym dniu Dnia Matki. Ka\u017cde dziecko otrzyma\u0142o te\u017c dyplom udzia\u0142u w imprezie.<\/p>\n<p><a href=\"http:\/\/info.sadowne.pl\/wp-content\/uploads\/2019\/05\/2019.05.28.14.jpg\" target=\"_blank\" rel=\"noopener noreferrer\"><img loading=\"lazy\" decoding=\"async\" class=\"alignright wp-image-20502 size-medium\" src=\"http:\/\/info.sadowne.pl\/wp-content\/uploads\/2019\/05\/2019.05.28.14-300x200.jpg\" alt=\"\" width=\"300\" height=\"200\" srcset=\"https:\/\/info.sadowne.pl\/wp-content\/uploads\/2019\/05\/2019.05.28.14-300x200.jpg 300w, https:\/\/info.sadowne.pl\/wp-content\/uploads\/2019\/05\/2019.05.28.14.jpg 609w\" sizes=\"auto, (max-width: 300px) 100vw, 300px\" \/><\/a>Zabaw\u0119 uprzyjemni\u0142 zesp\u00f3\u0142 muzyczny Akord, dzia\u0142aj\u0105cy przy OSP Wilczog\u0119by, kt\u00f3ry porwa\u0142 i m\u0142odych i tych troch\u0119 starszych do ta\u0144ca.<\/p>\n<p>Najtrudniejsze by\u0142o zako\u0144czenie imprezy. Dzieci jeszcze d\u0142ugo nie chcia\u0142y wyj\u015b\u0107 z remizy.<\/p>\n<p><span style=\"color: #0000ff;\"><a style=\"color: #0000ff;\" href=\"https:\/\/photos.app.goo.gl\/Vmmx275aYhon5yqj6\" target=\"_blank\" rel=\"noopener noreferrer\"><strong>Zdj\u0119cia w galerii Google&gt;&gt;&gt;<\/strong><\/a><\/span><\/p>\n<p><strong>Tekst\/foto:<\/strong> Stanis\u0142aw Stebelski<\/p>\n","protected":false},"excerpt":{"rendered":"<p>26 maja 2019 r. stra\u017cacy z OSP w Wilczog\u0119bach, przygotowuj\u0105cy si\u0119 do obchod\u00f3w 100-lecia swojej Jednostki, zorganizowali dla wszystkich dzieci we wsi obchody Dnia Dziecka.<\/p>\n","protected":false},"author":1,"featured_media":0,"comment_status":"closed","ping_status":"closed","sticky":false,"template":"","format":"standard","meta":{"footnotes":""},"categories":[5,2397,4,267],"tags":[3096,3095,912],"class_list":["post-20498","post","type-post","status-publish","format-standard","hentry","category-newsy","category-osp-wilczogeby","category-policja-straz-pozarna-pogotowie-ratunkowe","category-straz-pozarna-policja-straz-pozarna-pogotowie-ratunkowe","tag-dzien-dziecka","tag-osp-wilczogeby","tag-wilczogeby"],"views":3640,"_links":{"self":[{"href":"https:\/\/info.sadowne.pl\/index.php?rest_route=\/wp\/v2\/posts\/20498","targetHints":{"allow":["GET"]}}],"collection":[{"href":"https:\/\/info.sadowne.pl\/index.php?rest_route=\/wp\/v2\/posts"}],"about":[{"href":"https:\/\/info.sadowne.pl\/index.php?rest_route=\/wp\/v2\/types\/post"}],"author":[{"embeddable":true,"href":"https:\/\/info.sadowne.pl\/index.php?rest_route=\/wp\/v2\/users\/1"}],"replies":[{"embeddable":true,"href":"https:\/\/info.sadowne.pl\/index.php?rest_route=%2Fwp%2Fv2%2Fcomments&post=20498"}],"version-history":[{"count":3,"href":"https:\/\/info.sadowne.pl\/index.php?rest_route=\/wp\/v2\/posts\/20498\/revisions"}],"predecessor-version":[{"id":20505,"href":"https:\/\/info.sadowne.pl\/index.php?rest_route=\/wp\/v2\/posts\/20498\/revisions\/20505"}],"wp:attachment":[{"href":"https:\/\/info.sadowne.pl\/index.php?rest_route=%2Fwp%2Fv2%2Fmedia&parent=20498"}],"wp:term":[{"taxonomy":"category","embeddable":true,"href":"https:\/\/info.sadowne.pl\/index.php?rest_route=%2Fwp%2Fv2%2Fcategories&post=20498"},{"taxonomy":"post_tag","embeddable":true,"href":"https:\/\/info.sadowne.pl\/index.php?rest_route=%2Fwp%2Fv2%2Ftags&post=20498"}],"curies":[{"name":"wp","href":"https:\/\/api.w.org\/{rel}","templated":true}]}}