{"id":20518,"date":"2019-05-31T19:44:28","date_gmt":"2019-05-31T17:44:28","guid":{"rendered":"http:\/\/info.sadowne.pl\/?p=20518"},"modified":"2019-05-31T19:44:28","modified_gmt":"2019-05-31T17:44:28","slug":"konkurs-recytatorski-w-grabinach","status":"publish","type":"post","link":"https:\/\/info.sadowne.pl\/?p=20518","title":{"rendered":"Konkurs Recytatorski w Grabinach"},"content":{"rendered":"<p><strong><a href=\"http:\/\/info.sadowne.pl\/wp-content\/uploads\/2019\/05\/2019.05.31.1.jpg\" target=\"_blank\" rel=\"noopener noreferrer\"><img loading=\"lazy\" decoding=\"async\" class=\"alignleft wp-image-20519 size-thumbnail\" src=\"http:\/\/info.sadowne.pl\/wp-content\/uploads\/2019\/05\/2019.05.31.1-180x130.jpg\" alt=\"\" width=\"180\" height=\"130\" \/><\/a>31<\/strong><strong> maja w Grabinach odby\u0142 si\u0119 II Gminny Konkurs Recytatorski \u201eW kr\u0119gu tw\u00f3rczo\u015bci ksi\u0119dza Jana Twardowskiego\u201d. <\/strong><!--more--><\/p>\n<p>Konkurs przeprowadzi\u0142a Szko\u0142a Podstawowa im. ks. Jana Twardowskiego w Grabinach, a w jej imieniu przyby\u0142ych powita\u0142a p. Dyrektor Alina Lipka-Chudzik. Tradycyjnie przes\u0142uchania uczestnik\u00f3w odby\u0142y si\u0119 w Kaplicy p.w. NMP w Zarzetce, a do udzia\u0142u w nim zg\u0142osi\u0142o si\u0119 27. uczni\u00f3w ze szk\u00f3\u0142 gminy Sadowne. Ich wyst\u0119py oceni\u0142a Komisja w sk\u0142adzie: p. Teresa Wielgat \u00a0\u2013 przewodnicz\u0105ca oraz cz\u0142onkowie: p. Marcin Gr\u0119da, p. Anna Rukat, p. Jadwiga Gutowska i p. Katarzyna Kalbarczyk.<\/p>\n<p>Ostatecznie wy\u0142oniono zwyci\u0119zc\u00f3w w trzech kategoriach wiekowych:<\/p>\n<p><strong>Klasy I-III szko\u0142y podstawowej<\/strong><\/p>\n<p>I miejsce \u2013 Karolina Rybczy\u0144ska<\/p>\n<p>II miejsce \u2013 Emilia Kania<\/p>\n<p>III miejsce \u2013 Amelia Suska<\/p>\n<p>Wyr\u00f3\u017cnienie \u2013 Wiktor Podg\u00f3rski<\/p>\n<p><strong>Klasy IV-VI szko\u0142y podstawowej<\/strong><\/p>\n<p>I miejsce \u2013 Dawid Trojan<\/p>\n<p>II miejsce \u2013 Kinga Rydzewska<\/p>\n<p>III miejsce \u2013 Daniel Pi\u0105tek<\/p>\n<p>Wyr\u00f3\u017cnienie \u2013 Martyna Ojdana<\/p>\n<p><strong>Klasy VII<\/strong><strong>\u2013<\/strong><strong>VIII szko\u0142y podstawowej i<\/strong><strong> gimnazjum<\/strong><\/p>\n<p>I miejsce \u2013 Weronika Akonom<\/p>\n<p>II miejsce \u2013 Izabela Ilczuk<\/p>\n<p>III miejsce \u2013 Damian Karczmarczyk<\/p>\n<p>Wyr\u00f3\u017cnienie \u2013 Zuzanna Gierej<\/p>\n<p>Zwyci\u0119zcy w poszczeg\u00f3lnych kategoriach otrzymali dyplomy i nagrody ksi\u0105\u017ckowe z r\u0105k organizator\u00f3w i cz\u0142onk\u00f3w Komisji . Podzi\u0119kowania otrzymali te\u017c pozostali uczestnicy Konkursu, a tak\u017ce osoby wspomagaj\u0105ce jego organizacj\u0119.<\/p>\n<p><span style=\"color: #0000ff;\"><a style=\"color: #0000ff;\" href=\"https:\/\/photos.app.goo.gl\/psv5iFqri1Lk9sPt9\" target=\"_blank\" rel=\"noopener noreferrer\"><strong>Zdj\u0119cia w galerii Google&gt;&gt;&gt;<\/strong><\/a><\/span><\/p>\n<p><strong>Tekst\/foto:<\/strong> S\u0142awek Chyli\u0144ski<\/p>\n","protected":false},"excerpt":{"rendered":"<p>31 maja w Grabinach odby\u0142 si\u0119 II Gminny Konkurs Recytatorski \u201eW kr\u0119gu tw\u00f3rczo\u015bci ksi\u0119dza Jana Twardowskiego\u201d.<\/p>\n","protected":false},"author":1,"featured_media":0,"comment_status":"closed","ping_status":"closed","sticky":false,"template":"","format":"standard","meta":{"footnotes":""},"categories":[5,1752,1120],"tags":[3099,2797,2289],"class_list":["post-20518","post","type-post","status-publish","format-standard","hentry","category-newsy","category-edukacja","category-zespol-szkolno-przedszkolny-w-grabinach","tag-ii-gminny-konkurs-recytatorski-w-grabinach","tag-szkola-podstawowa-im-ks-jana-twardowskiego-w-grabinach","tag-zespol-szkolno-przedszkolny-w-grabinach"],"views":3030,"_links":{"self":[{"href":"https:\/\/info.sadowne.pl\/index.php?rest_route=\/wp\/v2\/posts\/20518","targetHints":{"allow":["GET"]}}],"collection":[{"href":"https:\/\/info.sadowne.pl\/index.php?rest_route=\/wp\/v2\/posts"}],"about":[{"href":"https:\/\/info.sadowne.pl\/index.php?rest_route=\/wp\/v2\/types\/post"}],"author":[{"embeddable":true,"href":"https:\/\/info.sadowne.pl\/index.php?rest_route=\/wp\/v2\/users\/1"}],"replies":[{"embeddable":true,"href":"https:\/\/info.sadowne.pl\/index.php?rest_route=%2Fwp%2Fv2%2Fcomments&post=20518"}],"version-history":[{"count":1,"href":"https:\/\/info.sadowne.pl\/index.php?rest_route=\/wp\/v2\/posts\/20518\/revisions"}],"predecessor-version":[{"id":20520,"href":"https:\/\/info.sadowne.pl\/index.php?rest_route=\/wp\/v2\/posts\/20518\/revisions\/20520"}],"wp:attachment":[{"href":"https:\/\/info.sadowne.pl\/index.php?rest_route=%2Fwp%2Fv2%2Fmedia&parent=20518"}],"wp:term":[{"taxonomy":"category","embeddable":true,"href":"https:\/\/info.sadowne.pl\/index.php?rest_route=%2Fwp%2Fv2%2Fcategories&post=20518"},{"taxonomy":"post_tag","embeddable":true,"href":"https:\/\/info.sadowne.pl\/index.php?rest_route=%2Fwp%2Fv2%2Ftags&post=20518"}],"curies":[{"name":"wp","href":"https:\/\/api.w.org\/{rel}","templated":true}]}}