{"id":20527,"date":"2019-06-01T17:06:14","date_gmt":"2019-06-01T15:06:14","guid":{"rendered":"http:\/\/info.sadowne.pl\/?p=20527"},"modified":"2019-06-01T17:06:14","modified_gmt":"2019-06-01T15:06:14","slug":"75-rocznica-kazni","status":"publish","type":"post","link":"https:\/\/info.sadowne.pl\/?p=20527","title":{"rendered":"75. rocznica ka\u017ani&#8230;"},"content":{"rendered":"<p><strong><a href=\"http:\/\/info.sadowne.pl\/wp-content\/uploads\/2019\/06\/2019.06.01.11.jpg\" target=\"_blank\" rel=\"noopener noreferrer\"><img loading=\"lazy\" decoding=\"async\" class=\"alignleft wp-image-20528 size-thumbnail\" src=\"http:\/\/info.sadowne.pl\/wp-content\/uploads\/2019\/06\/2019.06.01.11-180x130.jpg\" alt=\"\" width=\"180\" height=\"130\" \/><\/a>&#8230;w remizie OSP w Wilczog\u0119bach 31 maja 1944 r.<\/strong><!--more--><\/p>\n<p>W ramach obchod\u00f3w 100-lecia utworzenia Ochotniczej Stra\u017cy Po\u017carnej w Wilczog\u0119bach, 31 maja 2019 r. Zarz\u0105d OSP w Wilczog\u0119bach zorganizowa\u0142 przy Pomniku POW uroczysto\u015b\u0107 obchod\u00f3w 75. rocznicy ka\u017ani 10 druh\u00f3w i innych mieszka\u0144c\u00f3w wsi w starej remizie stra\u017cackiej.<\/p>\n<p>Niemcy chcieli wymusi\u0107 na nich informacje o osobach zaanga\u017cowanych w odbi\u00f3r broni ze zrzutu dla Armii Krajowej, jaki mia\u0142 miejsce w Wilczog\u0119bach sze\u015b\u0107 tygodni wcze\u015bniej, w nocy z 16 na 17 kwietnia 1944 r. Podejmuj\u0105c karn\u0105 ekspedycj\u0119 do wsi, \u017candarmi niemieccy z Ostrowi Mazowieckiej uzyskali wcze\u015bniej nazwiska cz\u0119\u015bci os\u00f3b zaanga\u017cowanych w ukrycie broni ze zrzutu i to ich pojmali w domach i poddali okrutnym torturom w remizie. Nast\u0119pnie za\u0142adowali ich na wozy zabrane ze wsi i wywie\u017ali do Ostrowi Mazowieckiej.<\/p>\n<p><img loading=\"lazy\" decoding=\"async\" class=\"aligncenter size-full wp-image-20529\" src=\"http:\/\/info.sadowne.pl\/wp-content\/uploads\/2019\/06\/2019.06.01.12.jpg\" alt=\"\" width=\"295\" height=\"196\" \/><\/p>\n<p>Byli to:<\/p>\n<ol>\n<li>Eugeniusz Wycech &#8211; prawdopodobnie skona\u0142 ju\u017c na wozie, kt\u00f3rym Niemcy wie\u017ali skatowanych do samochod\u00f3w pozostawionych na szosie,<\/li>\n<li>Stefan Ga\u0142\u0105zka i<\/li>\n<li>Eugeniusz Marczyk &#8211; obaj zmarli w wi\u0119zieniu w Ostrowi,<\/li>\n<li>Boles\u0142aw Wycech i jego dw\u00f3ch syn\u00f3w:<\/li>\n<li>Dariusz Wycech &#8211; wraz z ojcem zamordowano go na Pawiaku w Warszawie oraz<\/li>\n<li>Nicefor Wycech, a tak\u017ce<\/li>\n<li>Aleksander Prabucki,<\/li>\n<li>Eugeniusz S\u00f3wka i<\/li>\n<li>Stanis\u0142aw Pu\u015bcion &#8211; wszystkich czterech zosta\u0142o zabranych do oboz\u00f3w koncentracyjnych w Niemczech, gdzie zgin\u0119li.<\/li>\n<\/ol>\n<p>Ich nazwiska umieszczone s\u0105 na tablicy pami\u0105tkowej na Pomniku POW.<\/p>\n<ol start=\"10\">\n<li>Kazimierz Szczechura &#8211; jedyny, kt\u00f3ry powr\u00f3ci\u0142 po wojnie do Wilczog\u0105b.<\/li>\n<\/ol>\n<p>Jedenasty zatrzymany, brat Eugeniusza Marczyka &#8211; Bronis\u0142aw Marczyk zdo\u0142a\u0142 ukry\u0107 si\u0119 pod pod\u0142og\u0105 sceny w remizie i by\u0142 \u015bwiadkiem tortur zadawanych swojemu bratu i kolegom przez Niemc\u00f3w.<\/p>\n<p>Dzi\u0119ki ich bohaterskiej postawie i niewydaniu nikogo, nie dosz\u0142o do zatrzymania innych uczestnik\u00f3w operacji przej\u0119cia broni ze zrzutu, kt\u00f3rzy zdo\u0142ali ukry\u0107 si\u0119 przed \u017candarmami.<\/p>\n<p>Pod Pomnikiem zebra\u0142a si\u0119 wieczorem grupa mieszka\u0144c\u00f3w Wilczog\u0105b, w tym wielu krewnych torturowanych os\u00f3b. Stra\u017cacy w mundurach podjechali swoim wozem bojowym.<\/p>\n<p><img loading=\"lazy\" decoding=\"async\" class=\"aligncenter size-full wp-image-20530\" src=\"http:\/\/info.sadowne.pl\/wp-content\/uploads\/2019\/06\/2019.06.01.13.jpg\" alt=\"\" width=\"603\" height=\"403\" srcset=\"https:\/\/info.sadowne.pl\/wp-content\/uploads\/2019\/06\/2019.06.01.13.jpg 603w, https:\/\/info.sadowne.pl\/wp-content\/uploads\/2019\/06\/2019.06.01.13-300x200.jpg 300w\" sizes=\"auto, (max-width: 603px) 100vw, 603px\" \/><\/p>\n<p>Sygna\u0142em do rozpocz\u0119cia uroczysto\u015bci pod Pomnikiem POW by\u0142 d\u017awi\u0119k syreny\u00a0 z pobliskiej remizy stra\u017cackiej.<\/p>\n<p><img loading=\"lazy\" decoding=\"async\" class=\"aligncenter size-full wp-image-20531\" src=\"http:\/\/info.sadowne.pl\/wp-content\/uploads\/2019\/06\/2019.06.01.14.jpg\" alt=\"\" width=\"603\" height=\"403\" srcset=\"https:\/\/info.sadowne.pl\/wp-content\/uploads\/2019\/06\/2019.06.01.14.jpg 603w, https:\/\/info.sadowne.pl\/wp-content\/uploads\/2019\/06\/2019.06.01.14-300x200.jpg 300w\" sizes=\"auto, (max-width: 603px) 100vw, 603px\" \/><\/p>\n<p>Prezes OSP J. Biernat przypomnia\u0142 tragiczne wydarzenia sprzed 75 lat, a wymieniaj\u0105c kolejno ofiary i ich losy wspomina\u0142, z kt\u00f3rymi obecnymi mieszka\u0144cami Wilczog\u0105b \u0142\u0105cz\u0105 ich wi\u0119zy pokrewie\u0144stwa. Na zako\u0144czenie swojego wyst\u0105pienia poprosi\u0142 zebranych o uczczenie ofiar ka\u017ani minut\u0105 ciszy.<\/p>\n<p><img loading=\"lazy\" decoding=\"async\" class=\"aligncenter size-full wp-image-20532\" src=\"http:\/\/info.sadowne.pl\/wp-content\/uploads\/2019\/06\/2019.06.01.15.jpg\" alt=\"\" width=\"603\" height=\"403\" srcset=\"https:\/\/info.sadowne.pl\/wp-content\/uploads\/2019\/06\/2019.06.01.15.jpg 603w, https:\/\/info.sadowne.pl\/wp-content\/uploads\/2019\/06\/2019.06.01.15-300x200.jpg 300w\" sizes=\"auto, (max-width: 603px) 100vw, 603px\" \/><\/p>\n<p>Druhowie \u0141. Biernat i A. Szczechura z\u0142o\u017cyli wi\u0105zank\u0119 kwiat\u00f3w, a druhowie M. Borowy i Z. K\u0105dziela zapalili znicze bia\u0142y i czerwony. Znicze zapalili r\u00f3wnie\u017c inni uczestnicy uroczysto\u015bci.<\/p>\n<p><img loading=\"lazy\" decoding=\"async\" class=\"aligncenter size-full wp-image-20533\" src=\"http:\/\/info.sadowne.pl\/wp-content\/uploads\/2019\/06\/2019.06.01.16.jpg\" alt=\"\" width=\"603\" height=\"403\" srcset=\"https:\/\/info.sadowne.pl\/wp-content\/uploads\/2019\/06\/2019.06.01.16.jpg 603w, https:\/\/info.sadowne.pl\/wp-content\/uploads\/2019\/06\/2019.06.01.16-300x200.jpg 300w\" sizes=\"auto, (max-width: 603px) 100vw, 603px\" \/><\/p>\n<p>Na zako\u0144czenie uroczysto\u015bci pani E. S\u00f3wka odczyta\u0142a zebranym swoje dwa wiersze po\u015bwi\u0119cone ofiarom tragedii sprzed 75 lat.<\/p>\n<p><img loading=\"lazy\" decoding=\"async\" class=\"aligncenter size-full wp-image-20534\" src=\"http:\/\/info.sadowne.pl\/wp-content\/uploads\/2019\/06\/2019.06.01.17.jpg\" alt=\"\" width=\"603\" height=\"403\" srcset=\"https:\/\/info.sadowne.pl\/wp-content\/uploads\/2019\/06\/2019.06.01.17.jpg 603w, https:\/\/info.sadowne.pl\/wp-content\/uploads\/2019\/06\/2019.06.01.17-300x200.jpg 300w\" sizes=\"auto, (max-width: 603px) 100vw, 603px\" \/><\/p>\n<p>Uroczysto\u015b\u0107 przebieg\u0142a w powa\u017cnej i podnios\u0142ej atmosferze. By\u0142o to od wielu lat pierwsze takie spotkanie pod Pomnikiem POW w celu upami\u0119tnienia krewnych i druh\u00f3w \u2013 ofiar ka\u017ani sprzed 75 lat. Dawa\u0142o si\u0119 odczu\u0107 uznanie dla organizator\u00f3w za jego przygotowanie i nadziej\u0119 na kontynuacj\u0119 tej tradycji. Jeszcze d\u0142ugo trwa\u0142y rozmowy pod Pomnikiem, jak wa\u017cne s\u0105 takie uroczysto\u015bci dla integracji mieszka\u0144c\u00f3w wsi i utrwalenia pami\u0119ci o przesz\u0142ych wydarzeniach w nast\u0119pnych pokoleniach.<\/p>\n<p><img loading=\"lazy\" decoding=\"async\" class=\"aligncenter size-full wp-image-20535\" src=\"http:\/\/info.sadowne.pl\/wp-content\/uploads\/2019\/06\/2019.06.01.18.jpg\" alt=\"\" width=\"603\" height=\"403\" srcset=\"https:\/\/info.sadowne.pl\/wp-content\/uploads\/2019\/06\/2019.06.01.18.jpg 603w, https:\/\/info.sadowne.pl\/wp-content\/uploads\/2019\/06\/2019.06.01.18-300x200.jpg 300w\" sizes=\"auto, (max-width: 603px) 100vw, 603px\" \/><\/p>\n<p><strong>Tekst\/foto:<\/strong> Stanis\u0142aw Stebelski<\/p>\n","protected":false},"excerpt":{"rendered":"<p>&#8230;w remizie OSP w Wilczog\u0119bach 31 maja 1944 r.<\/p>\n","protected":false},"author":1,"featured_media":0,"comment_status":"closed","ping_status":"closed","sticky":false,"template":"","format":"standard","meta":{"footnotes":""},"categories":[5,2397,4,267],"tags":[3100,3101,3095,3102,912,3103],"class_list":["post-20527","post","type-post","status-publish","format-standard","hentry","category-newsy","category-osp-wilczogeby","category-policja-straz-pozarna-pogotowie-ratunkowe","category-straz-pozarna-policja-straz-pozarna-pogotowie-ratunkowe","tag-100-lecie-osp-wilczogeby","tag-kazn-w-remizie-osp-w-wilczogebach-1944","tag-osp-wilczogeby","tag-pomnik-pow-w-wilczogebach","tag-wilczogeby","tag-zrzut-broni-dla-ak-w-wilczogebach-w-1944"],"views":2769,"_links":{"self":[{"href":"https:\/\/info.sadowne.pl\/index.php?rest_route=\/wp\/v2\/posts\/20527","targetHints":{"allow":["GET"]}}],"collection":[{"href":"https:\/\/info.sadowne.pl\/index.php?rest_route=\/wp\/v2\/posts"}],"about":[{"href":"https:\/\/info.sadowne.pl\/index.php?rest_route=\/wp\/v2\/types\/post"}],"author":[{"embeddable":true,"href":"https:\/\/info.sadowne.pl\/index.php?rest_route=\/wp\/v2\/users\/1"}],"replies":[{"embeddable":true,"href":"https:\/\/info.sadowne.pl\/index.php?rest_route=%2Fwp%2Fv2%2Fcomments&post=20527"}],"version-history":[{"count":1,"href":"https:\/\/info.sadowne.pl\/index.php?rest_route=\/wp\/v2\/posts\/20527\/revisions"}],"predecessor-version":[{"id":20536,"href":"https:\/\/info.sadowne.pl\/index.php?rest_route=\/wp\/v2\/posts\/20527\/revisions\/20536"}],"wp:attachment":[{"href":"https:\/\/info.sadowne.pl\/index.php?rest_route=%2Fwp%2Fv2%2Fmedia&parent=20527"}],"wp:term":[{"taxonomy":"category","embeddable":true,"href":"https:\/\/info.sadowne.pl\/index.php?rest_route=%2Fwp%2Fv2%2Fcategories&post=20527"},{"taxonomy":"post_tag","embeddable":true,"href":"https:\/\/info.sadowne.pl\/index.php?rest_route=%2Fwp%2Fv2%2Ftags&post=20527"}],"curies":[{"name":"wp","href":"https:\/\/api.w.org\/{rel}","templated":true}]}}