{"id":20583,"date":"2019-06-12T15:52:28","date_gmt":"2019-06-12T13:52:28","guid":{"rendered":"http:\/\/info.sadowne.pl\/?p=20583"},"modified":"2019-06-12T15:52:28","modified_gmt":"2019-06-12T13:52:28","slug":"w-grabinach-rodzinnie","status":"publish","type":"post","link":"https:\/\/info.sadowne.pl\/?p=20583","title":{"rendered":"W Grabinach rodzinnie\u2026"},"content":{"rendered":"<p><strong><img loading=\"lazy\" decoding=\"async\" class=\"alignleft size-thumbnail wp-image-20584\" src=\"http:\/\/info.sadowne.pl\/wp-content\/uploads\/2019\/06\/2019.06.12.21-180x130.jpg\" alt=\"\" width=\"180\" height=\"130\" \/>12 czerwca Szko\u0142a Podstawowa i Przedszkole w Grabinach obchodzi\u0142y \u015awi\u0119to Rodziny.<\/strong><!--more--><\/p>\n<p>Dzie\u0144 Dziecka, Dzie\u0144 Mamy i Dzie\u0144 Taty to wiele okazji do \u015bwi\u0119towania. Mo\u017cna te\u017c \u201e\u015bwi\u0119towa\u0107\u201d jednego dnia, ale\u2026 troch\u0119 huczniej. Tak te\u017c zrobiono w Zespole Szkolno \u2013 Przedszkolnym w Grabinach i przed po\u0142udniem 12 czerwca ca\u0142ymi rodzinami spotka\u0142a si\u0119 tu spo\u0142eczno\u015b\u0107 szkolna.<\/p>\n<p>Na pocz\u0105tek oczywi\u015bcie cz\u0119\u015b\u0107 oficjalna w szkolnej sali gimnastycznej, powitanie go\u015bci przez p. Dyrektor Alin\u0119 Lipk\u0119 \u2013 Chudzik i tematyczna cz\u0119\u015b\u0107 artystyczna, kt\u00f3r\u0105 dla swoich najbli\u017cszych przygotowa\u0142y dzieciaki i z Przedszkola oraz miejscowej Podstaw\u00f3wki. Potem tak\u017ce \u017cyczenia, kwiatki i drobne podarunki, ale g\u0142\u00f3wna cz\u0119\u015b\u0107 tego spotkania, to\u2026 wsp\u00f3lne biesiadowanie, grill, kie\u0142baski, ciasto, rodzinne gry i zabawy na \u015bwie\u017cym powietrzu.<\/p>\n<p>I to jest prawdziwe \u015awi\u0119to Rodziny!<\/p>\n<p><span style=\"color: #0000ff;\"><a style=\"color: #0000ff;\" href=\"https:\/\/photos.app.goo.gl\/WH3Z457fj7Lbqe4HA\" target=\"_blank\" rel=\"noopener noreferrer\"><strong>Zdj\u0119cia w galerii Google&gt;&gt;&gt;<\/strong><\/a><\/span><\/p>\n<p><strong>Tekst\/foto:<\/strong> S\u0142awek Chyli\u0144ski<\/p>\n","protected":false},"excerpt":{"rendered":"<p>12 czerwca Szko\u0142a Podstawowa i Przedszkole w Grabinach obchodzi\u0142y \u015awi\u0119to Rodziny.<\/p>\n","protected":false},"author":1,"featured_media":0,"comment_status":"closed","ping_status":"closed","sticky":false,"template":"","format":"standard","meta":{"footnotes":""},"categories":[5,1752,1120],"tags":[3120,2289],"class_list":["post-20583","post","type-post","status-publish","format-standard","hentry","category-newsy","category-edukacja","category-zespol-szkolno-przedszkolny-w-grabinach","tag-swieto-rodziny-w-grabinach","tag-zespol-szkolno-przedszkolny-w-grabinach"],"views":3152,"_links":{"self":[{"href":"https:\/\/info.sadowne.pl\/index.php?rest_route=\/wp\/v2\/posts\/20583","targetHints":{"allow":["GET"]}}],"collection":[{"href":"https:\/\/info.sadowne.pl\/index.php?rest_route=\/wp\/v2\/posts"}],"about":[{"href":"https:\/\/info.sadowne.pl\/index.php?rest_route=\/wp\/v2\/types\/post"}],"author":[{"embeddable":true,"href":"https:\/\/info.sadowne.pl\/index.php?rest_route=\/wp\/v2\/users\/1"}],"replies":[{"embeddable":true,"href":"https:\/\/info.sadowne.pl\/index.php?rest_route=%2Fwp%2Fv2%2Fcomments&post=20583"}],"version-history":[{"count":1,"href":"https:\/\/info.sadowne.pl\/index.php?rest_route=\/wp\/v2\/posts\/20583\/revisions"}],"predecessor-version":[{"id":20585,"href":"https:\/\/info.sadowne.pl\/index.php?rest_route=\/wp\/v2\/posts\/20583\/revisions\/20585"}],"wp:attachment":[{"href":"https:\/\/info.sadowne.pl\/index.php?rest_route=%2Fwp%2Fv2%2Fmedia&parent=20583"}],"wp:term":[{"taxonomy":"category","embeddable":true,"href":"https:\/\/info.sadowne.pl\/index.php?rest_route=%2Fwp%2Fv2%2Fcategories&post=20583"},{"taxonomy":"post_tag","embeddable":true,"href":"https:\/\/info.sadowne.pl\/index.php?rest_route=%2Fwp%2Fv2%2Ftags&post=20583"}],"curies":[{"name":"wp","href":"https:\/\/api.w.org\/{rel}","templated":true}]}}