{"id":20609,"date":"2019-06-17T22:03:00","date_gmt":"2019-06-17T20:03:00","guid":{"rendered":"http:\/\/info.sadowne.pl\/?p=20609"},"modified":"2019-06-19T17:14:31","modified_gmt":"2019-06-19T15:14:31","slug":"osmoklasisci-pozegnali-szkole","status":"publish","type":"post","link":"https:\/\/info.sadowne.pl\/?p=20609","title":{"rendered":"\u00d3smoklasi\u015bci po\u017cegnali szko\u0142\u0119"},"content":{"rendered":"<p><strong><a href=\"http:\/\/info.sadowne.pl\/wp-content\/uploads\/2019\/06\/2019.06.17.1.jpg\" target=\"_blank\" rel=\"noopener noreferrer\"><img loading=\"lazy\" decoding=\"async\" class=\"alignleft wp-image-20610 size-thumbnail\" src=\"http:\/\/info.sadowne.pl\/wp-content\/uploads\/2019\/06\/2019.06.17.1-180x130.jpg\" alt=\"\" width=\"180\" height=\"130\" \/><\/a>17 czerwca w Szkole Podstawowej w Sadownem odby\u0142o si\u0119 oficjalne po\u017cegnanie uczni\u00f3w ostatniej klasy.<\/strong><!--more--><\/p>\n<p>Po raz pierwszy od wielu lat budynek Szko\u0142y w Sadownem opuszczali uczniowie ostatniej klasy podstaw\u00f3wki. Czterdziestu dw\u00f3ch \u00f3smoklasist\u00f3w, kt\u00f3rych wychowawczyniami by\u0142y Panie: Iza Wrzosek i Marta Kotowska, oficjalnie po\u017cegnano tu 17 czerwca. W uroczysto\u015bci wzi\u0119li r\u00f3wnie\u017c udzia\u0142 ich koledzy z m\u0142odszych klas oraz pedagodzy i zaproszeni go\u015bcie.<\/p>\n<p>Wprowadzenie sztandaru Szko\u0142y, hymn pa\u0144stwowy, przekazanie sztandaru m\u0142odszym kolegom, \u015blubowanie, powitanie przez p. Dyrektor Ma\u0142gorzat\u0119 Koro\u015b uczestnik\u00f3w to pocz\u0105tek spotkania. Po nim nagrody dla najlepszych uczni\u00f3w \u00f3smej klasy, wyr\u00f3\u017cniaj\u0105cych si\u0119 w r\u00f3\u017cnych dziedzinach dzia\u0142alno\u015bci szko\u0142y i oczywi\u015bcie\u2026 cz\u0119\u015b\u0107 artystyczna w wykonaniu \u201ebohater\u00f3w dnia\u201d, a tak\u017ce m\u0142odszych koleg\u00f3w przejmuj\u0105cych \u201estery\u201d w szkole. Jak zwykle, akompaniament p. Kamil Kie\u0142ek.<\/p>\n<p>Jeszcze tylko symboliczne kwiaty, wsp\u00f3lne zdj\u0119cia, dyskoteka i \u2026 pozostan\u0105 tylko wspomnienia.<\/p>\n<p>Absolwentom Szko\u0142y Podstawowej im. Czes\u0142awa Wycecha w Sadownem \u017cyczymy wszystkiego najlepszego i samych sukces\u00f3w w dalszej drodze \u017cyciowej.<\/p>\n<p><span style=\"color: #0000ff;\"><a style=\"color: #0000ff;\" href=\"https:\/\/photos.app.goo.gl\/15ty98sQ5zxLqyXA8\" target=\"_blank\" rel=\"noopener noreferrer\"><strong>Zdj\u0119cia w galerii Google&gt;&gt;&gt;<\/strong><\/a><\/span><\/p>\n<p><strong>Tekst\/foto:<\/strong> S\u0142awek Chyli\u0144ski<\/p>\n","protected":false},"excerpt":{"rendered":"<p>17 czerwca w Szkole Podstawowej w Sadownem odby\u0142o si\u0119 oficjalne po\u017cegnanie uczni\u00f3w ostatniej klasy.<\/p>\n","protected":false},"author":1,"featured_media":0,"comment_status":"closed","ping_status":"closed","sticky":false,"template":"","format":"standard","meta":{"footnotes":""},"categories":[5,1752,84],"tags":[3126,16],"class_list":["post-20609","post","type-post","status-publish","format-standard","hentry","category-newsy","category-edukacja","category-szkola-podstawowa-im-cz-wycecha","tag-pozegnanie-osmoklasistow","tag-szkola-podstawowa-w-sadownem"],"views":3314,"_links":{"self":[{"href":"https:\/\/info.sadowne.pl\/index.php?rest_route=\/wp\/v2\/posts\/20609","targetHints":{"allow":["GET"]}}],"collection":[{"href":"https:\/\/info.sadowne.pl\/index.php?rest_route=\/wp\/v2\/posts"}],"about":[{"href":"https:\/\/info.sadowne.pl\/index.php?rest_route=\/wp\/v2\/types\/post"}],"author":[{"embeddable":true,"href":"https:\/\/info.sadowne.pl\/index.php?rest_route=\/wp\/v2\/users\/1"}],"replies":[{"embeddable":true,"href":"https:\/\/info.sadowne.pl\/index.php?rest_route=%2Fwp%2Fv2%2Fcomments&post=20609"}],"version-history":[{"count":3,"href":"https:\/\/info.sadowne.pl\/index.php?rest_route=\/wp\/v2\/posts\/20609\/revisions"}],"predecessor-version":[{"id":20642,"href":"https:\/\/info.sadowne.pl\/index.php?rest_route=\/wp\/v2\/posts\/20609\/revisions\/20642"}],"wp:attachment":[{"href":"https:\/\/info.sadowne.pl\/index.php?rest_route=%2Fwp%2Fv2%2Fmedia&parent=20609"}],"wp:term":[{"taxonomy":"category","embeddable":true,"href":"https:\/\/info.sadowne.pl\/index.php?rest_route=%2Fwp%2Fv2%2Fcategories&post=20609"},{"taxonomy":"post_tag","embeddable":true,"href":"https:\/\/info.sadowne.pl\/index.php?rest_route=%2Fwp%2Fv2%2Ftags&post=20609"}],"curies":[{"name":"wp","href":"https:\/\/api.w.org\/{rel}","templated":true}]}}