{"id":20616,"date":"2019-06-18T19:01:38","date_gmt":"2019-06-18T17:01:38","guid":{"rendered":"http:\/\/info.sadowne.pl\/?p=20616"},"modified":"2019-06-18T19:01:38","modified_gmt":"2019-06-18T17:01:38","slug":"iii-miejsce-dla-naszego-przedszkola","status":"publish","type":"post","link":"https:\/\/info.sadowne.pl\/?p=20616","title":{"rendered":"III miejsce dla naszego Przedszkola"},"content":{"rendered":"<p><strong><a href=\"http:\/\/info.sadowne.pl\/wp-content\/uploads\/2019\/06\/2019.06.18.1.jpg\"><img loading=\"lazy\" decoding=\"async\" class=\"alignleft wp-image-20617 size-thumbnail\" src=\"http:\/\/info.sadowne.pl\/wp-content\/uploads\/2019\/06\/2019.06.18.1-180x130.jpg\" alt=\"\" width=\"180\" height=\"130\" \/><\/a>18 czerwca Urz\u0105d Marsza\u0142kowski Wojew\u00f3dztwa Mazowieckiego uroczy\u015bcie podsumowa\u0142 \u201eKonkurs \u2013 zbi\u00f3rka surowc\u00f3w wt\u00f3rnych\u201d. Przedszkole w Sadownem zaj\u0119\u0142o w nim III miejsce.<\/strong><!--more--><\/p>\n<p>\u201eKonkurs \u2013 zbi\u00f3rka surowc\u00f3w wt\u00f3rnych\u201d skierowany by\u0142 do przedszkoli, szk\u00f3\u0142 podstawowych i szk\u00f3\u0142 \u015brednich z terenu wojew\u00f3dztwa mazowieckiego. Informacja o ostatniej, XV edycji Konkursu dotar\u0142a do ponad 20 tysi\u0119cy uczni\u00f3w i wzi\u0119\u0142o w nim udzia\u0142, jak wynika z oficjalnych \u017ar\u00f3de\u0142, 12\u00a0193 uczni\u00f3w z 93 plac\u00f3wek o\u015bwiatowych. Zebrali oni \u0142\u0105cznie 509\u00a0046,86 kg makulatury i 25\u00a0528,14 kg butelek PET.<\/p>\n<p>W ostatnich dniach rozstrzygni\u0119to ten Konkurs. Jak si\u0119 okazuje, w kategorii \u201ePrzedszkola\u201d III miejsce zaj\u0119\u0142o Przedszkole w Sadownem. 18 czerwca podczas uroczystej Gali w Warszawie, podsumowuj\u0105cej Konkurs, delegacja sadowie\u0144skiego Przedszkola odebra\u0142a swoje wyr\u00f3\u017cnienie i nagrod\u0119.<\/p>\n<p><strong>Gratulujemy!<\/strong><\/p>\n\n\t\t<style type=\"text\/css\">\n\t\t\t#gallery-1 {\n\t\t\t\tmargin: auto;\n\t\t\t}\n\t\t\t#gallery-1 .gallery-item {\n\t\t\t\tfloat: left;\n\t\t\t\tmargin-top: 10px;\n\t\t\t\ttext-align: center;\n\t\t\t\twidth: 33%;\n\t\t\t}\n\t\t\t#gallery-1 img {\n\t\t\t\tborder: 2px solid #cfcfcf;\n\t\t\t}\n\t\t\t#gallery-1 .gallery-caption {\n\t\t\t\tmargin-left: 0;\n\t\t\t}\n\t\t\t\/* see gallery_shortcode() in wp-includes\/media.php *\/\n\t\t<\/style>\n\t\t<div id='gallery-1' class='gallery galleryid-20616 gallery-columns-3 gallery-size-thumbnail'><dl class='gallery-item'>\n\t\t\t<dt class='gallery-icon landscape'>\n\t\t\t\t<a href='https:\/\/info.sadowne.pl\/wp-content\/uploads\/2019\/06\/2019.06.18.1.jpg'><img loading=\"lazy\" decoding=\"async\" width=\"180\" height=\"130\" src=\"https:\/\/info.sadowne.pl\/wp-content\/uploads\/2019\/06\/2019.06.18.1-180x130.jpg\" class=\"attachment-thumbnail size-thumbnail\" alt=\"\" \/><\/a>\n\t\t\t<\/dt><\/dl><dl class='gallery-item'>\n\t\t\t<dt class='gallery-icon landscape'>\n\t\t\t\t<a href='https:\/\/info.sadowne.pl\/wp-content\/uploads\/2019\/06\/2019.06.18.2.jpg'><img loading=\"lazy\" decoding=\"async\" width=\"180\" height=\"130\" src=\"https:\/\/info.sadowne.pl\/wp-content\/uploads\/2019\/06\/2019.06.18.2-180x130.jpg\" class=\"attachment-thumbnail size-thumbnail\" alt=\"\" \/><\/a>\n\t\t\t<\/dt><\/dl><dl class='gallery-item'>\n\t\t\t<dt class='gallery-icon landscape'>\n\t\t\t\t<a href='https:\/\/info.sadowne.pl\/wp-content\/uploads\/2019\/06\/2019.06.18.3.jpg'><img loading=\"lazy\" decoding=\"async\" width=\"180\" height=\"130\" src=\"https:\/\/info.sadowne.pl\/wp-content\/uploads\/2019\/06\/2019.06.18.3-180x130.jpg\" class=\"attachment-thumbnail size-thumbnail\" alt=\"\" \/><\/a>\n\t\t\t<\/dt><\/dl><br style=\"clear: both\" \/><dl class='gallery-item'>\n\t\t\t<dt class='gallery-icon landscape'>\n\t\t\t\t<a href='https:\/\/info.sadowne.pl\/wp-content\/uploads\/2019\/06\/2019.06.18.4.jpg'><img loading=\"lazy\" decoding=\"async\" width=\"180\" height=\"130\" src=\"https:\/\/info.sadowne.pl\/wp-content\/uploads\/2019\/06\/2019.06.18.4-180x130.jpg\" class=\"attachment-thumbnail size-thumbnail\" alt=\"\" \/><\/a>\n\t\t\t<\/dt><\/dl><dl class='gallery-item'>\n\t\t\t<dt class='gallery-icon landscape'>\n\t\t\t\t<a href='https:\/\/info.sadowne.pl\/wp-content\/uploads\/2019\/06\/2019.06.18.5.jpg'><img loading=\"lazy\" decoding=\"async\" width=\"180\" height=\"130\" src=\"https:\/\/info.sadowne.pl\/wp-content\/uploads\/2019\/06\/2019.06.18.5-180x130.jpg\" class=\"attachment-thumbnail size-thumbnail\" alt=\"\" \/><\/a>\n\t\t\t<\/dt><\/dl><dl class='gallery-item'>\n\t\t\t<dt class='gallery-icon portrait'>\n\t\t\t\t<a href='https:\/\/info.sadowne.pl\/wp-content\/uploads\/2019\/06\/2019.06.18.6.jpg'><img loading=\"lazy\" decoding=\"async\" width=\"180\" height=\"130\" src=\"https:\/\/info.sadowne.pl\/wp-content\/uploads\/2019\/06\/2019.06.18.6-180x130.jpg\" class=\"attachment-thumbnail size-thumbnail\" alt=\"\" \/><\/a>\n\t\t\t<\/dt><\/dl><br style=\"clear: both\" \/><dl class='gallery-item'>\n\t\t\t<dt class='gallery-icon landscape'>\n\t\t\t\t<a href='https:\/\/info.sadowne.pl\/wp-content\/uploads\/2019\/06\/2019.06.18.7.jpg'><img loading=\"lazy\" decoding=\"async\" width=\"180\" height=\"130\" src=\"https:\/\/info.sadowne.pl\/wp-content\/uploads\/2019\/06\/2019.06.18.7-180x130.jpg\" class=\"attachment-thumbnail size-thumbnail\" alt=\"\" \/><\/a>\n\t\t\t<\/dt><\/dl>\n\t\t\t<br style='clear: both' \/>\n\t\t<\/div>\n\n<p><strong>Tekst:<\/strong> S\u0142awek Chyli\u0144ski<\/p>\n<p><strong>Foto:<\/strong> Agata S\u0119dek<\/p>\n","protected":false},"excerpt":{"rendered":"<p>18 czerwca Urz\u0105d Marsza\u0142kowski Wojew\u00f3dztwa Mazowieckiego uroczy\u015bcie podsumowa\u0142 \u201eKonkurs \u2013 zbi\u00f3rka surowc\u00f3w wt\u00f3rnych\u201d. Przedszkole w Sadownem zaj\u0119\u0142o w nim III miejsce.<\/p>\n","protected":false},"author":1,"featured_media":0,"comment_status":"closed","ping_status":"closed","sticky":false,"template":"","format":"standard","meta":{"footnotes":""},"categories":[5,1752,561],"tags":[3127,2286],"class_list":["post-20616","post","type-post","status-publish","format-standard","hentry","category-newsy","category-edukacja","category-przedszkole-w-sadownem","tag-konkurs-zbiorka-surowcow-wtornych","tag-przedszkole-w-sadownem"],"views":3182,"_links":{"self":[{"href":"https:\/\/info.sadowne.pl\/index.php?rest_route=\/wp\/v2\/posts\/20616","targetHints":{"allow":["GET"]}}],"collection":[{"href":"https:\/\/info.sadowne.pl\/index.php?rest_route=\/wp\/v2\/posts"}],"about":[{"href":"https:\/\/info.sadowne.pl\/index.php?rest_route=\/wp\/v2\/types\/post"}],"author":[{"embeddable":true,"href":"https:\/\/info.sadowne.pl\/index.php?rest_route=\/wp\/v2\/users\/1"}],"replies":[{"embeddable":true,"href":"https:\/\/info.sadowne.pl\/index.php?rest_route=%2Fwp%2Fv2%2Fcomments&post=20616"}],"version-history":[{"count":1,"href":"https:\/\/info.sadowne.pl\/index.php?rest_route=\/wp\/v2\/posts\/20616\/revisions"}],"predecessor-version":[{"id":20624,"href":"https:\/\/info.sadowne.pl\/index.php?rest_route=\/wp\/v2\/posts\/20616\/revisions\/20624"}],"wp:attachment":[{"href":"https:\/\/info.sadowne.pl\/index.php?rest_route=%2Fwp%2Fv2%2Fmedia&parent=20616"}],"wp:term":[{"taxonomy":"category","embeddable":true,"href":"https:\/\/info.sadowne.pl\/index.php?rest_route=%2Fwp%2Fv2%2Fcategories&post=20616"},{"taxonomy":"post_tag","embeddable":true,"href":"https:\/\/info.sadowne.pl\/index.php?rest_route=%2Fwp%2Fv2%2Ftags&post=20616"}],"curies":[{"name":"wp","href":"https:\/\/api.w.org\/{rel}","templated":true}]}}