{"id":20628,"date":"2019-06-19T16:45:29","date_gmt":"2019-06-19T14:45:29","guid":{"rendered":"http:\/\/info.sadowne.pl\/?p=20628"},"modified":"2019-06-19T16:45:29","modified_gmt":"2019-06-19T14:45:29","slug":"45-rocznica-zakonczenia-dzialalnosci-szkoly-w-wilczogebach","status":"publish","type":"post","link":"https:\/\/info.sadowne.pl\/?p=20628","title":{"rendered":"45. rocznica zako\u0144czenia dzia\u0142alno\u015bci szko\u0142y w Wilczog\u0119bach"},"content":{"rendered":"<p><strong><img loading=\"lazy\" decoding=\"async\" class=\"alignleft size-thumbnail wp-image-20629\" src=\"http:\/\/info.sadowne.pl\/wp-content\/uploads\/2019\/06\/2019.06.19.11-180x130.jpg\" alt=\"\" width=\"180\" height=\"130\" \/>20 czerwca up\u0142ywa 45 lat od zako\u0144czenia dzia\u0142alno\u015bci szko\u0142y powszechnej w Wilczog\u0119bach. <\/strong><!--more--><\/p>\n<p>Utworzona przez w\u0142adze Niepodleg\u0142ej Rzeczypospolitej w 1919 roku, gdyby istnia\u0142a do dzisiaj, \u015bwi\u0119towa\u0142aby we wrze\u015bniu swoje 100-lecie. Wojna przerwa\u0142a dzia\u0142alno\u015b\u0107 szko\u0142y, ale we wsi pozosta\u0142a nauczycielka Maria Nowicka, kt\u00f3ra uczy\u0142a dzieci z Wilczog\u0105b przez ca\u0142y okres okupacji niemieckiej.<\/p>\n<p><a href=\"http:\/\/info.sadowne.pl\/wp-content\/uploads\/2019\/06\/2019.06.19.11.jpg\" target=\"_blank\" rel=\"noopener noreferrer\"><img loading=\"lazy\" decoding=\"async\" class=\"alignright wp-image-20629 size-medium\" src=\"http:\/\/info.sadowne.pl\/wp-content\/uploads\/2019\/06\/2019.06.19.11-300x200.jpg\" alt=\"\" width=\"300\" height=\"200\" srcset=\"https:\/\/info.sadowne.pl\/wp-content\/uploads\/2019\/06\/2019.06.19.11-300x200.jpg 300w, https:\/\/info.sadowne.pl\/wp-content\/uploads\/2019\/06\/2019.06.19.11.jpg 609w\" sizes=\"auto, (max-width: 300px) 100vw, 300px\" \/><\/a>G\u0142\u00f3wnym powodem zako\u0144czenia dzia\u0142alno\u015bci szko\u0142y w Wilczog\u0119bach by\u0142a ma\u0142a liczba ucz\u0119szczaj\u0105cych do niej dzieci. W ostatnim roku szkolnym \u2013 1973\/74 by\u0142o ich jedynie 13 w trzech oddzia\u0142ach i mia\u0142a tylko jednego nauczyciela \u2013 Iren\u0119 Kowalczyk. Zgodnie ze stanowiskiem \u00f3wczesnych w\u0142adz, nie by\u0142o sensu utrzymywanie takich szk\u00f3\u0142, bo przyczynia\u0142o si\u0119 to do pog\u0142\u0119biania r\u00f3\u017cnic w wykszta\u0142ceniu ich uczni\u00f3w w por\u00f3wnaniu z uczniami szk\u00f3\u0142 siedmioklasowych. W szkole w Wilczog\u0119bach nigdy nie by\u0142o siedmiu klas i dzieci ze starszych klas i tak ucz\u0119szcza\u0142y do szko\u0142y w Sadownem lub Grabinach.<\/p>\n<p>Po szkole pozosta\u0142y w Wilczog\u0119bach dwa budynki, jeden \u2013 oddany do u\u017cytku w 1926 roku, w kt\u00f3rym nauka odbywa\u0142a si\u0119 w latach 1926-67, po spaleniu si\u0119 pierwszego budynku, w kt\u00f3rym zlokalizowana by\u0142a szko\u0142a i drugi \u2013 tzw. szko\u0142a tysi\u0105clecia, do kt\u00f3rego dzieci przenios\u0142y si\u0119 w 1967 roku, mimo \u017ce jego formalne oddanie do u\u017cytku mia\u0142o miejsce w 1968 roku. W budynku tym dzieci uczy\u0142y si\u0119 do ko\u0144ca funkcjonowania szko\u0142y w Wilczog\u0119bach w 1974 roku.<\/p>\n<p><img loading=\"lazy\" decoding=\"async\" class=\"alignleft size-full wp-image-20630\" src=\"http:\/\/info.sadowne.pl\/wp-content\/uploads\/2019\/06\/2019.06.19.12.jpg\" alt=\"\" width=\"196\" height=\"268\" \/>Niemniej cenn\u0105 pozosta\u0142o\u015bci\u0105 jest Kronika Szko\u0142y obejmuj\u0105ca lata 1919-74, zapocz\u0105tkowana przez pierwszego nauczyciela szko\u0142y Czes\u0142awa Wycecha w 1922 roku i znajduj\u0105ca si\u0119 w zbiorach Muzeum Ziemi Sadowie\u0144skiej. W pami\u0119ci mieszka\u0144c\u00f3w zapisali si\u0119 te\u017c inni nauczyciele szko\u0142y: Tomasz Szczechura, J\u00f3zef Froelich, Czes\u0142aw \u017bdrzalik, Jan Borowy, kt\u00f3rzy aktywnie anga\u017cowali si\u0119 w \u017cycie wsi, pe\u0142ni\u0105c funkcje w zarz\u0105dach lub wspieraj\u0105c dzia\u0142alno\u015b\u0107 miejscowych organizacji: Ochotniczej Stra\u017cy Po\u017carnej, K\u00f3\u0142ka Rolniczego, Ko\u0142a Gospody\u0144 Wiejskich, Zwi\u0105zku M\u0142odzie\u017cy Wiejskiej.<\/p>\n<p><a href=\"http:\/\/info.sadowne.pl\/wp-content\/uploads\/2019\/06\/2019.06.19.13.jpg\" target=\"_blank\" rel=\"noopener noreferrer\"><img loading=\"lazy\" decoding=\"async\" class=\"alignright wp-image-20631 size-medium\" src=\"http:\/\/info.sadowne.pl\/wp-content\/uploads\/2019\/06\/2019.06.19.13-300x200.jpg\" alt=\"\" width=\"300\" height=\"200\" srcset=\"https:\/\/info.sadowne.pl\/wp-content\/uploads\/2019\/06\/2019.06.19.13-300x200.jpg 300w, https:\/\/info.sadowne.pl\/wp-content\/uploads\/2019\/06\/2019.06.19.13.jpg 609w\" sizes=\"auto, (max-width: 300px) 100vw, 300px\" \/><\/a>Budynek z 1926 roku znajduje si\u0119 na prywatnej dzia\u0142ce, naprzeciwko Pomnika POW przy wje\u017adzie do wsi, natomiast ten z 1967 roku jest od 1985 roku w posiadaniu Ochotniczej Stra\u017cy Po\u017carnej w Wilczog\u0119bach. Dzi\u0119ki wielkim staraniom stra\u017cak\u00f3w prezentuje si\u0119 on dzisiaj \u2013 mimo istotnych zmian &#8211; nie gorzej, ni\u017c w dniu jego uroczystego oddania do u\u017cytku na potrzeby szko\u0142y. To przed nim i w nim odb\u0119d\u0105 si\u0119 g\u0142\u00f3wne uroczysto\u015bci obchod\u00f3w 100-lecia powstania Ochotniczej Stra\u017cy Po\u017carnej w Wilczog\u0119bach w ostatnim dniu czerwca br.<\/p>\n<p>&nbsp;<\/p>\n<p><strong>Tekst\/foto:<\/strong> Stanis\u0142aw Stebelski<\/p>\n","protected":false},"excerpt":{"rendered":"<p>20 czerwca up\u0142ywa 45 lat od zako\u0144czenia dzia\u0142alno\u015bci szko\u0142y powszechnej w Wilczog\u0119bach.<\/p>\n","protected":false},"author":1,"featured_media":0,"comment_status":"closed","ping_status":"closed","sticky":false,"template":"","format":"standard","meta":{"footnotes":""},"categories":[5,2397,4,267],"tags":[79,3095,3129,3130,912],"class_list":["post-20628","post","type-post","status-publish","format-standard","hentry","category-newsy","category-osp-wilczogeby","category-policja-straz-pozarna-pogotowie-ratunkowe","category-straz-pozarna-policja-straz-pozarna-pogotowie-ratunkowe","tag-muzeum-ziemi-sadowienskiej","tag-osp-wilczogeby","tag-stanislaw-stebelski","tag-szkola-w-wilczogebach","tag-wilczogeby"],"views":3350,"_links":{"self":[{"href":"https:\/\/info.sadowne.pl\/index.php?rest_route=\/wp\/v2\/posts\/20628","targetHints":{"allow":["GET"]}}],"collection":[{"href":"https:\/\/info.sadowne.pl\/index.php?rest_route=\/wp\/v2\/posts"}],"about":[{"href":"https:\/\/info.sadowne.pl\/index.php?rest_route=\/wp\/v2\/types\/post"}],"author":[{"embeddable":true,"href":"https:\/\/info.sadowne.pl\/index.php?rest_route=\/wp\/v2\/users\/1"}],"replies":[{"embeddable":true,"href":"https:\/\/info.sadowne.pl\/index.php?rest_route=%2Fwp%2Fv2%2Fcomments&post=20628"}],"version-history":[{"count":1,"href":"https:\/\/info.sadowne.pl\/index.php?rest_route=\/wp\/v2\/posts\/20628\/revisions"}],"predecessor-version":[{"id":20632,"href":"https:\/\/info.sadowne.pl\/index.php?rest_route=\/wp\/v2\/posts\/20628\/revisions\/20632"}],"wp:attachment":[{"href":"https:\/\/info.sadowne.pl\/index.php?rest_route=%2Fwp%2Fv2%2Fmedia&parent=20628"}],"wp:term":[{"taxonomy":"category","embeddable":true,"href":"https:\/\/info.sadowne.pl\/index.php?rest_route=%2Fwp%2Fv2%2Fcategories&post=20628"},{"taxonomy":"post_tag","embeddable":true,"href":"https:\/\/info.sadowne.pl\/index.php?rest_route=%2Fwp%2Fv2%2Ftags&post=20628"}],"curies":[{"name":"wp","href":"https:\/\/api.w.org\/{rel}","templated":true}]}}