{"id":20636,"date":"2019-06-19T17:02:57","date_gmt":"2019-06-19T15:02:57","guid":{"rendered":"http:\/\/info.sadowne.pl\/?p=20636"},"modified":"2019-06-19T17:02:57","modified_gmt":"2019-06-19T15:02:57","slug":"zegnaj-szkolo","status":"publish","type":"post","link":"https:\/\/info.sadowne.pl\/?p=20636","title":{"rendered":"\u017begnaj szko\u0142o!"},"content":{"rendered":"<p><strong><a href=\"http:\/\/info.sadowne.pl\/wp-content\/uploads\/2019\/06\/2019.06.19.2.jpg\" target=\"_blank\" rel=\"noopener noreferrer\"><img loading=\"lazy\" decoding=\"async\" class=\"alignleft wp-image-20637 size-thumbnail\" src=\"http:\/\/info.sadowne.pl\/wp-content\/uploads\/2019\/06\/2019.06.19.2-180x130.jpg\" alt=\"\" width=\"180\" height=\"130\" \/><\/a>W dniu 19 czerwca 2019 r. w Szkole Podstawowej im. Czes\u0142awa Wycecha w Sadownem odby\u0142o si\u0119 uroczyste zako\u0144czenie roku szkolnego 2018\/2019. <\/strong><!--more--><\/p>\n<p>Przez 10 miesi\u0119cy uczniowie szko\u0142y zdobywali wiedz\u0119, rozwijali swoje umiej\u0119tno\u015bci i zainteresowania, a w dniu dzisiejszym zostali za to nagrodzeni. W tym roku 42 uczni\u00f3w uko\u0144czy\u0142o o\u015bmioletni\u0105 szko\u0142\u0119 podstawow\u0105.<\/p>\n<p>\u017byczymy wszystkim uczniom s\u0142onecznych i bezpiecznych wakacji, a absolwentom szko\u0142y sukces\u00f3w na dalszym etapie nauki.<\/p>\n<p>Do zobaczenia we wrze\u015bniu!<\/p>\n<p><strong>Dyrektor szko\u0142y<\/strong><\/p>\n<p><strong>Ma\u0142gorzata Koro\u015b<\/strong><\/p>\n<p><span style=\"color: #0000ff;\"><a style=\"color: #0000ff;\" href=\"https:\/\/photos.app.goo.gl\/aCuJzq7q81u8omDi6\" target=\"_blank\" rel=\"noopener noreferrer\"><strong>Zdj\u0119cia w galerii Google&gt;&gt;&gt;<\/strong><\/a><\/span><\/p>\n<p><strong>Foto: <\/strong>SP Sadowne<\/p>\n","protected":false},"excerpt":{"rendered":"<p>W dniu 19 czerwca 2019 r. w Szkole Podstawowej im. Czes\u0142awa Wycecha w Sadownem odby\u0142o si\u0119 uroczyste zako\u0144czenie roku szkolnego 2018\/2019.<\/p>\n","protected":false},"author":1,"featured_media":0,"comment_status":"closed","ping_status":"closed","sticky":false,"template":"","format":"standard","meta":{"footnotes":""},"categories":[5,1752,84],"tags":[3131,16,3132],"class_list":["post-20636","post","type-post","status-publish","format-standard","hentry","category-newsy","category-edukacja","category-szkola-podstawowa-im-cz-wycecha","tag-malgorzata-koros","tag-szkola-podstawowa-w-sadownem","tag-zakonczenie-roku-szkolnego-20182019"],"views":3475,"_links":{"self":[{"href":"https:\/\/info.sadowne.pl\/index.php?rest_route=\/wp\/v2\/posts\/20636","targetHints":{"allow":["GET"]}}],"collection":[{"href":"https:\/\/info.sadowne.pl\/index.php?rest_route=\/wp\/v2\/posts"}],"about":[{"href":"https:\/\/info.sadowne.pl\/index.php?rest_route=\/wp\/v2\/types\/post"}],"author":[{"embeddable":true,"href":"https:\/\/info.sadowne.pl\/index.php?rest_route=\/wp\/v2\/users\/1"}],"replies":[{"embeddable":true,"href":"https:\/\/info.sadowne.pl\/index.php?rest_route=%2Fwp%2Fv2%2Fcomments&post=20636"}],"version-history":[{"count":1,"href":"https:\/\/info.sadowne.pl\/index.php?rest_route=\/wp\/v2\/posts\/20636\/revisions"}],"predecessor-version":[{"id":20638,"href":"https:\/\/info.sadowne.pl\/index.php?rest_route=\/wp\/v2\/posts\/20636\/revisions\/20638"}],"wp:attachment":[{"href":"https:\/\/info.sadowne.pl\/index.php?rest_route=%2Fwp%2Fv2%2Fmedia&parent=20636"}],"wp:term":[{"taxonomy":"category","embeddable":true,"href":"https:\/\/info.sadowne.pl\/index.php?rest_route=%2Fwp%2Fv2%2Fcategories&post=20636"},{"taxonomy":"post_tag","embeddable":true,"href":"https:\/\/info.sadowne.pl\/index.php?rest_route=%2Fwp%2Fv2%2Ftags&post=20636"}],"curies":[{"name":"wp","href":"https:\/\/api.w.org\/{rel}","templated":true}]}}