{"id":20650,"date":"2019-06-21T21:51:45","date_gmt":"2019-06-21T19:51:45","guid":{"rendered":"http:\/\/info.sadowne.pl\/?p=20650"},"modified":"2019-06-21T21:51:45","modified_gmt":"2019-06-21T19:51:45","slug":"zlote-gody-2019","status":"publish","type":"post","link":"https:\/\/info.sadowne.pl\/?p=20650","title":{"rendered":"\u201eZ\u0142ote Gody\u201d 2019"},"content":{"rendered":"<p><strong><a href=\"http:\/\/info.sadowne.pl\/wp-content\/uploads\/2019\/06\/2019.06.21.1.jpg\" target=\"_blank\" rel=\"noopener noreferrer\"><img loading=\"lazy\" decoding=\"async\" class=\"alignleft wp-image-20651 size-thumbnail\" src=\"http:\/\/info.sadowne.pl\/wp-content\/uploads\/2019\/06\/2019.06.21.1-180x130.jpg\" alt=\"\" width=\"180\" height=\"130\" \/><\/a>13 par ma\u0142\u017ce\u0144skich z terenu Gminy Sadowne uroczy\u015bcie obchodzi\u0142o sw\u00f3j \u201ez\u0142oty\u201d Jubileusz.<\/strong><!--more--><\/p>\n<p>Ma\u0142\u017conkom, kt\u00f3rzy mog\u0105 pochwali\u0107 si\u0119 ponad pi\u0119\u0107dziesi\u0119cioletnim \u201esta\u017cem\u201d w ma\u0142\u017ce\u0144stwie, Prezydent RP przyznaje medale \u201eZa d\u0142ugoletnie po\u017cycie ma\u0142\u017ce\u0144skie\u201d. 21 czerwca na uroczysto\u015b\u0107 wr\u0119czenia takich medali zaproszonych zosta\u0142o 13 par ma\u0142\u017ce\u0144skich z Gminy Sadowne \u2013 szkoda, \u017ce nie wszystkie pary mog\u0142y w niej wzi\u0105\u0107 udzia\u0142. A Jubilatami byli:<\/p>\n<ol>\n<li><strong>Pa\u0144stwo Jadwiga i Kazimierz Jakubowscy \u2013 52 rocznica<\/strong><\/li>\n<li><strong>Pa\u0144stwo Wac\u0142awa i Mieczys\u0142aw K\u0142usek \u2013 51 rocznica<\/strong><\/li>\n<li><strong>Pa\u0144stwo Krystyna i Marian Kowalczyk \u2013 52 rocznica<\/strong><\/li>\n<li><strong>Pa\u0144stwo El\u017cbieta i Janusz Kuta \u2013 51 rocznica<\/strong><\/li>\n<li><strong>Pa\u0144stwo Janina i Jan Ma\u0142ki\u0144scy \u2013 52 rocznica<\/strong><\/li>\n<li><strong>Pa\u0144stwo Teresa i Lucjan Pu\u015bcion \u2013 51 rocznica<\/strong><\/li>\n<li><strong>Pa\u0144stwo Halina i Tadeusz Radzikowscy \u2013 52 rocznica<\/strong><\/li>\n<li><strong>Pa\u0144stwo Marianna i Tadeusz Renik \u2013 51 rocznica<\/strong><\/li>\n<li><strong>Pa\u0144stwo Jadwiga i Jan \u015alepowro\u0144scy \u2013 52 rocznica<\/strong><\/li>\n<li><strong>Pa\u0144stwo Marianna i Zygmunt Szymanik \u2013 51 rocznica<\/strong><\/li>\n<li><strong>Pa\u0144stwo Danuta i Teodor W\u00f3dka \u2013 51 rocznica<\/strong><\/li>\n<li><strong>Pa\u0144stwo Maria i Tadeusz Wr\u00f3bel \u2013 52 rocznica<\/strong><\/li>\n<li><strong>Pa\u0144stwo Anna i Leszek Wyrobek \u2013 51 rocznica<\/strong><\/li>\n<\/ol>\n<p>Uroczysto\u015b\u0107 specjalnie dla naszych Jubilat\u00f3w przygotowa\u0142 miejscowy Urz\u0105d Stanu Cywilnego, a poprzedzi\u0142a j\u0105 msza \u015bw. w ich intencji, odprawiona w miejscowym ko\u015bciele parafialnym.<\/p>\n<p>Podczas uroczystego spotkania w Restauracji Za\u015bcianek Nowy Styl w Sadownem, w imieniu Prezydenta RP Andrzeja Dudy ma\u0142\u017conkom medale wr\u0119czyli: W\u00f3jt Gminy Sadowne p. Waldemar Cyran z ma\u0142\u017conk\u0105 Katarzyn\u0105, Zast\u0119pca W\u00f3jta p. Marcin Gr\u0119da, Kierownik USC w Sadownem p. Renata Urbankowska i Proboszcz sadowie\u0144skiej Parafii ks. Stanis\u0142aw Wojciechowski.<\/p>\n<p>W tak uroczystej chwili Jubilatom towarzyszyli te\u017c najbli\u017csi, a opraw\u0119 muzyczn\u0105 przygotowa\u0142 Zesp\u00f3\u0142 \u015apiewaczy \u201eSadowianki\u201d. Po dekoracji oczywi\u015bcie nie oby\u0142o si\u0119 bez \u017cycze\u0144, lampki szampana i s\u0142odkiego pocz\u0119stunku \u2013 r\u00f3wnie\u017c niespodzianki w postaci tortu.<\/p>\n<p>My r\u00f3wnie\u017c przy\u0142\u0105czamy si\u0119 do Gratulacji i \u017cyczymy wszystkiego dobrego na kolejne wsp\u00f3lne lata.<\/p>\n<p><span style=\"color: #0000ff;\"><a style=\"color: #0000ff;\" href=\"https:\/\/photos.app.goo.gl\/XE9Cgkkj6uxFaqzXA\" target=\"_blank\" rel=\"noopener noreferrer\"><strong>Zdj\u0119cia w galerii Google&gt;&gt;&gt;<\/strong><\/a><\/span><\/p>\n<p><strong>Tekst\/foto:<\/strong> S\u0142awek Chyli\u0144ski<\/p>\n","protected":false},"excerpt":{"rendered":"<p>13 par ma\u0142\u017ce\u0144skich z terenu Gminy Sadowne uroczy\u015bcie obchodzi\u0142o sw\u00f3j \u201ez\u0142oty\u201d Jubileusz.<\/p>\n","protected":false},"author":1,"featured_media":0,"comment_status":"closed","ping_status":"closed","sticky":false,"template":"","format":"standard","meta":{"footnotes":""},"categories":[5,41],"tags":[1015,3135],"class_list":["post-20650","post","type-post","status-publish","format-standard","hentry","category-newsy","category-wiesci-gminne","tag-zlote-gody-w-sadownem","tag-urzad-stanu-cywilnego-w-sadownem"],"views":4061,"_links":{"self":[{"href":"https:\/\/info.sadowne.pl\/index.php?rest_route=\/wp\/v2\/posts\/20650","targetHints":{"allow":["GET"]}}],"collection":[{"href":"https:\/\/info.sadowne.pl\/index.php?rest_route=\/wp\/v2\/posts"}],"about":[{"href":"https:\/\/info.sadowne.pl\/index.php?rest_route=\/wp\/v2\/types\/post"}],"author":[{"embeddable":true,"href":"https:\/\/info.sadowne.pl\/index.php?rest_route=\/wp\/v2\/users\/1"}],"replies":[{"embeddable":true,"href":"https:\/\/info.sadowne.pl\/index.php?rest_route=%2Fwp%2Fv2%2Fcomments&post=20650"}],"version-history":[{"count":1,"href":"https:\/\/info.sadowne.pl\/index.php?rest_route=\/wp\/v2\/posts\/20650\/revisions"}],"predecessor-version":[{"id":20652,"href":"https:\/\/info.sadowne.pl\/index.php?rest_route=\/wp\/v2\/posts\/20650\/revisions\/20652"}],"wp:attachment":[{"href":"https:\/\/info.sadowne.pl\/index.php?rest_route=%2Fwp%2Fv2%2Fmedia&parent=20650"}],"wp:term":[{"taxonomy":"category","embeddable":true,"href":"https:\/\/info.sadowne.pl\/index.php?rest_route=%2Fwp%2Fv2%2Fcategories&post=20650"},{"taxonomy":"post_tag","embeddable":true,"href":"https:\/\/info.sadowne.pl\/index.php?rest_route=%2Fwp%2Fv2%2Ftags&post=20650"}],"curies":[{"name":"wp","href":"https:\/\/api.w.org\/{rel}","templated":true}]}}