{"id":20653,"date":"2019-06-22T09:29:19","date_gmt":"2019-06-22T07:29:19","guid":{"rendered":"http:\/\/info.sadowne.pl\/?p=20653"},"modified":"2019-06-22T09:29:19","modified_gmt":"2019-06-22T07:29:19","slug":"sobotkowe-spotkanie-w-sadownem","status":"publish","type":"post","link":"https:\/\/info.sadowne.pl\/?p=20653","title":{"rendered":"Sob\u00f3tkowe spotkanie w Sadownem"},"content":{"rendered":"<p><strong><a href=\"http:\/\/info.sadowne.pl\/wp-content\/uploads\/2019\/06\/2019.06.22.1.jpg\" target=\"_blank\" rel=\"noopener noreferrer\"><img loading=\"lazy\" decoding=\"async\" class=\"alignleft wp-image-20654 size-thumbnail\" src=\"http:\/\/info.sadowne.pl\/wp-content\/uploads\/2019\/06\/2019.06.22.1-180x130.jpg\" alt=\"\" width=\"180\" height=\"130\" \/><\/a>21 czerwca rozpocz\u0119\u0142y si\u0119 trzydniowe Sob\u00f3tkowe Spotkania Folklorystyczne, kt\u00f3re organizuje Starostwo Powiatowe w W\u0119growie. Pierwsze spotkanie odby\u0142o si\u0119 w Sadownem.<em>\u00a0\u00a0\u00a0\u00a0\u00a0\u00a0\u00a0\u00a0 <\/em><\/strong><!--more--><\/p>\n<p>Jak podaj\u0105 sadowie\u0144scy organizatorzy Sob\u00f3tkowych Spotka\u0144, \u015awi\u0119toja\u0144ska Noc, noc wigilii \u015bw. Jana Chrzciciela, to wa\u017cna data w naszej kulturze. Jest zawsze wielkim \u015bwi\u0119tem, szczeg\u00f3lnie dla nas mieszka\u0144c\u00f3w Sadownego. Obchodzona jest w porze letniego przesilenia s\u0142o\u0144ca, w najkr\u00f3tsz\u0105 noc roku z 23 na 24 czerwca i najd\u0142u\u017cszy dzie\u0144 24 czerwca. Rozpoczyna si\u0119 d\u0142ugo wyczekiwane lato.<\/p>\n<p>Dawniej, w wigili\u0119 \u015bw. Jana na wzg\u00f3rzach i le\u015bnych polanach palono ogniska, szukano kwiatu paproci, a panienki puszcza\u0142y wianki na wod\u0119. Te \u015bwi\u0119to obros\u0142o w wiele niezwyk\u0142ych obrz\u0119d\u00f3w i zwyczaj\u00f3w w kulturze ludowej. R\u00f3wnie\u017c w naszej katolickiej tradycji 24 czerwca jest dat\u0105 niezwyk\u0142\u0105. Po radosnym \u015bwi\u0119cie powitania lata przychodzi\u0142 dzie\u0144 wspomnienia \u015bwi\u0119tego m\u0119\u017ca \u2013 patrona naszej parafii &#8211; Jana Chrzciciela, syna kap\u0142ana Zachariasza i El\u017cbiety, ostatniego proroka Starego Testamentu, a zarazem pierwszego proroka Nowego Testamentu.<\/p>\n<p>Dlatego te\u017c spo\u0142eczno\u015b\u0107 Sadownego r\u00f3wnie\u017c w\u0142\u0105czy\u0142a si\u0119 w t\u0119 odwieczn\u0105 tradycj\u0119, a w jej imieniu Zesp\u00f3\u0142 Szk\u00f3\u0142 Ponadgimnazjalnych, organizuj\u0105c u siebie jedno ze spotka\u0144 z folklorem.\u00a0 P\u00f3\u017anym popo\u0142udniem 21 czerwca w Gminnej Hali Sportowej w Sadownem przyby\u0142ych na to spotkanie powita\u0142 Dyrektor ZSP w Sadownem p. S\u0142awomir Ryszawa.<\/p>\n<p>W imieniu organizator\u00f3w folkowe spotkanie poprowadzili: Wicestarosta W\u0119growski p. Marek Renik oraz tegoroczna absolwentka LO Sadowne &#8211; Zuzanna Majba\u0144ska. Widzowie mieli okazj\u0119 obejrze\u0107 ta\u0144ce z r\u00f3\u017cnych region\u00f3w Polski w wykonaniu m\u0142odzie\u017cy ze \u015brednich szk\u00f3\u0142 powiatu w\u0119growskiego. Na parkiecie wyst\u0105pili: Zesp\u00f3\u0142 Ta\u0144ca Ludowego \u201eOrkan\u201d z ZSP Sadowne, Zesp\u00f3\u0142 Ta\u0144ca i Pie\u015bni \u201eZawierucha\u201d z LO w W\u0119growie, Zesp\u00f3\u0142 Ta\u0144ca Ludowego \u201eSadzewiczowa\u201d z LO w \u0141ochowie, a tak\u017ce dwa zespo\u0142y ta\u0144ca ludowego z Kosiva na Ukrainie: \u201eZielony Talizman\u201d i \u201eKosivskie Wizerunki\u201d.\u00a0 Widzowie mieli te\u017c okazj\u0119 us\u0142ysze\u0107, a nawet wsp\u00f3lnie za\u015bpiewa\u0107, znane i lubiane piosenki ludowe w wykonaniu Zespo\u0142u \u015apiewaczego \u201eSadowianki\u201d.<\/p>\n<p>Warto zaznaczy\u0107, \u017ce sadowie\u0144ski koncert by\u0142 pierwszym z trzech Folkowych Spotka\u0144 Sob\u00f3tkowych. Kolejne odb\u0119d\u0105 si\u0119: w sobot\u0119 22 czerwca &#8211; w LO W\u0119gr\u00f3w oraz w niedziel\u0119 23 czerwca \u2013 na b\u0142oniach Pa\u0142acu w \u0141ochowie. Polecamy i zach\u0119camy do udzia\u0142u, bo s\u0105 to niepowtarzalne chwile kontaktu z naszymi tradycjami i osobami, kt\u00f3re wspaniale je podtrzymuj\u0105. Brawa dla nich!<\/p>\n<p><span style=\"color: #0000ff;\"><a style=\"color: #0000ff;\" href=\"https:\/\/photos.app.goo.gl\/SWa2pVB5ekGmut2x6\" target=\"_blank\" rel=\"noopener noreferrer\"><strong>Zdj\u0119cia w galerii Google \u2013 cz\u0119\u015b\u0107 I&gt;&gt;&gt;<\/strong><\/a><\/span><\/p>\n<p><span style=\"color: #0000ff;\"><a style=\"color: #0000ff;\" href=\"https:\/\/photos.app.goo.gl\/ph1rxTFpmr5VXJRXA\" target=\"_blank\" rel=\"noopener noreferrer\"><strong>Zdj\u0119cia w galerii Google \u2013 cz\u0119\u015b\u0107 II&gt;&gt;&gt;<\/strong><\/a><\/span><\/p>\n<p><strong>Tekst: <\/strong>S\u0142awek Chyli\u0144ski\/Miros\u0142awa Renik<\/p>\n<p><strong>Foto: <\/strong>S\u0142awek Chyli\u0144ski<\/p>\n","protected":false},"excerpt":{"rendered":"<p>21 czerwca rozpocz\u0119\u0142y si\u0119 trzydniowe Sob\u00f3tkowe Spotkania Folklorystyczne, kt\u00f3re organizuje Starostwo Powiatowe w W\u0119growie. Pierwsze spotkanie odby\u0142o si\u0119 w Sadownem.\u00a0\u00a0\u00a0\u00a0\u00a0\u00a0\u00a0\u00a0<\/p>\n","protected":false},"author":1,"featured_media":0,"comment_status":"closed","ping_status":"closed","sticky":false,"template":"","format":"standard","meta":{"footnotes":""},"categories":[5,1752,85],"tags":[428,3136,182,3134],"class_list":["post-20653","post","type-post","status-publish","format-standard","hentry","category-newsy","category-edukacja","category-zsp","tag-miroslawa-renik","tag-sobotkowe-spotkania-folklorystyczne","tag-zespol-szkol-ponadgimnazjalnych-w-sadownem","tag-zespol-tanca-ludowego-orkan-w-sadownem"],"views":3463,"_links":{"self":[{"href":"https:\/\/info.sadowne.pl\/index.php?rest_route=\/wp\/v2\/posts\/20653","targetHints":{"allow":["GET"]}}],"collection":[{"href":"https:\/\/info.sadowne.pl\/index.php?rest_route=\/wp\/v2\/posts"}],"about":[{"href":"https:\/\/info.sadowne.pl\/index.php?rest_route=\/wp\/v2\/types\/post"}],"author":[{"embeddable":true,"href":"https:\/\/info.sadowne.pl\/index.php?rest_route=\/wp\/v2\/users\/1"}],"replies":[{"embeddable":true,"href":"https:\/\/info.sadowne.pl\/index.php?rest_route=%2Fwp%2Fv2%2Fcomments&post=20653"}],"version-history":[{"count":1,"href":"https:\/\/info.sadowne.pl\/index.php?rest_route=\/wp\/v2\/posts\/20653\/revisions"}],"predecessor-version":[{"id":20655,"href":"https:\/\/info.sadowne.pl\/index.php?rest_route=\/wp\/v2\/posts\/20653\/revisions\/20655"}],"wp:attachment":[{"href":"https:\/\/info.sadowne.pl\/index.php?rest_route=%2Fwp%2Fv2%2Fmedia&parent=20653"}],"wp:term":[{"taxonomy":"category","embeddable":true,"href":"https:\/\/info.sadowne.pl\/index.php?rest_route=%2Fwp%2Fv2%2Fcategories&post=20653"},{"taxonomy":"post_tag","embeddable":true,"href":"https:\/\/info.sadowne.pl\/index.php?rest_route=%2Fwp%2Fv2%2Ftags&post=20653"}],"curies":[{"name":"wp","href":"https:\/\/api.w.org\/{rel}","templated":true}]}}