{"id":20662,"date":"2019-06-25T13:08:27","date_gmt":"2019-06-25T11:08:27","guid":{"rendered":"http:\/\/info.sadowne.pl\/?p=20662"},"modified":"2019-06-25T13:08:27","modified_gmt":"2019-06-25T11:08:27","slug":"pamietamy-o-poprzednikach-przy-okazji-naszego-100-lecia","status":"publish","type":"post","link":"https:\/\/info.sadowne.pl\/?p=20662","title":{"rendered":"Pami\u0119tamy o poprzednikach przy okazji naszego 100-lecia\u2026"},"content":{"rendered":"<p><strong><a href=\"http:\/\/info.sadowne.pl\/wp-content\/uploads\/2019\/06\/2019.06.25.1.jpg\" target=\"_blank\" rel=\"noopener noreferrer\"><img loading=\"lazy\" decoding=\"async\" class=\"alignleft wp-image-20663 size-thumbnail\" src=\"http:\/\/info.sadowne.pl\/wp-content\/uploads\/2019\/06\/2019.06.25.1-180x130.jpg\" alt=\"\" width=\"180\" height=\"130\" \/><\/a>W niedziel\u0119, 23 czerwca w ramach obchod\u00f3w 100-lecia OSP Wilczog\u0119by uczcili\u015bmy pami\u0119\u0107 naszych druh\u00f3w, kt\u00f3rzy ju\u017c odeszli, zapalaj\u0105c znicze na ich grobach na cmentarzu w Sadownem.<\/strong><!--more--><\/p>\n<p><img loading=\"lazy\" decoding=\"async\" class=\"aligncenter size-full wp-image-20664\" src=\"http:\/\/info.sadowne.pl\/wp-content\/uploads\/2019\/06\/2019.06.25.2.jpg\" alt=\"\" width=\"609\" height=\"407\" srcset=\"https:\/\/info.sadowne.pl\/wp-content\/uploads\/2019\/06\/2019.06.25.2.jpg 609w, https:\/\/info.sadowne.pl\/wp-content\/uploads\/2019\/06\/2019.06.25.2-300x200.jpg 300w\" sizes=\"auto, (max-width: 609px) 100vw, 609px\" \/><\/p>\n<p>Zlokalizowali\u015bmy te\u017c i zapalili\u015bmy znicz na grobie pierwszego prezesa Jednostki J\u00f3zefa Szczechury w Korytnicy.<\/p>\n<p><img loading=\"lazy\" decoding=\"async\" class=\"aligncenter size-full wp-image-20665\" src=\"http:\/\/info.sadowne.pl\/wp-content\/uploads\/2019\/06\/2019.06.25.3.jpg\" alt=\"\" width=\"609\" height=\"407\" srcset=\"https:\/\/info.sadowne.pl\/wp-content\/uploads\/2019\/06\/2019.06.25.3.jpg 609w, https:\/\/info.sadowne.pl\/wp-content\/uploads\/2019\/06\/2019.06.25.3-300x200.jpg 300w\" sizes=\"auto, (max-width: 609px) 100vw, 609px\" \/><\/p>\n<p>G\u0142\u00f3wnymi uczestnikami uroczysto\u015bci by\u0142a m\u0142odzie\u017c i dzieci z Wilczog\u0105b: Jula, Przemek, Mateusz, Zuza, Martyna i Sebastian, kt\u00f3re wybra\u0142y si\u0119 do Sadownego rowerami w towarzystwie druh\u00f3w Barbary, Adama i Stanis\u0142awa.<\/p>\n<p><img loading=\"lazy\" decoding=\"async\" class=\"aligncenter size-full wp-image-20666\" src=\"http:\/\/info.sadowne.pl\/wp-content\/uploads\/2019\/06\/2019.06.25.4.jpg\" alt=\"\" width=\"609\" height=\"407\" srcset=\"https:\/\/info.sadowne.pl\/wp-content\/uploads\/2019\/06\/2019.06.25.4.jpg 609w, https:\/\/info.sadowne.pl\/wp-content\/uploads\/2019\/06\/2019.06.25.4-300x200.jpg 300w\" sizes=\"auto, (max-width: 609px) 100vw, 609px\" \/><\/p>\n<p>Po drodze dzieci poznawa\u0142y histori\u0119 mijanych miejsc: Wilczog\u0105b, Sojk\u00f3wka, Sadownego.<\/p>\n<p><img loading=\"lazy\" decoding=\"async\" class=\"aligncenter size-full wp-image-20667\" src=\"http:\/\/info.sadowne.pl\/wp-content\/uploads\/2019\/06\/2019.06.25.5.jpg\" alt=\"\" width=\"609\" height=\"407\" srcset=\"https:\/\/info.sadowne.pl\/wp-content\/uploads\/2019\/06\/2019.06.25.5.jpg 609w, https:\/\/info.sadowne.pl\/wp-content\/uploads\/2019\/06\/2019.06.25.5-300x200.jpg 300w\" sizes=\"auto, (max-width: 609px) 100vw, 609px\" \/><\/p>\n<p>Pod cmentarzem czekali na nich stra\u017cacy z rodzinami, w tym dzie\u0107mi. Mieszka\u0144cy Wilczog\u0105b z du\u017cym zaanga\u017cowaniem przyj\u0119li pomys\u0142 odwiedzenia grob\u00f3w by\u0142ych stra\u017cak\u00f3w przez dzieci. Dowie\u017ali oni samochodami znicze z nalepkami, specjalnie przygotowanymi na t\u0119 okoliczno\u015b\u0107 do umieszczenia na ka\u017cdym odwiedzanym grobie.<\/p>\n<p><img loading=\"lazy\" decoding=\"async\" class=\"aligncenter size-full wp-image-20668\" src=\"http:\/\/info.sadowne.pl\/wp-content\/uploads\/2019\/06\/2019.06.25.6.jpg\" alt=\"\" width=\"609\" height=\"407\" srcset=\"https:\/\/info.sadowne.pl\/wp-content\/uploads\/2019\/06\/2019.06.25.6.jpg 609w, https:\/\/info.sadowne.pl\/wp-content\/uploads\/2019\/06\/2019.06.25.6-300x200.jpg 300w\" sizes=\"auto, (max-width: 609px) 100vw, 609px\" \/><\/p>\n<p>Podzieleni na grupy dzieci i doro\u015bli przechodzili od grobu do grobu stra\u017cak\u00f3w z Wilczog\u0105b, zapalaj\u0105c znicz i naklejaj\u0105c naklejk\u0119 przy nazwisku druha na nagrobku.<\/p>\n<p><img loading=\"lazy\" decoding=\"async\" class=\"aligncenter size-full wp-image-20669\" src=\"http:\/\/info.sadowne.pl\/wp-content\/uploads\/2019\/06\/2019.06.25.7.jpg\" alt=\"\" width=\"609\" height=\"407\" srcset=\"https:\/\/info.sadowne.pl\/wp-content\/uploads\/2019\/06\/2019.06.25.7.jpg 609w, https:\/\/info.sadowne.pl\/wp-content\/uploads\/2019\/06\/2019.06.25.7-300x200.jpg 300w\" sizes=\"auto, (max-width: 609px) 100vw, 609px\" \/><\/p>\n<p>W sumie odwiedzili\u015bmy prawie 50 grob\u00f3w za\u0142o\u017cycieli i by\u0142ych cz\u0142onk\u00f3w OSP Wilczog\u0119by.<\/p>\n<p><img loading=\"lazy\" decoding=\"async\" class=\"aligncenter size-full wp-image-20670\" src=\"http:\/\/info.sadowne.pl\/wp-content\/uploads\/2019\/06\/2019.06.25.8.jpg\" alt=\"\" width=\"609\" height=\"407\" srcset=\"https:\/\/info.sadowne.pl\/wp-content\/uploads\/2019\/06\/2019.06.25.8.jpg 609w, https:\/\/info.sadowne.pl\/wp-content\/uploads\/2019\/06\/2019.06.25.8-300x200.jpg 300w\" sizes=\"auto, (max-width: 609px) 100vw, 609px\" \/><\/p>\n<p>A przy okazji dzieci poznawa\u0142y swoich przodk\u00f3w i ich zas\u0142ugi dla Jednostki. R\u00f3wnie\u017c dla doros\u0142ych wizyta ta by\u0142a okazj\u0105 do wspomnie\u0144 o swoich bliskich i ich udziale w dzia\u0142alno\u015bci miejscowej stra\u017cy w okresie 100 lat jej istnienia.<\/p>\n<p><img loading=\"lazy\" decoding=\"async\" class=\"aligncenter size-full wp-image-20671\" src=\"http:\/\/info.sadowne.pl\/wp-content\/uploads\/2019\/06\/2019.06.25.9.jpg\" alt=\"\" width=\"609\" height=\"407\" srcset=\"https:\/\/info.sadowne.pl\/wp-content\/uploads\/2019\/06\/2019.06.25.9.jpg 609w, https:\/\/info.sadowne.pl\/wp-content\/uploads\/2019\/06\/2019.06.25.9-300x200.jpg 300w\" sizes=\"auto, (max-width: 609px) 100vw, 609px\" \/><\/p>\n<p>Wizyta na cmentarzu przebieg\u0142a w rodzinnej, ale i uroczystej atmosferze. Rozmowom nie by\u0142o ko\u0144ca.<\/p>\n<p><img loading=\"lazy\" decoding=\"async\" class=\"aligncenter size-full wp-image-20672\" src=\"http:\/\/info.sadowne.pl\/wp-content\/uploads\/2019\/06\/2019.06.25.10.jpg\" alt=\"\" width=\"609\" height=\"407\" srcset=\"https:\/\/info.sadowne.pl\/wp-content\/uploads\/2019\/06\/2019.06.25.10.jpg 609w, https:\/\/info.sadowne.pl\/wp-content\/uploads\/2019\/06\/2019.06.25.10-300x200.jpg 300w\" sizes=\"auto, (max-width: 609px) 100vw, 609px\" \/><\/p>\n<p>A potem by\u0142a nagroda dla dzieci za wspania\u0142y udzia\u0142 w tej uroczysto\u015bci \u2013 lody w kawiarni Marica. Do\u0142\u0105czyli do nich te\u017c doro\u015bli.<\/p>\n<p><img loading=\"lazy\" decoding=\"async\" class=\"aligncenter size-full wp-image-20673\" src=\"http:\/\/info.sadowne.pl\/wp-content\/uploads\/2019\/06\/2019.06.25.11.jpg\" alt=\"\" width=\"609\" height=\"407\" srcset=\"https:\/\/info.sadowne.pl\/wp-content\/uploads\/2019\/06\/2019.06.25.11.jpg 609w, https:\/\/info.sadowne.pl\/wp-content\/uploads\/2019\/06\/2019.06.25.11-300x200.jpg 300w\" sizes=\"auto, (max-width: 609px) 100vw, 609px\" \/><\/p>\n<p>Powr\u00f3t do domu, oczywi\u015bcie na rowerach, odby\u0142 si\u0119 tym razem przez Zarzetk\u0119, aby obejrze\u0107 i pozna\u0107 histori\u0119 kapliczki \u015bw. Jana Nepomucena, kt\u00f3ry sam \u201ewybra\u0142\u201d sobie przed ponad 100 laty miejsce, gdzie chce sta\u0107 i chroni\u0107 przed powodziami mieszka\u0144c\u00f3w gminy Sadowne.<\/p>\n<p><img loading=\"lazy\" decoding=\"async\" class=\"aligncenter size-full wp-image-20674\" src=\"http:\/\/info.sadowne.pl\/wp-content\/uploads\/2019\/06\/2019.06.25.12.jpg\" alt=\"\" width=\"609\" height=\"407\" srcset=\"https:\/\/info.sadowne.pl\/wp-content\/uploads\/2019\/06\/2019.06.25.12.jpg 609w, https:\/\/info.sadowne.pl\/wp-content\/uploads\/2019\/06\/2019.06.25.12-300x200.jpg 300w\" sizes=\"auto, (max-width: 609px) 100vw, 609px\" \/><\/p>\n<p>W miejscowym sklepie na zakr\u0119cie znowu by\u0142y lody. A potem ju\u017c prosto do domu\u2026<\/p>\n<p><img loading=\"lazy\" decoding=\"async\" class=\"aligncenter size-full wp-image-20675\" src=\"http:\/\/info.sadowne.pl\/wp-content\/uploads\/2019\/06\/2019.06.25.13.jpg\" alt=\"\" width=\"609\" height=\"407\" srcset=\"https:\/\/info.sadowne.pl\/wp-content\/uploads\/2019\/06\/2019.06.25.13.jpg 609w, https:\/\/info.sadowne.pl\/wp-content\/uploads\/2019\/06\/2019.06.25.13-300x200.jpg 300w\" sizes=\"auto, (max-width: 609px) 100vw, 609px\" \/><\/p>\n<p><strong>Tekst\/foto:<\/strong> Stanis\u0142aw Stebelski<\/p>\n","protected":false},"excerpt":{"rendered":"<p>W niedziel\u0119, 23 czerwca w ramach obchod\u00f3w 100-lecia OSP Wilczog\u0119by uczcili\u015bmy pami\u0119\u0107 naszych druh\u00f3w, kt\u00f3rzy ju\u017c odeszli, zapalaj\u0105c znicze na ich grobach na cmentarzu w Sadownem.<\/p>\n","protected":false},"author":1,"featured_media":0,"comment_status":"closed","ping_status":"closed","sticky":false,"template":"","format":"standard","meta":{"footnotes":""},"categories":[5,2397,4,267],"tags":[3100,2059,3095,3137,3138],"class_list":["post-20662","post","type-post","status-publish","format-standard","hentry","category-newsy","category-osp-wilczogeby","category-policja-straz-pozarna-pogotowie-ratunkowe","category-straz-pozarna-policja-straz-pozarna-pogotowie-ratunkowe","tag-100-lecie-osp-wilczogeby","tag-kapliczka-sw-jana-nepomucena-w-zalesiu","tag-osp-wilczogeby","tag-wycieczka-rowerowa-na-cmentarz-w-sadownem","tag-zapalenie-zniczy-na-grobach-strazakow"],"views":3705,"_links":{"self":[{"href":"https:\/\/info.sadowne.pl\/index.php?rest_route=\/wp\/v2\/posts\/20662","targetHints":{"allow":["GET"]}}],"collection":[{"href":"https:\/\/info.sadowne.pl\/index.php?rest_route=\/wp\/v2\/posts"}],"about":[{"href":"https:\/\/info.sadowne.pl\/index.php?rest_route=\/wp\/v2\/types\/post"}],"author":[{"embeddable":true,"href":"https:\/\/info.sadowne.pl\/index.php?rest_route=\/wp\/v2\/users\/1"}],"replies":[{"embeddable":true,"href":"https:\/\/info.sadowne.pl\/index.php?rest_route=%2Fwp%2Fv2%2Fcomments&post=20662"}],"version-history":[{"count":1,"href":"https:\/\/info.sadowne.pl\/index.php?rest_route=\/wp\/v2\/posts\/20662\/revisions"}],"predecessor-version":[{"id":20676,"href":"https:\/\/info.sadowne.pl\/index.php?rest_route=\/wp\/v2\/posts\/20662\/revisions\/20676"}],"wp:attachment":[{"href":"https:\/\/info.sadowne.pl\/index.php?rest_route=%2Fwp%2Fv2%2Fmedia&parent=20662"}],"wp:term":[{"taxonomy":"category","embeddable":true,"href":"https:\/\/info.sadowne.pl\/index.php?rest_route=%2Fwp%2Fv2%2Fcategories&post=20662"},{"taxonomy":"post_tag","embeddable":true,"href":"https:\/\/info.sadowne.pl\/index.php?rest_route=%2Fwp%2Fv2%2Ftags&post=20662"}],"curies":[{"name":"wp","href":"https:\/\/api.w.org\/{rel}","templated":true}]}}