{"id":20693,"date":"2019-06-27T10:41:06","date_gmt":"2019-06-27T08:41:06","guid":{"rendered":"http:\/\/info.sadowne.pl\/?p=20693"},"modified":"2021-12-20T17:01:14","modified_gmt":"2021-12-20T16:01:14","slug":"historia-strazakow-z-wilczogab","status":"publish","type":"post","link":"https:\/\/info.sadowne.pl\/?p=20693","title":{"rendered":"Historia stra\u017cak\u00f3w z Wilczog\u0105b"},"content":{"rendered":"<p><strong><a href=\"http:\/\/info.sadowne.pl\/wp-content\/uploads\/2019\/06\/2019.06.27.2.jpg\" target=\"_blank\" rel=\"noopener noreferrer\"><img loading=\"lazy\" decoding=\"async\" class=\"alignleft wp-image-20694 size-thumbnail\" src=\"http:\/\/info.sadowne.pl\/wp-content\/uploads\/2019\/06\/2019.06.27.2-180x130.jpg\" alt=\"\" width=\"180\" height=\"130\" \/><\/a>30 czerwca tego roku b\u0119dzie wielkim \u015bwi\u0119tem dla stra\u017cak\u00f3w z Ochotniczej Stra\u017cy Po\u017carnej w Wilczog\u0119bach, w gminie Sadowne. <\/strong><!--more--><\/p>\n<p>W tym dniu b\u0119d\u0105 oni obchodzi\u0107 100-lecie istnienia swojej Jednostki. Dok\u0142adna data jej utworzenia nie jest znana, ale musia\u0142o to nast\u0105pi\u0107 przed sierpniem 1919 roku, kiedy to cz\u0119\u015b\u0107 stra\u017cak\u00f3w zameldowa\u0142a si\u0119 w 22 siedleckim pu\u0142ku piechoty, aby w jego szeregach broni\u0107 wschodnich rubie\u017cy Rzeczypospolitej. Zbli\u017caj\u0105ca si\u0119 donios\u0142a rocznica sk\u0142ania do przypomnienia g\u0142\u00f3wnych wydarze\u0144 ze stuletniej historii wilczog\u0119bskiej OSP.<\/p>\n<div id=\"attachment_20695\" style=\"width: 619px\" class=\"wp-caption aligncenter\"><img loading=\"lazy\" decoding=\"async\" aria-describedby=\"caption-attachment-20695\" class=\"size-full wp-image-20695\" src=\"http:\/\/info.sadowne.pl\/wp-content\/uploads\/2019\/06\/2019.06.27.3.jpg\" alt=\"\" width=\"609\" height=\"407\" srcset=\"https:\/\/info.sadowne.pl\/wp-content\/uploads\/2019\/06\/2019.06.27.3.jpg 609w, https:\/\/info.sadowne.pl\/wp-content\/uploads\/2019\/06\/2019.06.27.3-300x200.jpg 300w\" sizes=\"auto, (max-width: 609px) 100vw, 609px\" \/><p id=\"caption-attachment-20695\" class=\"wp-caption-text\">Pierwsza Jednostka OSP Wilczog\u0119by ze sztandarem ufundowanym w 1923 roku.<\/p><\/div>\n<p>U zarania niepodleg\u0142o\u015bci w \u017cywej pami\u0119ci mieszka\u0144c\u00f3w Wilczog\u0105b by\u0142y tragiczne okoliczno\u015bci sprzed paru lat ko\u0144ca stuletniego panowania Rosjan. W nocy z 11 na 12 sierpnia 1915 roku wycofuj\u0105ce si\u0119 za Bug oddzia\u0142y rosyjskie spali\u0142y cz\u0119\u015b\u0107 Wilczog\u0105b. Po\u017car dotkn\u0105\u0142 wielu mieszka\u0144c\u00f3w wsi, kt\u00f3rzy jeszcze d\u0142ugo po wojnie odbudowywali swoje domostwa i budynki gospodarcze.<\/p>\n<p>Mia\u0142o to zapewne du\u017cy wp\u0142yw na umocnienie w\u015br\u00f3d mieszka\u0144c\u00f3w wsi \u015bwiadomo\u015bci o potrzebie stworzenia stra\u017cy ogniowej, kt\u00f3ra nios\u0142aby pomoc w takich sytuacjach. A dobry przyk\u0142ad by\u0142 o kilka kilometr\u00f3w st\u0105d po drugiej stronie Bugu, w Broku, gdzie stra\u017c ogniowa dzia\u0142a\u0142a ju\u017c od 1902 roku i w powiatowym W\u0119growie, ze stra\u017c\u0105 od 1898 roku. Tworzy\u0142a si\u0119 te\u017c w tym czasie OSP w Sadownem<\/p>\n<p>Na czele pierwszego Zarz\u0105du OSP w 1919 roku stan\u0105\u0142 J\u00f3zef Szczechura. Jego trzon stanowili m\u0142odzi \u017co\u0142nierze POW: Jan Pu\u015bcion ps. Bia\u0142y &#8211; naczelnik, Jan Ojdana ps. Lu\u015bnia \u2013 z-ca naczelnika, Stefan Gajewski &#8211; adiutant oraz nauczyciel miejscowej szko\u0142y Czes\u0142aw Wycech &#8211; sekretarz.<\/p>\n<p>Wojna o wschodnie granice Rzeczypospolitej i udzia\u0142 stra\u017cak\u00f3w wilczog\u0119bskich w polskich jednostkach najprawdopodobniej zamrozi\u0142a funkcjonowanie OSP w Wilczog\u0119bach na kilkana\u015bcie miesi\u0119cy. Wie\u015b na kr\u00f3tki okres zosta\u0142a te\u017c zaj\u0119ta przez si\u0142y bolszewickie w czasie ich ofensywy na Warszaw\u0119 w sierpniu 1920 roku. Koniec wojny umo\u017cliwi\u0142 powr\u00f3t wilczog\u0119bskich stra\u017cak\u00f3w do domu, gdzie szybko rozwin\u0119li dzia\u0142alno\u015b\u0107 swojej Jednostki.<\/p>\n<div id=\"attachment_20696\" style=\"width: 598px\" class=\"wp-caption aligncenter\"><img loading=\"lazy\" decoding=\"async\" aria-describedby=\"caption-attachment-20696\" class=\"size-full wp-image-20696\" src=\"http:\/\/info.sadowne.pl\/wp-content\/uploads\/2019\/06\/2019.06.27.4.jpg\" alt=\"\" width=\"588\" height=\"390\" srcset=\"https:\/\/info.sadowne.pl\/wp-content\/uploads\/2019\/06\/2019.06.27.4.jpg 588w, https:\/\/info.sadowne.pl\/wp-content\/uploads\/2019\/06\/2019.06.27.4-300x199.jpg 300w\" sizes=\"auto, (max-width: 588px) 100vw, 588px\" \/><p id=\"caption-attachment-20696\" class=\"wp-caption-text\">Remiza z wie\u017c\u0105 OSP w Wilczog\u0119bach tzw. szopa z pocz. lat 1920-tych.<\/p><\/div>\n<p>&nbsp;<\/p>\n<p>Jedna z pierwszych decyzji Zarz\u0105du dotyczy\u0142a budowy du\u017cej remizy na pocz. lat 20-tych, kt\u00f3ra mog\u0142a s\u0142u\u017cy\u0107 zar\u00f3wno jako miejsce zbi\u00f3rek stra\u017cak\u00f3w i przechowywania sprz\u0119tu, jak i spotka\u0144 spo\u0142eczno\u015bci wsi i imprez kulturalno-o\u015bwiatowych. Staraniem zas\u0142u\u017conego przedstawiciela miejscowej spo\u0142eczno\u015bci Antoniego Wycecha, remiza zosta\u0142a wyposa\u017cona w wysok\u0105 wie\u017c\u0119 obserwacyjn\u0105.<\/p>\n<p>Od pocz\u0105tku istnienia Ochotnicza Stra\u017c Po\u017carna wype\u0142nia\u0142a nie tylko swoje statutowe zadanie ochrony w\u0142asnej i okolicznych spo\u0142eczno\u015bci oraz pomocy im w sytuacjach po\u017car\u00f3w i innych kl\u0119sk \u017cywio\u0142owych, z kt\u00f3rych szczeg\u00f3lnie dotkliwe by\u0142y na tym terenie prawie coroczne powodzie, ale sta\u0142a si\u0119 r\u00f3wnie\u017c centrum \u017cycia spo\u0142ecznego i kulturalnego Wilczog\u0105b i okolicznych wsi. W remizie odbywa\u0142y si\u0119 spotkania mieszka\u0144c\u00f3w, wyst\u0119py, zabawy. W jej pomieszczeniach prowadzone by\u0142y lekcje uczni\u00f3w miejscowej szko\u0142y powszechnej oraz wszystkie wa\u017cniejsze dla nich uroczysto\u015bci, jak pocz\u0105tek i zako\u0144czenie roku szkolnego, cz\u0119sto wsp\u00f3lnie z dzie\u0107mi ze szk\u00f3\u0142 w Grabinach, Ra\u017cnach i Szynkarzy\u017anie.<\/p>\n<p>Mieszka\u0144cy wsi wysoko cenili swoich stra\u017cak\u00f3w za pomoc i wsparcie w przypadku kl\u0119sk \u017cywio\u0142owych i za organizowanie \u017cycia spo\u0142eczno-kulturalnego. Ju\u017c w 4 lata po powstaniu Jednostki w 1923 roku ufundowany zosta\u0142 sztandar, kt\u00f3ry do dzisiaj jest w jej\u00a0 posiadaniu i jak przed laty jest dumnie prezentowany przez poczet honorowy.<\/p>\n<div id=\"attachment_20697\" style=\"width: 600px\" class=\"wp-caption aligncenter\"><img loading=\"lazy\" decoding=\"async\" aria-describedby=\"caption-attachment-20697\" class=\"size-full wp-image-20697\" src=\"http:\/\/info.sadowne.pl\/wp-content\/uploads\/2019\/06\/2019.06.27.5.jpg\" alt=\"\" width=\"590\" height=\"402\" srcset=\"https:\/\/info.sadowne.pl\/wp-content\/uploads\/2019\/06\/2019.06.27.5.jpg 590w, https:\/\/info.sadowne.pl\/wp-content\/uploads\/2019\/06\/2019.06.27.5-300x204.jpg 300w\" sizes=\"auto, (max-width: 590px) 100vw, 590px\" \/><p id=\"caption-attachment-20697\" class=\"wp-caption-text\">Dru\u017cyna OSP Wilczog\u0119by ze sztandarem, banderi\u0105, m\u0142odzie\u017c\u0105 i mieszka\u0144cami wsi ok. 1935 roku.<\/p><\/div>\n<p>W kolejnych latach do 1939 roku, J\u00f3zefa Szczechur\u0119 zast\u0105pi\u0142 na stanowisku prezesa OSP Aleksander Bie\u017cuj, a nast\u0119pnie Stanis\u0142aw Zy\u015bk, a naczelnikami po Janie Pu\u015bcionie byli kolejno: Jan Ojdana, Stefan Wycech, Stanis\u0142aw Rolk, Jan Kowalczyk, Czes\u0142aw \u017bdrzalik (kierownik szko\u0142y) i Wac\u0142aw Zy\u015bk.<\/p>\n<p>W 1926 roku przy OSP w Wilczog\u0119bach powsta\u0142a orkiestra d\u0119ta. Jej pierwszy wyst\u0119p mia\u0142 miejsce w ko\u015bciele w Sadownem przy okazji \u015bwi\u0105t wielkanocnych. Orkiestra funkcjonowa\u0142a a\u017c do wrze\u015bnia 1939 roku, kiedy to niemieccy koloni\u015bci z P\u0142atkownicy skradli jej instrumenty z remizy.<\/p>\n<p>Organizuj\u0105c zabawy w celu uzyskania dochod\u00f3w i wykonuj\u0105c wi\u0119kszo\u015b\u0107 prac si\u0142ami w\u0142asnymi, stra\u017cacy z Wilczog\u0105b starali si\u0119 pomna\u017ca\u0107 maj\u0105tek swojej Jednostki. Od czasu do czasu uzyskiwali dary w postaci sprz\u0119tu i surowc\u00f3w na wyposa\u017cenie Jednostki i remizy.<\/p>\n<div id=\"attachment_20698\" style=\"width: 600px\" class=\"wp-caption aligncenter\"><img loading=\"lazy\" decoding=\"async\" aria-describedby=\"caption-attachment-20698\" class=\"size-full wp-image-20698\" src=\"http:\/\/info.sadowne.pl\/wp-content\/uploads\/2019\/06\/2019.06.27.6.jpg\" alt=\"\" width=\"590\" height=\"394\" srcset=\"https:\/\/info.sadowne.pl\/wp-content\/uploads\/2019\/06\/2019.06.27.6.jpg 590w, https:\/\/info.sadowne.pl\/wp-content\/uploads\/2019\/06\/2019.06.27.6-300x200.jpg 300w\" sizes=\"auto, (max-width: 590px) 100vw, 590px\" \/><p id=\"caption-attachment-20698\" class=\"wp-caption-text\">Orkiestra d\u0119ta i stra\u017cacy z OSP w Wilczog\u0119bach, za\u0142o\u017cona w 1926 roku.<\/p><\/div>\n<p>W efekcie, w 1931 roku OSP w Wilczog\u0119bach liczy\u0142a 16 czynnych cz\u0142onk\u00f3w i 10 popieraj\u0105cych, a na jej wyposa\u017ceniu by\u0142o 5 woz\u00f3w pogotowia, 1 sikawka, 2 w\u0119\u017ce t\u0142oczne, 1 drabina przystawna, 1 bosak, 8 topor\u00f3w, 5 wiader, 4 pochodnie, 1 tuba alarmowa, 16 kask\u00f3w mosi\u0119\u017cnych.<\/p>\n<div id=\"attachment_20699\" style=\"width: 600px\" class=\"wp-caption aligncenter\"><img loading=\"lazy\" decoding=\"async\" aria-describedby=\"caption-attachment-20699\" class=\"size-full wp-image-20699\" src=\"http:\/\/info.sadowne.pl\/wp-content\/uploads\/2019\/06\/2019.06.27.7.jpg\" alt=\"\" width=\"590\" height=\"378\" srcset=\"https:\/\/info.sadowne.pl\/wp-content\/uploads\/2019\/06\/2019.06.27.7.jpg 590w, https:\/\/info.sadowne.pl\/wp-content\/uploads\/2019\/06\/2019.06.27.7-300x192.jpg 300w\" sizes=\"auto, (max-width: 590px) 100vw, 590px\" \/><p id=\"caption-attachment-20699\" class=\"wp-caption-text\">OSP w Wilczog\u0119bach w 1931\/1932 roku (wg ewidencji stra\u017cy po\u017carnych Okr\u0119gu W\u0119growskiego).<\/p><\/div>\n<p>&nbsp;<\/p>\n<p>Stra\u017cacy byli najbardziej aktywnymi cz\u0142onkami spo\u0142eczno\u015bci przy rozpocz\u0119tej w 1930 roku budowie pierwszego wa\u0142u przeciwpowodziowego obejmuj\u0105cego ca\u0142\u0105 wie\u015b. Do zako\u0144czenia prac w 1936 roku po\u015bwi\u0119cili na jego usypanie setki, je\u015bli nie tysi\u0105ce godzin. B\u0119d\u0105ca w ich posiadaniu sikawka by\u0142a cz\u0119sto wykorzystywana do oczyszczania studni we wsi po przej\u015bciu fali powodziowej.<\/p>\n<p>Ka\u017cdego roku druhowie z Wilczog\u0105b pe\u0142nili honorow\u0105 asyst\u0119 w trakcie gminnych obchod\u00f3w \u015awi\u0119ta Konstytucji 3 Maja i \u015awi\u0119ta Niepodleg\u0142o\u015bci, uroczysto\u015bci do\u017cynkowych, na uroczystych mszach w ko\u015bciele w Sadownem. We wsp\u00f3\u0142pracy z miejscow\u0105 szko\u0142\u0105 w Wilczog\u0119bach organizowali akademie i wieczornice w remizie dla mieszka\u0144c\u00f3w wsi i okolic.<\/p>\n<div id=\"attachment_20700\" style=\"width: 615px\" class=\"wp-caption aligncenter\"><img loading=\"lazy\" decoding=\"async\" aria-describedby=\"caption-attachment-20700\" class=\"size-full wp-image-20700\" src=\"http:\/\/info.sadowne.pl\/wp-content\/uploads\/2019\/06\/2019.06.27.8.jpg\" alt=\"\" width=\"605\" height=\"475\" srcset=\"https:\/\/info.sadowne.pl\/wp-content\/uploads\/2019\/06\/2019.06.27.8.jpg 605w, https:\/\/info.sadowne.pl\/wp-content\/uploads\/2019\/06\/2019.06.27.8-300x236.jpg 300w\" sizes=\"auto, (max-width: 605px) 100vw, 605px\" \/><p id=\"caption-attachment-20700\" class=\"wp-caption-text\">Pogrzeb druha Antoniego Wycecha w Sadownem w 1936 roku. Na pierwszym planie dru\u017cyna OSP Wilczog\u0119by.<\/p><\/div>\n<p>&nbsp;<\/p>\n<p>Du\u017cym wydarzeniem w \u017cyciu OSP w Wilczog\u0119bach by\u0142o ods\u0142oni\u0119cie w 1933 roku Pomnika \u017co\u0142nierzy Polskiej Organizacji Wojskowej poleg\u0142ych w walkach z bolszewikami w 1919 i 1920 roku. Do Komitetu Organizacyjnego uroczysto\u015bci weszli aktualni i byli cz\u0142onkowie Zarz\u0105du. Uroczysto\u015b\u0107 zgromadzi\u0142a par\u0119 tysi\u0119cy os\u00f3b. Od tego czasu stra\u017cacy rokrocznie pe\u0142nili przy Pomniku warty honorowe w dniach wa\u017cnych \u015bwi\u0105t pa\u0144stwowych.<\/p>\n<p>Okres okupacji przerwa\u0142 funkcjonowanie Ochotniczej Stra\u017cy Po\u017carnej w dotychczasowej formie organizacyjnej, jakkolwiek Niemcy zezwolili na dzia\u0142alno\u015b\u0107 miejscowych stra\u017cak\u00f3w. Tak jak przed wojn\u0105, nie\u015bli oni pomoc mieszka\u0144com Wilczog\u0105b i okolicznych wsi w przypadku po\u017caru i innych kl\u0119sk \u017cywio\u0142owych.<\/p>\n<p>Stra\u017cacy nie ograniczyli si\u0119 jedynie do tej dzia\u0142alno\u015bci. Zasilili szeregi organizacji podziemnych: AK i BCh, a tak\u017ce udzielali schronienia i wsparcia dzia\u0142aj\u0105cym w okolicy oddzia\u0142om partyzanckim polskim i radzieckim. Na wszelki wypadek ukryli oni sw\u00f3j sztandar przed naje\u017ad\u017ac\u0105, wybieraj\u0105c \u2013 wed\u0142ug ustnych przekaz\u00f3w &#8211; skrytk\u0119 w dziupli na Bramule.<\/p>\n<p>Nocne przemarsze na akcje ga\u015bniczo-ratownicze przy zapalonych pochodniach grozi\u0142y niebezpiecze\u0144stwem \u015bci\u0105gni\u0119cia uwagi okupanta i przelatuj\u0105cych samolot\u00f3w radzieckich, czego skrajnym przypadkiem by\u0142o zbombardowanie stra\u017cak\u00f3w przez samoloty radzieckie w trakcie przeprawy przez zamarzni\u0119ty Bug w drodze do po\u017caru w Bojanach w 1943 roku. Na szcz\u0119\u015bcie oby\u0142o si\u0119 wtedy bez ofiar.<\/p>\n<p>Spektakularn\u0105 akcj\u0105, w kt\u00f3rej wzi\u0119li udzia\u0142 druhowie z WIlczog\u0105b by\u0142o odebranie zrzutu broni dla Armii Krajowej na polach wok\u00f3\u0142 wsi w nocy z 16 na 17 kwietnia 1944 roku. Mimo, \u017ce stra\u017cacy nie wiedzieli o planowanym zrzucie, wraz z innymi mieszka\u0144cami Wilczog\u0105b uda\u0142o im si\u0119 go odebra\u0107 i przekaza\u0107 bro\u0144 oddzia\u0142owi AK z Sadownego.<\/p>\n<p>Niestety, Niemcy zdobyli informacje o zrzucie i zaanga\u017cowanych osobach i 31 maja 1944 roku w nocy wys\u0142ali ekspedycj\u0119 karn\u0105 do wsi w celu pochwycenia uczestnik\u00f3w akcji odebrania broni. Od razu skierowali si\u0119 do gospodarstwa rodziny Wycech\u00f3w. Cz\u0119\u015bci os\u00f3b ze wsi uda\u0142o si\u0119 ukry\u0107, a pojmani \u2013 mimo okrutnych tortur zadawanych im w remizie \u2013 nie zdradzili kryj\u00f3wek swoich towarzyszy.<\/p>\n<div id=\"attachment_20701\" style=\"width: 619px\" class=\"wp-caption aligncenter\"><img loading=\"lazy\" decoding=\"async\" aria-describedby=\"caption-attachment-20701\" class=\"size-full wp-image-20701\" src=\"http:\/\/info.sadowne.pl\/wp-content\/uploads\/2019\/06\/2019.06.27.9.jpg\" alt=\"\" width=\"609\" height=\"407\" srcset=\"https:\/\/info.sadowne.pl\/wp-content\/uploads\/2019\/06\/2019.06.27.9.jpg 609w, https:\/\/info.sadowne.pl\/wp-content\/uploads\/2019\/06\/2019.06.27.9-300x200.jpg 300w\" sizes=\"auto, (max-width: 609px) 100vw, 609px\" \/><p id=\"caption-attachment-20701\" class=\"wp-caption-text\">Tablica na Pomniku POW w Wilczog\u0119bach z 1933 roku, upami\u0119tniaj\u0105ca m.in. ofiary ka\u017ani w nocy 31 maja 1944 roku.<\/p><\/div>\n<p>&nbsp;<\/p>\n<p>W sumie Niemcy pojmali 11 os\u00f3b, w tym 7 stra\u017cak\u00f3w: Stefana Ga\u0142\u0105zk\u0119, Eugeniusza S\u00f3wk\u0119, Boles\u0142awa Wycecha, Dariusza Wycecha, Eugeniusza Wycecha, Eugeniusza Marczyka i jego brata Bronis\u0142awa Marczyka, z kt\u00f3rych tylko ostatniemu uda\u0142o si\u0119 ukry\u0107 pod scen\u0105 w remizie, dzi\u0119ki czemu prze\u017cy\u0142. Wszyscy pozostali zgin\u0119li w niemieckich wi\u0119zieniach i obozach. Druhowie, kt\u00f3rym uda\u0142o si\u0119 ukry\u0107 przed Niemcami, zmuszeni byli opu\u015bci\u0107 wie\u015b na pewien czas.<\/p>\n<p>Niespe\u0142na trzy miesi\u0105ce p\u00f3\u017aniej, 22 sierpnia 1944 roku Wilczog\u0119by, wraz z remiz\u0105 stra\u017cack\u0105 i zgromadzonym w niej sprz\u0119tem, zosta\u0142y spalone przez wycofuj\u0105ce si\u0119 za Bug oddzia\u0142y niemieckie. Tego samego dnia do wsi wkroczy\u0142y oddzia\u0142y radzieckie.<\/p>\n<p>Zako\u0144czy\u0142a si\u0119 prawie pi\u0119cioletnia okupacja Wilczog\u0105b przez Niemc\u00f3w, kt\u00f3ra przynios\u0142a ogromne straty spo\u0142eczno\u015bci wilczog\u0119bskiej i jej stra\u017cakom, kt\u00f3rych szeregi uleg\u0142y zmniejszeniu w zwi\u0105zku z poniesionymi ofiarami. Na dodatek, kilku przedwojennych druh\u00f3w wyprowadzi\u0142o si\u0119 ze wsi. Trzeba by\u0142o odbudowywa\u0107 domostwa i budynki gospodarcze i na nowo organizowa\u0107 i wyposa\u017ca\u0107 miejscow\u0105 jednostk\u0119 stra\u017cy po\u017carnej.<\/p>\n<p>Zadania tego podj\u0119li si\u0119 jeszcze przedwojenni stra\u017cacy: Stefan Wycech i Czes\u0142aw Pu\u015bcion. W 1947 roku dosz\u0142o z ich inicjatywy do reaktywowania dzia\u0142alno\u015bci Ochotniczej Stra\u017cy Po\u017carnej w Wilczog\u0119bach. W sk\u0142ad nowego zarz\u0105du weszli: Stefan Wycech &#8211;\u00a0 prezes, Franciszek Ga\u0142\u0105zka \u2013 naczelnik, Czes\u0142aw Pu\u015bcion \u2013 skarbnik, Stanis\u0142aw K\u0105dziela \u2013 sekretarz, Antoni Marczyk \u2013 gospodarz OSP. W 1951 roku Stanis\u0142aw Ojdana zast\u0105pi\u0142 Franciszka Ga\u0142\u0105zk\u0119 na stanowisku naczelnika.<\/p>\n<p>Jeszcze w tym samym roku sprowadzono z Wroc\u0142awia barak z zasob\u00f3w demobilizacyjnych, kt\u00f3ry pod kierownictwem Stanis\u0142awa Bralewskiego zosta\u0142 zaadaptowany przez miejscowych druh\u00f3w na remiz\u0119 stra\u017cack\u0105. W 1948 roku wilczog\u0119bscy stra\u017cacy uzyskali sikawk\u0105 r\u0119czn\u0105 z wozem parokonnym, dwa beczkowozy i ok. 50 m w\u0119\u017ca.<\/p>\n<p>Jak przed wojn\u0105, g\u0142\u00f3wnie w\u0142asnymi staraniami i wysi\u0142kiem druhowie z Wilczog\u0105b pomna\u017cali swoje zasoby i poprawiali stan pomieszcze\u0144 remizy. Sami robili sto\u0142y i \u0142awki, odmalowywali \u015bciany, remontowali dach. Podstawowe znaczenie dla zapewnienia mobilno\u015bci Jednostki mia\u0142o udost\u0119pnianie w\u0142asnych koni i woz\u00f3w przez stra\u017cak\u00f3w i innych mieszka\u0144c\u00f3w wsi. G\u0142\u00f3wnym \u017ar\u00f3d\u0142em dochod\u00f3w by\u0142y natomiast przez lata zabawy organizowane w remizie stra\u017cackiej.<\/p>\n<div id=\"attachment_20702\" style=\"width: 600px\" class=\"wp-caption aligncenter\"><img loading=\"lazy\" decoding=\"async\" aria-describedby=\"caption-attachment-20702\" class=\"size-full wp-image-20702\" src=\"http:\/\/info.sadowne.pl\/wp-content\/uploads\/2019\/06\/2019.06.27.10.jpg\" alt=\"\" width=\"590\" height=\"395\" srcset=\"https:\/\/info.sadowne.pl\/wp-content\/uploads\/2019\/06\/2019.06.27.10.jpg 590w, https:\/\/info.sadowne.pl\/wp-content\/uploads\/2019\/06\/2019.06.27.10-300x201.jpg 300w\" sizes=\"auto, (max-width: 590px) 100vw, 590px\" \/><p id=\"caption-attachment-20702\" class=\"wp-caption-text\">Budynek starej szko\u0142y z 1926 roku obok kt\u00f3rego sta\u0142a stara remiza stra\u017cacka z 1948 roku.<\/p><\/div>\n<p>&nbsp;<\/p>\n<p>Do czasu wybudowania nowej szko\u0142y w 1967 roku remiza udost\u0119pnia\u0142a swoje pomieszczenia na organizacj\u0119 pocz\u0105tku i zako\u0144czenia roku szkolnego i inne imprezy szkolne, a od 1954 roku &#8211; r\u00f3wnie\u017c na zaj\u0119cia lekcyjne z cz\u0119\u015bci\u0105 uczni\u00f3w. Do czasu zamkni\u0119cia szko\u0142y w Wilczog\u0119bach w 1974 roku, stra\u017cacy organizowali regularnie pogadanki dla uczni\u00f3w na temat ochrony przeciwpo\u017carowej.<\/p>\n<p>W 1952 roku wprowadzone zosta\u0142y zmiany statutowe i odt\u0105d &#8211; a\u017c do 1958 roku &#8211; w zarz\u0105dzie OSP prezesa zast\u0105pi\u0142 komendant. Nast\u0105pi\u0142a zmiana na tej funkcji, kt\u00f3r\u0105 po Stefanie Wycechu obj\u0105\u0142 Wies\u0142aw Kowalczyk. Wprowadzono te\u017c funkcje zast\u0119pc\u00f3w komendanta ds. technicznych (naczelnik) \u2013 Wincenty Marczyk, kt\u00f3ry po trzech latach zosta\u0142 komendantem &#8211; naczelnikiem wybrano Stanis\u0142awa Ojdan\u0119, oraz kulturalno-o\u015bwiatowych \u2013 Wac\u0142aw Zy\u015bk. Sekretarzem zosta\u0142 Kazimierz S\u00f3wka. W 1955 roku do zarz\u0105du do\u0142\u0105czy\u0142 kierownik szko\u0142y w Wilczog\u0119bach Jan Borowy. Wincentego Marczyka na stanowisku komendanta zast\u0105pi\u0142 w 1957 roku Stefan Wycech, a jego \u2013 ju\u017c jako prezesa OSP w 1958 roku \u2013 Mieczys\u0142aw Urbankowski. Naczelnikiem zosta\u0142 w\u00f3wczas Eugeniusz J\u00f3\u017awik.<\/p>\n<p>Najwi\u0119kszym wydarzeniem by\u0142a w tym czasie elektryfikacja remizy stra\u017cackiej przy okazji elektryfikacji Wilczog\u0105b w 1958 roku. Rok wcze\u015bniej OSP zwr\u00f3ci\u0142a z w\u0142asnych \u015brodk\u00f3w po\u017cyczk\u0119 zaci\u0105gni\u0119t\u0105 przez wie\u015b na ten cel.<\/p>\n<p>We wsi praktycznie nie zdarza\u0142y si\u0119 po\u017cary, co \u015bwiadczy\u0142o o du\u017cym uwra\u017cliwieniu mieszka\u0144c\u00f3w na sprawy ochrony przeciwpo\u017carowej. Nadal dokuczliwe by\u0142y natomiast cz\u0119ste wylewy Bugu, kt\u00f3re anga\u017cowa\u0142y stra\u017cak\u00f3w do pilnowania wa\u0142\u00f3w i usuwania skutk\u00f3w powodzi, w tym oczyszczania studni przy pomocy sikawki.<\/p>\n<p>Od 1960 roku nast\u0105pi\u0142a stabilizacja w sk\u0142adzie zarz\u0105du a\u017c do 1974 roku. Prezesem zosta\u0142 ponownie Stefan Wycech, I wiceprezesem i naczelnikiem Eugeniusz J\u00f3\u017awik, II wiceprezesem Czes\u0142aw Pu\u015bcion, a sekretarzem Jan Borowy.<\/p>\n<p>Sfinalizowano ostatecznie zakup pierwszego wozu z ogumionymi ko\u0142ami dla OSP Wilczog\u0119by oraz podj\u0119to intensywne starania o przydzia\u0142 motopompy. Zosta\u0142y one uwie\u0144czone sukcesem w 1962 roku na mocy decyzji Zarz\u0105du Powiatowego Zwi\u0105zku Ochotniczych Stra\u017cy Po\u017carnych w W\u0119growie. Si\u0142ami w\u0142asnymi wymieniono pod\u0142og\u0119 w remizie, a w kolejnym roku zbudowano przybud\u00f3wk\u0119 na gara\u017c dla motopompy.<\/p>\n<p>W latach 1966 i 1967 stra\u017cacy aktywnie zaanga\u017cowali si\u0119 przy budowie nowej szko\u0142y w Wilczog\u0119bach.<\/p>\n<p>W 1974 roku dosz\u0142o do wymiany pokoleniowej w Zarz\u0105dzie, kiedy funkcj\u0119 prezesa obj\u0105\u0142 Edward Pu\u015bcion, a naczelnika \u2013 Stanis\u0142aw Sty\u015b. Zarz\u0105d opu\u015bci\u0142 te\u017c dotychczasowy sekretarz Jan Borowy w zwi\u0105zku z zako\u0144czeniem dzia\u0142alno\u015bci szko\u0142y w Wilczog\u0119bach. W 1980 roku naczelnikiem zosta\u0142 Krzysztof Podg\u00f3rski, kt\u00f3ry pe\u0142ni t\u0119 funkcj\u0119 do dzisiaj.<\/p>\n<p>Od 1984 roku prezesem przez kolejne 23 lata by\u0142 Jerzy Wycech, Stanis\u0142aw Sty\u015b zosta\u0142 skarbnikiem, a sekretarzem \u2013 Krzysztof Marczyk. Ten Zarz\u0105d zwie\u0144czy\u0142 swoj\u0105 dzia\u0142alno\u015b\u0107 obchodami 85-lecia utworzenia OSP w Wilczog\u0119bach, zorganizowanymi przy okazji obchod\u00f3w 500-lecia istnienia wsi w 2004 roku.<\/p>\n<div id=\"attachment_20703\" style=\"width: 600px\" class=\"wp-caption aligncenter\"><img loading=\"lazy\" decoding=\"async\" aria-describedby=\"caption-attachment-20703\" class=\"size-full wp-image-20703\" src=\"http:\/\/info.sadowne.pl\/wp-content\/uploads\/2019\/06\/2019.06.27.11.jpg\" alt=\"\" width=\"590\" height=\"395\" srcset=\"https:\/\/info.sadowne.pl\/wp-content\/uploads\/2019\/06\/2019.06.27.11.jpg 590w, https:\/\/info.sadowne.pl\/wp-content\/uploads\/2019\/06\/2019.06.27.11-300x201.jpg 300w\" sizes=\"auto, (max-width: 590px) 100vw, 590px\" \/><p id=\"caption-attachment-20703\" class=\"wp-caption-text\">Pow\u00f3d\u017a ju\u017c nie zagra\u017ca wsi.<\/p><\/div>\n<p>W 1979 roku Wilczog\u0119by i okolice nawiedzi\u0142a ogromna pow\u00f3d\u017a. Do walki z jej skutkami zaanga\u017cowane zosta\u0142o wojsko, z kt\u00f3rym druhowie aktywnie wsp\u00f3\u0142dzia\u0142ali przez ca\u0142y okres jego stacjonowania we wsi. Dopiero zako\u0144czenie budowy nowych wa\u0142\u00f3w przeciwpowodziowych rozci\u0105gaj\u0105cych si\u0119 wzd\u0142u\u017c ca\u0142ego odcinka Bugu w 1986 roku zako\u0144czy\u0142o dla stra\u017cak\u00f3w gehenn\u0119 alarm\u00f3w, dy\u017cur\u00f3w i walki ze skutkami cz\u0119stych powodzi we wsi, chocia\u017c i p\u00f3\u017aniej zdarza\u0142o im si\u0119 dy\u017curowa\u0107 na wa\u0142ach i usuwa\u0107 skutki kl\u0119sk \u017cywio\u0142owych.<\/p>\n<div id=\"attachment_20704\" style=\"width: 600px\" class=\"wp-caption aligncenter\"><img loading=\"lazy\" decoding=\"async\" aria-describedby=\"caption-attachment-20704\" class=\"size-full wp-image-20704\" src=\"http:\/\/info.sadowne.pl\/wp-content\/uploads\/2019\/06\/2019.06.27.12.jpg\" alt=\"\" width=\"590\" height=\"385\" srcset=\"https:\/\/info.sadowne.pl\/wp-content\/uploads\/2019\/06\/2019.06.27.12.jpg 590w, https:\/\/info.sadowne.pl\/wp-content\/uploads\/2019\/06\/2019.06.27.12-300x196.jpg 300w\" sizes=\"auto, (max-width: 590px) 100vw, 590px\" \/><p id=\"caption-attachment-20704\" class=\"wp-caption-text\">Dru\u017cyna OSP Wilczog\u0119by na zawodach sportowo stra\u017cackich w po\u0142owie 1980-tych lat.<\/p><\/div>\n<p>&nbsp;<\/p>\n<p>Drugim donios\u0142ym wydarzeniem by\u0142o przekazanie stra\u017cakom budynku dawnej szko\u0142y powszechnej na now\u0105 remiz\u0119 w 1985 roku. Stra\u017cacy musieli dokona\u0107 przebudowy budynku, remontu dachu, \u015bcian i pod\u0142\u00f3g, wyposa\u017cenia go w sprz\u0119t i meble, uporz\u0105dkowania i zagospodarowania otoczenia pod k\u0105tem swoich potrzeb. I to wszystko g\u0142\u00f3wnie w\u0142asnymi wysi\u0142kami i staraniem.<\/p>\n<p>Uzyskanie nowej stra\u017cnicy by\u0142o tez okazj\u0105 do odnowienia sztandaru Jednostki, kt\u00f3ry przetrwa\u0142 wojenn\u0105 zawieruch\u0119 i polityczne zawirowania okresu powojennego i wyeksponowania go w specjalnej gablocie w sali zebra\u0144.<\/p>\n<div id=\"attachment_20705\" style=\"width: 600px\" class=\"wp-caption aligncenter\"><img loading=\"lazy\" decoding=\"async\" aria-describedby=\"caption-attachment-20705\" class=\"size-full wp-image-20705\" src=\"http:\/\/info.sadowne.pl\/wp-content\/uploads\/2019\/06\/2019.06.27.13.jpg\" alt=\"\" width=\"590\" height=\"410\" srcset=\"https:\/\/info.sadowne.pl\/wp-content\/uploads\/2019\/06\/2019.06.27.13.jpg 590w, https:\/\/info.sadowne.pl\/wp-content\/uploads\/2019\/06\/2019.06.27.13-300x208.jpg 300w\" sizes=\"auto, (max-width: 590px) 100vw, 590px\" \/><p id=\"caption-attachment-20705\" class=\"wp-caption-text\">Nareszcie w murowanej remizie \u2013 1985 rok.<\/p><\/div>\n<p>&nbsp;<\/p>\n<p>W 1995 roku stra\u017cacy z Wilczog\u0105b uzyskali pierwszy samoch\u00f3d stra\u017cacki \u017buk GLM z Jednostki Ratowniczo-Ga\u015bniczej w Legionowie. Drugi pozyskany tej samej marki samoch\u00f3d zosta\u0142 przekazany dla OSP Zalesie. Mo\u017cna by\u0142o w ko\u0144cu zrezygnowa\u0107 z transportu konnego i sprzeda\u0107 posiadany w\u00f3z. Poprawia\u0142o si\u0119 te\u017c wyposa\u017cenie w inny sprz\u0119t i umundurowanie. Na stanie OSP w Wilczog\u0119bach znajdowa\u0142o si\u0119 20 mundur\u00f3w wyj\u015bciowych, 14 mundur\u00f3w bojowych, 10 he\u0142m\u00f3w bojowych, 8 w\u0119\u017cy W-75, 4 w\u0119\u017ce ssawne, 1 motopompa. Jednostka liczy\u0142a 23 cz\u0142onk\u00f3w czynnych. W tym samym roku dru\u017cyna z OSP Wilczog\u0119by zaj\u0119\u0142a I miejsce w gminnych zawodach sportowo po\u017carniczych, podobnie jak w 2001.<\/p>\n<p>W 2001 roku OSP w Wilczog\u0119bach wzbogaci\u0142a si\u0119 dzi\u0119ki Zarz\u0105dowi Gminnemu ZOSP RP w Sadownem o samoch\u00f3d bojowy Ford A-0510 wyposa\u017cony w zbiornik na wod\u0119 i szybkie natarcie, sprowadzony z Austrii, a w roku nast\u0119pnym o radiostacj\u0119 samochodow\u0105.<\/p>\n<p>Nast\u0119pne lata &#8211; 2003 i 2004 &#8211; up\u0142yn\u0119\u0142y na przygotowaniach do obchod\u00f3w 500-lecie istnienia wsi Wilczog\u0119by i organizowanych r\u00f3wnocze\u015bnie obchodach 85-lecia dzia\u0142alno\u015bci OSP Wilczog\u0119by. Po wykonaniu kapitalnego remontu stra\u017cnicy, uporz\u0105dkowaniu terenu i ogrodzenia nabra\u0142a ona w ko\u0144cu po\u017c\u0105danego wygl\u0105du.<\/p>\n<p>Uroczysto\u015bci zorganizowane 4 czerwca 2004 roku zgromadzi\u0142y setki os\u00f3b z Wilczog\u0105b i przyjezdnych. Msz\u0119 \u015bw. celebrowa\u0142 biskup drohiczy\u0144ski ks. Antoni Dydycz, kt\u00f3ry po\u015bwi\u0119ci\u0142 kamie\u0144 pami\u0105tkowy postawiony z okazji 85-lecia OSP Wilczog\u0119by przed stra\u017cnic\u0105. Z drugiej strony wej\u015bcia umieszczona zosta\u0142a figura \u015bw. Floriana ufundowana przez Kazimierza Kokosza, kt\u00f3ra odt\u0105d sta\u0142a si\u0119 rozpoznawalnym symbolem siedziby OSP Wilczog\u0119by. Sztandar Jednostki, ten sam co w 1923 roku, zosta\u0142 udekorowany Z\u0142otym Medalem \u201eZa zas\u0142ugi dla po\u017carnictwa\u201d.<\/p>\n<div id=\"attachment_20706\" style=\"width: 600px\" class=\"wp-caption aligncenter\"><img loading=\"lazy\" decoding=\"async\" aria-describedby=\"caption-attachment-20706\" class=\"size-full wp-image-20706\" src=\"http:\/\/info.sadowne.pl\/wp-content\/uploads\/2019\/06\/2019.06.27.14.jpg\" alt=\"\" width=\"590\" height=\"395\" srcset=\"https:\/\/info.sadowne.pl\/wp-content\/uploads\/2019\/06\/2019.06.27.14.jpg 590w, https:\/\/info.sadowne.pl\/wp-content\/uploads\/2019\/06\/2019.06.27.14-300x201.jpg 300w\" sizes=\"auto, (max-width: 590px) 100vw, 590px\" \/><p id=\"caption-attachment-20706\" class=\"wp-caption-text\">Wej\u015bcie do remizy OSP Wilczog\u0119by z kamieniem pami\u0105tkowym z okazji 85-lecia i rze\u017ab\u0105 \u015bw. Floriana.<\/p><\/div>\n<p>&nbsp;<\/p>\n<p>W 2004 roku nast\u0105pi\u0142o te\u017c wpisanie OSP w Wilczog\u0119bach do Krajowego Rejestru S\u0105dowego \u2013 Rejestru Stowarzysze\u0144, Innych Organizacji Spo\u0142ecznych i Zawodowych, Fundacji oraz Publicznych Zak\u0142ad\u00f3w Opieki Zdrowotnej, a tak\u017ce doposa\u017cenie Jednostki w nowy sprz\u0119t. W zwi\u0105zku ze wst\u0105pieniem Polski do Unii Europejskiej przed stra\u017cakami z Wilczog\u0105b, podobnie jak przed innymi tego rodzaju organizacjami pojawi\u0142y si\u0119 nowe mo\u017cliwo\u015bci finansowania swojej dzia\u0142alno\u015bci<\/p>\n<p>2005 rok by\u0142 rekordowy pod wzgl\u0119dem liczby akcji, w kt\u00f3rych uczestniczyli stra\u017cacy z Wilczog\u0105b \u2013 17, w tym 15 gaszenia po\u017car\u00f3w. W 2006 wykonano szereg kolejnych prac przy remizie oraz powo\u0142any zosta\u0142 zesp\u00f3\u0142 muzyczny Akord, dzia\u0142aj\u0105cy do chwili obecnej przy OSP w Wilczog\u0119bach.<\/p>\n<p>W 2007 roku nast\u0105pi\u0142a zmiana na stanowisku prezesa Zarz\u0105du. W zwi\u0105zku z ust\u0105pieniem Jerzego Wycecha, jego miejsce na jedn\u0105 kadencj\u0119 zaj\u0105\u0142 Zbigniew K\u0105dziela, kt\u00f3rego po czterech latach \u2013 w 2011 roku &#8211; zast\u0105pi\u0142 Jacenty Biernat, aktualny prezes OSP w Wilczog\u0119bach. Naczelnikiem pozosta\u0142 Krzysztof Podg\u00f3rski, a sekretarzem S\u0142awomir Sty\u015b. W 2016 roku miejsce Stanis\u0142awa Stysia jako skarbnika zaj\u0119\u0142a Barbara Szczechura. Adam Szczechura zosta\u0142 zast\u0119pc\u0105 naczelnika, a \u0141ukasz Biernat \u2013 gospodarzem OSP.<\/p>\n<p>Najwi\u0119ksz\u0105 akcj\u0105 bojow\u0105 w ostatnich latach, w jakich uczestniczy\u0142a OSP w Wilczog\u0119bach by\u0142o usuwanie skutk\u00f3w tr\u0105by powietrznej, jaka nawiedzi\u0142a gmin\u0119 Sadowne w 2011 roku. Typowe akcje po\u017carnicze mia\u0142y miejsce w innych wsiach gminy, poniewa\u017c po\u017cary omija\u0142y Wilczog\u0119by, najprawdopodobniej dzi\u0119ki du\u017cemu uwra\u017cliwieniu mieszka\u0144c\u00f3w na sprawy ochrony przeciwpo\u017carowej. Coraz cz\u0119\u015bciej po\u017cary gaszono przy tym w lasach i na \u0142\u0105kach, ni\u017c w samych miejscowo\u015bciach, a by\u0142y one w g\u0142\u00f3wnej mierze wynikiem specjalnych podpale\u0144.<\/p>\n<p>W 2017 roku OSP w Wilczog\u0119bach uzyska\u0142a z OSP w Sadownem du\u017cy samoch\u00f3d po\u017carniczy Star 660 z do\u0142\u0105czanym p\u0142ugiem do \u015bniegu, zr\u00f3wnuj\u0105c si\u0119 pod tym wzgl\u0119dem z innymi OSP w gminie. Zwi\u0119kszone \u015brodki finansowe pozwoli\u0142y na lepsze zabezpieczenie innych potrzeb stra\u017cak\u00f3w, zar\u00f3wno w zakresie sprz\u0119tu, wyposa\u017cenia, jak i zagospodarowania stra\u017cnicy (remonty, za\u0142o\u017cenie klimatyzacji, wykonanie elewacji ocieplaj\u0105cej, modernizacja instalacji elektrycznej, budowa ogrodzenia, utwardzenie podjazdu). Jednostka wzbogaci\u0142a si\u0119 r\u00f3wnie\u017c o sprz\u0119t sportowy na placu \u0107wicze\u0144 za remiz\u0105. Wi\u0119kszo\u015b\u0107 prac zwi\u0105zanych z tymi przedsi\u0119wzi\u0119ciami stra\u017cacy wykonali w\u0142asnymi si\u0142ami przy pomocy innych mieszka\u0144c\u00f3w wsi i wsparciu finansowym gminy Sadowne.<\/p>\n<p>Najbardziej mobilizuj\u0105cym dzia\u0142aniem by\u0142o po\u0142o\u017cenie nowego dachu na remizie, do kt\u00f3rego stra\u017cacy sami dostarczyli drewno i wykonali wszystkie prace z tym zwi\u0105zane przy wsparciu finansowym gminy sadowie\u0144skiej w 2013 roku.<\/p>\n<p>W 2014 roku OSP Wilczog\u0119bach zorganizowa\u0142a gminne zawody sportowo-po\u017carnicze na polach w pobli\u017cu nowej remizy, w kt\u00f3rych jej reprezentacja zaj\u0119\u0142a III miejsce. Na podium uplasowa\u0142a si\u0119 r\u00f3wnie\u017c w roku bie\u017c\u0105cym.<\/p>\n<p>Jak przed laty OSP Wilczog\u0119by wystawia\u0142a corocznie poczet honorowy w czasie \u015bwi\u0105t pa\u0144stwowych, gminnych i ko\u015bcielnych, bra\u0142a udzia\u0142 w gminnym \u015awi\u0119cie Stra\u017caka i do\u017cynkach, sama organizowa\u0142a u siebie imprezy z tej okazji, aby integrowa\u0107 spo\u0142eczno\u015b\u0107 wsi.<\/p>\n<div id=\"attachment_20707\" style=\"width: 600px\" class=\"wp-caption aligncenter\"><img loading=\"lazy\" decoding=\"async\" aria-describedby=\"caption-attachment-20707\" class=\"size-full wp-image-20707\" src=\"http:\/\/info.sadowne.pl\/wp-content\/uploads\/2019\/06\/2019.06.27.15.jpg\" alt=\"\" width=\"590\" height=\"395\" srcset=\"https:\/\/info.sadowne.pl\/wp-content\/uploads\/2019\/06\/2019.06.27.15.jpg 590w, https:\/\/info.sadowne.pl\/wp-content\/uploads\/2019\/06\/2019.06.27.15-300x201.jpg 300w\" sizes=\"auto, (max-width: 590px) 100vw, 590px\" \/><p id=\"caption-attachment-20707\" class=\"wp-caption-text\">Poczet sztandarowy OSP Wilczog\u0119by na \u015awi\u0119cie Stra\u017caka w Sadownem w 2019 roku.<\/p><\/div>\n<p>&nbsp;<\/p>\n<p>W miar\u0119 zbli\u017cania si\u0119 do 100-lecia swojego istnienia w 2019 roku coraz wi\u0119cej uwagi zajmowa\u0142o przygotowanie obchod\u00f3w tej rocznicy. Zaanga\u017cowali si\u0119 w nie stra\u017cacy i ca\u0142e ich rodziny. Stra\u017cacy odnowili remiz\u0119 i jej wyposa\u017cenie i uporz\u0105dkowali przylegaj\u0105cy do niej teren. Wymieniono na betonowy maszt do syreny, zamontowano tablic\u0119 informacyjn\u0105 i postawiono \u2013 na razie zas\u0142oni\u0119ty \u2013 kamie\u0144 pami\u0105tkowy. Kobiety doprowadzi\u0142y do porz\u0105dku wszystkie pomieszczenia, a dzieci towarzyszy\u0142y i pomaga\u0142y doros\u0142ym w prowadzonych pracach.<\/p>\n<p>W wyniku porozumienia z GOK i Info Sadowne Jednostka uzyska\u0142a mo\u017cliwo\u015b\u0107 upowszechniania informacji w Internecie o swojej dzia\u0142alno\u015bci i przygotowaniach do \u015bwi\u0119ta, a rozwieszone w okolicy plakaty informowa\u0142y, \u017ce jest ono tu\u017c tu\u017c\u2026<\/p>\n<p>Jeszcze tylko prze\u0107wiczy\u0107 musztr\u0119 i zrobi\u0107 pr\u00f3b\u0119 generaln\u0105 uroczysto\u015bci i mo\u017cemy wita\u0107 naszych Go\u015bci w najbli\u017csz\u0105 niedziel\u0119. Do zobaczenia w Wilczog\u0119bach 30 czerwca br.<\/p>\n<div id=\"attachment_20708\" style=\"width: 619px\" class=\"wp-caption aligncenter\"><img loading=\"lazy\" decoding=\"async\" aria-describedby=\"caption-attachment-20708\" class=\"size-full wp-image-20708\" src=\"http:\/\/info.sadowne.pl\/wp-content\/uploads\/2019\/06\/2019.06.27.16.jpg\" alt=\"\" width=\"609\" height=\"407\" srcset=\"https:\/\/info.sadowne.pl\/wp-content\/uploads\/2019\/06\/2019.06.27.16.jpg 609w, https:\/\/info.sadowne.pl\/wp-content\/uploads\/2019\/06\/2019.06.27.16-300x200.jpg 300w\" sizes=\"auto, (max-width: 609px) 100vw, 609px\" \/><p id=\"caption-attachment-20708\" class=\"wp-caption-text\">Cz\u0142onkowie OSP w Wilczog\u0119bach ze sztandarem i samochodami przed remiz\u0105 w 2019 roku.<\/p><\/div>\n<p><strong>Tekst\/foto:<\/strong> Stanis\u0142aw Stebelski<\/p>\n","protected":false},"excerpt":{"rendered":"<p>30 czerwca tego roku b\u0119dzie wielkim \u015bwi\u0119tem dla stra\u017cak\u00f3w z Ochotniczej Stra\u017cy Po\u017carnej w Wilczog\u0119bach, w gminie Sadowne.<\/p>\n","protected":false},"author":1,"featured_media":0,"comment_status":"closed","ping_status":"closed","sticky":false,"template":"","format":"standard","meta":{"footnotes":""},"categories":[5,2397,4,267],"tags":[3100,3143,3095,3129,3145,3144],"class_list":["post-20693","post","type-post","status-publish","format-standard","hentry","category-newsy","category-osp-wilczogeby","category-policja-straz-pozarna-pogotowie-ratunkowe","category-straz-pozarna-policja-straz-pozarna-pogotowie-ratunkowe","tag-100-lecie-osp-wilczogeby","tag-historia-osp-wilczogeby","tag-osp-wilczogeby","tag-stanislaw-stebelski","tag-uroczystosci-obchodow-rocznicy-100-lecia-30-czerwca-2019-roku","tag-zarzad-osp-wilczogeby"],"views":4619,"_links":{"self":[{"href":"https:\/\/info.sadowne.pl\/index.php?rest_route=\/wp\/v2\/posts\/20693","targetHints":{"allow":["GET"]}}],"collection":[{"href":"https:\/\/info.sadowne.pl\/index.php?rest_route=\/wp\/v2\/posts"}],"about":[{"href":"https:\/\/info.sadowne.pl\/index.php?rest_route=\/wp\/v2\/types\/post"}],"author":[{"embeddable":true,"href":"https:\/\/info.sadowne.pl\/index.php?rest_route=\/wp\/v2\/users\/1"}],"replies":[{"embeddable":true,"href":"https:\/\/info.sadowne.pl\/index.php?rest_route=%2Fwp%2Fv2%2Fcomments&post=20693"}],"version-history":[{"count":2,"href":"https:\/\/info.sadowne.pl\/index.php?rest_route=\/wp\/v2\/posts\/20693\/revisions"}],"predecessor-version":[{"id":25409,"href":"https:\/\/info.sadowne.pl\/index.php?rest_route=\/wp\/v2\/posts\/20693\/revisions\/25409"}],"wp:attachment":[{"href":"https:\/\/info.sadowne.pl\/index.php?rest_route=%2Fwp%2Fv2%2Fmedia&parent=20693"}],"wp:term":[{"taxonomy":"category","embeddable":true,"href":"https:\/\/info.sadowne.pl\/index.php?rest_route=%2Fwp%2Fv2%2Fcategories&post=20693"},{"taxonomy":"post_tag","embeddable":true,"href":"https:\/\/info.sadowne.pl\/index.php?rest_route=%2Fwp%2Fv2%2Ftags&post=20693"}],"curies":[{"name":"wp","href":"https:\/\/api.w.org\/{rel}","templated":true}]}}