{"id":20713,"date":"2019-06-30T20:34:20","date_gmt":"2019-06-30T18:34:20","guid":{"rendered":"http:\/\/info.sadowne.pl\/?p=20713"},"modified":"2019-06-30T20:34:20","modified_gmt":"2019-06-30T18:34:20","slug":"zyczymy-kolejnych-stu-lat","status":"publish","type":"post","link":"https:\/\/info.sadowne.pl\/?p=20713","title":{"rendered":"\u017byczymy kolejnych stu lat!"},"content":{"rendered":"<p><strong><a href=\"http:\/\/info.sadowne.pl\/wp-content\/uploads\/2019\/06\/2019.06.30.1.jpg\" target=\"_blank\" rel=\"noopener noreferrer\"><img loading=\"lazy\" decoding=\"async\" class=\"alignleft wp-image-20714 size-thumbnail\" src=\"http:\/\/info.sadowne.pl\/wp-content\/uploads\/2019\/06\/2019.06.30.1-180x130.jpg\" alt=\"\" width=\"180\" height=\"130\" \/><\/a>Ochotnicza Stra\u017c Po\u017carna w Wilczog\u0119bach ma ju\u017c 100 lat. 30 czerwca godnie uczczono t\u0119 rocznic\u0119.<\/strong><!--more--><\/p>\n<p>100 lat to szmat czasu, ale faktycznie stra\u017c po\u017carna w Wilczog\u0119bach ju\u017c tyle lat istnieje. Jak ju\u017c wiemy z artyku\u0142u p. Stebelskiego pt. \u201eHistoria stra\u017cak\u00f3w z Wilczog\u0105b\u201d, Jednostka ta powsta\u0142a w pierwszej po\u0142owie roku 1919, a na czele pierwszego Zarz\u0105du OSP stan\u0105\u0142 J\u00f3zef Szczechura. To tyle wst\u0119pu z historii, zainteresowanych zapraszamy do lektury wspomnianego <span style=\"color: #0000ff;\"><strong><a style=\"color: #0000ff;\" href=\"http:\/\/info.sadowne.pl\/?p=20693\" target=\"_blank\" rel=\"noopener noreferrer\">artyku\u0142u&gt;&gt;&gt;<\/a><\/strong><\/span><\/p>\n<p>A teraz przejd\u017amy do dnia dzisiejszego \u2013 uroczysto\u015bci 100-lecia, kt\u00f3ra odby\u0142a si\u0119 w niedziel\u0119 30 czerwca 2019 roku. Rozpocz\u0119\u0142a j\u0105 msza polowa przy pomniku POW w Wilczog\u0119bach, koncelebrowana przez kapelana stra\u017cak\u00f3w ks. Wies\u0142awa Niemyjskiego oraz ks. Stanis\u0142awa Wojciechowskiego i ks. Antoniego Kunickiego. G\u0142\u00f3wna cz\u0119\u015b\u0107 uroczysto\u015bci odby\u0142a si\u0119 po przemarszu na plac przy remizie OSP, a u\u015bwietnili j\u0105 przybyli go\u015bcie, reprezentuj\u0105cy szczeble w\u0142adzy od poziomu lokalnego, poprzez powiatowy i wojew\u00f3dzki, a ko\u0144cz\u0105c na reprezentantach krajowego i europejskiego Parlamentu.<\/p>\n<p>Uczestnicy uroczysto\u015bci mieli te\u017c okazj\u0119 obejrze\u0107 podczas przemarszu fragmenty musztry paradnej gminnych Jednostek OSP, Ko\u0142a \u0141owieckiego LOT i Ko\u0142a \u0141owieckiego \u015bw. Huberta, kt\u00f3re reprezentowane by\u0142y przez poczty sztandarowe, a kt\u00f3rym akompaniowa\u0142a orkiestra d\u0119ta.<\/p>\n<p>Uhonorowaniem stu lat istnienia OSP Wilczog\u0119by by\u0142o uroczyste ods\u0142oni\u0119cie kamienia upami\u0119tniaj\u0105cego za\u0142o\u017cycieli i kontynuator\u00f3w dzia\u0142alno\u015bci tej Jednostki, a tak\u017ce imienne wyr\u00f3\u017cnienie zas\u0142u\u017conych stra\u017cak\u00f3w oraz os\u00f3b wspieraj\u0105cych OSP, a tak\u017ce ca\u0142ej Jednostki &#8211; medalem przyznanym przez Prezesa Zwi\u0105zku Ochotniczych Stra\u017cy Po\u017carnych Waldemara Pawlaka.<\/p>\n<p>Warto wspomnie\u0107, i\u017c ca\u0142a Jednostka OSP w Wilczog\u0119bach, za zas\u0142ugi dla wojew\u00f3dztwa mazowieckiego, od tego dnia b\u0119dzie mog\u0142a pochwali\u0107 si\u0119 Medalem Pami\u0105tkowym PRO MASOVIA, a Marsza\u0142ek Wojew\u00f3dztwa Mazowieckiego nie zapomnia\u0142 te\u017c o specjalnych wyr\u00f3\u017cnieniach dla kliku stra\u017cak\u00f3w. Kilkunastu z nich, dost\u0105pi te\u017c zaszczytu uczestniczenia w wycieczce do siedziby Europarlamentu w Brukseli za spraw\u0105 p. pos\u0142a Jaros\u0142awa Kalinowskiego, a tak\u017ce Starosty W\u0119growskiego p. Marka Renika. Ale o szczeg\u00f3\u0142ach nagr\u00f3d i wyr\u00f3\u017cnie\u0144 opowiemy ju\u017c wkr\u00f3tce\u2026<\/p>\n<p>Go\u015bcie honorowi i sponsorzy OSP Wilczog\u0119by zostali uhonorowani poprzez wbicie symbolicznych gwo\u017adzi w tablic\u0119 upami\u0119tniaj\u0105c\u0105 uroczysto\u015b\u0107 100-lecia. Opr\u00f3cz \u017cycze\u0144 przekazanych podczas wyst\u0105pie\u0144 go\u015bci, wszyscy przybyli us\u0142yszeli te\u017c kilka wierszy w wykonaniu miejscowej poetki p. El\u017cbiety S\u00f3wki, a tak\u017ce kilka pie\u015bni ludowych w wykonaniu Zespo\u0142u \u015apiewaczego \u201eSadowianki\u201d. \u015awi\u0119to musia\u0142o si\u0119 te\u017c zako\u0144czy\u0107\u2026 oczywi\u015bcie wsp\u00f3lnym biesiadowaniem.<\/p>\n<p><span style=\"color: #0000ff;\"><a style=\"color: #0000ff;\" href=\"https:\/\/photos.app.goo.gl\/PY8QnmyPc73gXCa37\" target=\"_blank\" rel=\"noopener noreferrer\"><strong>Zdj\u0119cia w galerii Google&gt;&gt;&gt;<\/strong><\/a><\/span><\/p>\n<p><strong>Tekst\/foto:<\/strong> S\u0142awek Chyli\u0144ski<\/p>\n","protected":false},"excerpt":{"rendered":"<p>Ochotnicza Stra\u017c Po\u017carna w Wilczog\u0119bach ma ju\u017c 100 lat. 30 czerwca godnie uczczono t\u0119 rocznic\u0119.<\/p>\n","protected":false},"author":1,"featured_media":0,"comment_status":"closed","ping_status":"closed","sticky":false,"template":"","format":"standard","meta":{"footnotes":""},"categories":[5,2397,4,267],"tags":[3100,3095],"class_list":["post-20713","post","type-post","status-publish","format-standard","hentry","category-newsy","category-osp-wilczogeby","category-policja-straz-pozarna-pogotowie-ratunkowe","category-straz-pozarna-policja-straz-pozarna-pogotowie-ratunkowe","tag-100-lecie-osp-wilczogeby","tag-osp-wilczogeby"],"views":3551,"_links":{"self":[{"href":"https:\/\/info.sadowne.pl\/index.php?rest_route=\/wp\/v2\/posts\/20713","targetHints":{"allow":["GET"]}}],"collection":[{"href":"https:\/\/info.sadowne.pl\/index.php?rest_route=\/wp\/v2\/posts"}],"about":[{"href":"https:\/\/info.sadowne.pl\/index.php?rest_route=\/wp\/v2\/types\/post"}],"author":[{"embeddable":true,"href":"https:\/\/info.sadowne.pl\/index.php?rest_route=\/wp\/v2\/users\/1"}],"replies":[{"embeddable":true,"href":"https:\/\/info.sadowne.pl\/index.php?rest_route=%2Fwp%2Fv2%2Fcomments&post=20713"}],"version-history":[{"count":1,"href":"https:\/\/info.sadowne.pl\/index.php?rest_route=\/wp\/v2\/posts\/20713\/revisions"}],"predecessor-version":[{"id":20715,"href":"https:\/\/info.sadowne.pl\/index.php?rest_route=\/wp\/v2\/posts\/20713\/revisions\/20715"}],"wp:attachment":[{"href":"https:\/\/info.sadowne.pl\/index.php?rest_route=%2Fwp%2Fv2%2Fmedia&parent=20713"}],"wp:term":[{"taxonomy":"category","embeddable":true,"href":"https:\/\/info.sadowne.pl\/index.php?rest_route=%2Fwp%2Fv2%2Fcategories&post=20713"},{"taxonomy":"post_tag","embeddable":true,"href":"https:\/\/info.sadowne.pl\/index.php?rest_route=%2Fwp%2Fv2%2Ftags&post=20713"}],"curies":[{"name":"wp","href":"https:\/\/api.w.org\/{rel}","templated":true}]}}