{"id":20718,"date":"2019-07-01T15:20:17","date_gmt":"2019-07-01T13:20:17","guid":{"rendered":"http:\/\/info.sadowne.pl\/?p=20718"},"modified":"2019-07-01T15:20:17","modified_gmt":"2019-07-01T13:20:17","slug":"basen-w-sadownem-jest-nieczynny","status":"publish","type":"post","link":"https:\/\/info.sadowne.pl\/?p=20718","title":{"rendered":"Basen w Sadownem jest nieczynny!"},"content":{"rendered":"<p><strong><a href=\"http:\/\/info.sadowne.pl\/wp-content\/uploads\/2014\/06\/2014.06.26.2.jpg\" target=\"_blank\" rel=\"noopener noreferrer\"><img loading=\"lazy\" decoding=\"async\" class=\"alignleft wp-image-5587 size-thumbnail\" src=\"http:\/\/info.sadowne.pl\/wp-content\/uploads\/2014\/06\/2014.06.26.2-180x130.jpg\" alt=\"\" width=\"180\" height=\"130\" \/><\/a>Informujemy, i\u017c na obecn\u0105 chwil\u0119 basen k\u0105pielowy w Sadownem nie jest czynny i prawdopodobnie ten stan nie zmieni si\u0119 do ko\u0144ca tegorocznych wakacji.<\/strong><!--more--><\/p>\n<p><strong>Bardzo prosz\u0119 z zapytaniami na temat funkcjonowania i przysz\u0142o\u015bci tego obiektu zwraca\u0107 si\u0119 do jego aktualnego zarz\u0105dcy \u2013 Urz\u0119du Gminy w Sadownem.<\/strong><\/p>\n<p><a href=\"http:\/\/info.sadowne.pl\/wp-content\/uploads\/2019\/07\/2019.07.01.1.jpg\" target=\"_blank\" rel=\"noopener noreferrer\"><img loading=\"lazy\" decoding=\"async\" class=\"aligncenter wp-image-20719 size-medium\" src=\"http:\/\/info.sadowne.pl\/wp-content\/uploads\/2019\/07\/2019.07.01.1-300x200.jpg\" alt=\"\" width=\"300\" height=\"200\" srcset=\"https:\/\/info.sadowne.pl\/wp-content\/uploads\/2019\/07\/2019.07.01.1-300x200.jpg 300w, https:\/\/info.sadowne.pl\/wp-content\/uploads\/2019\/07\/2019.07.01.1-768x512.jpg 768w, https:\/\/info.sadowne.pl\/wp-content\/uploads\/2019\/07\/2019.07.01.1.jpg 783w\" sizes=\"auto, (max-width: 300px) 100vw, 300px\" \/><\/a><\/p>\n<p><strong>Tekst\/foto:<\/strong> S\u0142awek Chyli\u0144ski<\/p>\n","protected":false},"excerpt":{"rendered":"<p>Informujemy, i\u017c na obecn\u0105 chwil\u0119 basen k\u0105pielowy w Sadownem nie jest czynny i prawdopodobnie ten stan nie zmieni si\u0119 do ko\u0144ca tegorocznych wakacji.<\/p>\n","protected":false},"author":1,"featured_media":0,"comment_status":"closed","ping_status":"closed","sticky":false,"template":"","format":"standard","meta":{"footnotes":""},"categories":[5,41],"tags":[2448,142],"class_list":["post-20718","post","type-post","status-publish","format-standard","hentry","category-newsy","category-wiesci-gminne","tag-basen-kapielowy-w-sadownem","tag-urzad-gminy-sadowne"],"views":3952,"_links":{"self":[{"href":"https:\/\/info.sadowne.pl\/index.php?rest_route=\/wp\/v2\/posts\/20718","targetHints":{"allow":["GET"]}}],"collection":[{"href":"https:\/\/info.sadowne.pl\/index.php?rest_route=\/wp\/v2\/posts"}],"about":[{"href":"https:\/\/info.sadowne.pl\/index.php?rest_route=\/wp\/v2\/types\/post"}],"author":[{"embeddable":true,"href":"https:\/\/info.sadowne.pl\/index.php?rest_route=\/wp\/v2\/users\/1"}],"replies":[{"embeddable":true,"href":"https:\/\/info.sadowne.pl\/index.php?rest_route=%2Fwp%2Fv2%2Fcomments&post=20718"}],"version-history":[{"count":1,"href":"https:\/\/info.sadowne.pl\/index.php?rest_route=\/wp\/v2\/posts\/20718\/revisions"}],"predecessor-version":[{"id":20720,"href":"https:\/\/info.sadowne.pl\/index.php?rest_route=\/wp\/v2\/posts\/20718\/revisions\/20720"}],"wp:attachment":[{"href":"https:\/\/info.sadowne.pl\/index.php?rest_route=%2Fwp%2Fv2%2Fmedia&parent=20718"}],"wp:term":[{"taxonomy":"category","embeddable":true,"href":"https:\/\/info.sadowne.pl\/index.php?rest_route=%2Fwp%2Fv2%2Fcategories&post=20718"},{"taxonomy":"post_tag","embeddable":true,"href":"https:\/\/info.sadowne.pl\/index.php?rest_route=%2Fwp%2Fv2%2Ftags&post=20718"}],"curies":[{"name":"wp","href":"https:\/\/api.w.org\/{rel}","templated":true}]}}