{"id":20722,"date":"2019-07-03T16:41:02","date_gmt":"2019-07-03T14:41:02","guid":{"rendered":"http:\/\/info.sadowne.pl\/?p=20722"},"modified":"2019-07-03T16:41:02","modified_gmt":"2019-07-03T14:41:02","slug":"obchody-100-lecia-osp-w-wilczogebach","status":"publish","type":"post","link":"https:\/\/info.sadowne.pl\/?p=20722","title":{"rendered":"Obchody 100-lecia OSP w Wilczog\u0119bach"},"content":{"rendered":"<p><strong><a href=\"http:\/\/info.sadowne.pl\/wp-content\/uploads\/2019\/07\/2019.07.03.11.jpg\" target=\"_blank\" rel=\"noopener noreferrer\"><img loading=\"lazy\" decoding=\"async\" class=\"alignleft wp-image-20723 size-thumbnail\" src=\"http:\/\/info.sadowne.pl\/wp-content\/uploads\/2019\/07\/2019.07.03.11-180x130.jpg\" alt=\"\" width=\"180\" height=\"130\" \/><\/a>Wilczog\u0119bscy stra\u017cacy do\u0142\u0105czyli do Ochotniczych Stra\u017cy Po\u017carnych, kt\u00f3re istniej\u0105 ju\u017c ponad 100 lat\u2026<\/strong><!--more--><\/p>\n<p>30 czerwca od rana stra\u017cacy z Wilczog\u0105b \u017cyli w oczekiwaniu na przyjazd go\u015bci i rozpocz\u0119cie uroczysto\u015bci. To by\u0142o pierwsze takie \u015bwi\u0119to w gminie Sadowne. Ich r\u00f3wie\u015bnicy z OSP Sadowne zaplanowali zorganizowanie swojego 100-lecia za cztery tygodnie, 28 lipca 2019 roku.<\/p>\n<p><img loading=\"lazy\" decoding=\"async\" class=\"aligncenter size-full wp-image-20724\" src=\"http:\/\/info.sadowne.pl\/wp-content\/uploads\/2019\/07\/2019.07.03.12.jpg\" alt=\"\" width=\"609\" height=\"407\" srcset=\"https:\/\/info.sadowne.pl\/wp-content\/uploads\/2019\/07\/2019.07.03.12.jpg 609w, https:\/\/info.sadowne.pl\/wp-content\/uploads\/2019\/07\/2019.07.03.12-300x200.jpg 300w\" sizes=\"auto, (max-width: 609px) 100vw, 609px\" \/><\/p>\n<p>Jeszcze tylko ostatnie spojrzenie prezesa OSP dh. Jacentego Biernata czy wszystko jest przygotowane, za\u0142o\u017cenie od\u015bwi\u0119tnych stroj\u00f3w, opasanie bia\u0142o-czerwon\u0105 szarf\u0105 kamienia pami\u0105tkowego i wy\u0142o\u017cenie odznacze\u0144 przyznanych stra\u017cakom, w\u0142o\u017cenie kwiat\u00f3w do wazon\u00f3w przed remiz\u0105 i na polowym o\u0142tarzu, ostatnie uwagi dow\u00f3dcy uroczysto\u015bci dh. Piotra Ziomackiego, pr\u00f3ba mikrofon\u00f3w i mo\u017cemy zaczyna\u0107. Go\u015bcie te\u017c ju\u017c si\u0119 gromadz\u0105 przed remiz\u0105 lub polowym o\u0142tarzem.<\/p>\n<p><img loading=\"lazy\" decoding=\"async\" class=\"aligncenter size-full wp-image-20725\" src=\"http:\/\/info.sadowne.pl\/wp-content\/uploads\/2019\/07\/2019.07.03.13.jpg\" alt=\"\" width=\"609\" height=\"407\" srcset=\"https:\/\/info.sadowne.pl\/wp-content\/uploads\/2019\/07\/2019.07.03.13.jpg 609w, https:\/\/info.sadowne.pl\/wp-content\/uploads\/2019\/07\/2019.07.03.13-300x200.jpg 300w\" sizes=\"auto, (max-width: 609px) 100vw, 609px\" \/><\/p>\n<p>Prezes J. Biernat w towarzystwie innych stra\u017cak\u00f3w wita przyby\u0142ych go\u015bci: parlamentarzyst\u00f3w, cz\u0142onk\u00f3w w\u0142adz wojew\u00f3dzkich, powiatowych i gminnych, przedstawicieli zarz\u0105d\u00f3w wojew\u00f3dzkiego, powiatowego i gminnego oddzia\u0142\u00f3w OSP RP, Pa\u0144stwowej Stra\u017cy Po\u017carnej i Policji, sponsor\u00f3w, poczty sztandarowe i delegacje jednostek OSP z gminy Sadowne.<\/p>\n<p><img loading=\"lazy\" decoding=\"async\" class=\"aligncenter size-full wp-image-20726\" src=\"http:\/\/info.sadowne.pl\/wp-content\/uploads\/2019\/07\/2019.07.03.14.jpg\" alt=\"\" width=\"609\" height=\"407\" srcset=\"https:\/\/info.sadowne.pl\/wp-content\/uploads\/2019\/07\/2019.07.03.14.jpg 609w, https:\/\/info.sadowne.pl\/wp-content\/uploads\/2019\/07\/2019.07.03.14-300x200.jpg 300w\" sizes=\"auto, (max-width: 609px) 100vw, 609px\" \/><\/p>\n<p>Czas formowa\u0107 szyk marszowy z pocztami sztandarowymi, aby przej\u015b\u0107 pod o\u0142tarz polowy przy krzy\u017cu naprzeciwko Pomnika POW, gdzie odb\u0119dzie si\u0119 msza \u015bw. dla uczczenia 100.rocznicy utworzenia OSP w Wilczog\u0119bach.<\/p>\n<p><img loading=\"lazy\" decoding=\"async\" class=\"aligncenter size-full wp-image-20727\" src=\"http:\/\/info.sadowne.pl\/wp-content\/uploads\/2019\/07\/2019.07.03.15.jpg\" alt=\"\" width=\"609\" height=\"407\" srcset=\"https:\/\/info.sadowne.pl\/wp-content\/uploads\/2019\/07\/2019.07.03.15.jpg 609w, https:\/\/info.sadowne.pl\/wp-content\/uploads\/2019\/07\/2019.07.03.15-300x200.jpg 300w\" sizes=\"auto, (max-width: 609px) 100vw, 609px\" \/><\/p>\n<p>Poczty sztandarowe prowadzi dh Mariusz Borowy,<\/p>\n<p><img loading=\"lazy\" decoding=\"async\" class=\"aligncenter size-full wp-image-20728\" src=\"http:\/\/info.sadowne.pl\/wp-content\/uploads\/2019\/07\/2019.07.03.16.jpg\" alt=\"\" width=\"609\" height=\"407\" srcset=\"https:\/\/info.sadowne.pl\/wp-content\/uploads\/2019\/07\/2019.07.03.16.jpg 609w, https:\/\/info.sadowne.pl\/wp-content\/uploads\/2019\/07\/2019.07.03.16-300x200.jpg 300w\" sizes=\"auto, (max-width: 609px) 100vw, 609px\" \/><\/p>\n<p>a pododdzia\u0142 stra\u017cak\u00f3w dh Piotr Ziomacki.<\/p>\n<p><img loading=\"lazy\" decoding=\"async\" class=\"aligncenter size-full wp-image-20729\" src=\"http:\/\/info.sadowne.pl\/wp-content\/uploads\/2019\/07\/2019.07.03.17.jpg\" alt=\"\" width=\"609\" height=\"407\" srcset=\"https:\/\/info.sadowne.pl\/wp-content\/uploads\/2019\/07\/2019.07.03.17.jpg 609w, https:\/\/info.sadowne.pl\/wp-content\/uploads\/2019\/07\/2019.07.03.17-300x200.jpg 300w\" sizes=\"auto, (max-width: 609px) 100vw, 609px\" \/><\/p>\n<p>Przy o\u0142tarzu polowym czekaj\u0105 ju\u017c ksi\u0119\u017ca, kt\u00f3rzy odprawi\u0105 msz\u0119 \u015bw.: ks. kanonik Wies\u0142aw Niemyjski, dziekan drohiczy\u0144ski i diecezjalny duszpasterz stra\u017cy po\u017carnej, ks. kanonik Stanis\u0142aw Wojciechowski, proboszcz parafii pod wezwaniem \u015bw. Jana Chrzciciela w Sadownem i ks. kapelan Antoni Kunicki, orkiestra d\u0119ta z Bra\u0144szczyka, rodziny stra\u017cak\u00f3w, mieszka\u0144cy Wilczog\u0105b i okolicznych wsi oraz przyjezdni na obchody tury\u015bci.<\/p>\n<p><img loading=\"lazy\" decoding=\"async\" class=\"aligncenter size-full wp-image-20730\" src=\"http:\/\/info.sadowne.pl\/wp-content\/uploads\/2019\/07\/2019.07.03.18.jpg\" alt=\"\" width=\"609\" height=\"407\" srcset=\"https:\/\/info.sadowne.pl\/wp-content\/uploads\/2019\/07\/2019.07.03.18.jpg 609w, https:\/\/info.sadowne.pl\/wp-content\/uploads\/2019\/07\/2019.07.03.18-300x200.jpg 300w\" sizes=\"auto, (max-width: 609px) 100vw, 609px\" \/><\/p>\n<p>Na pobliskim Pomniku POW zapalone zosta\u0142y znicze dla upami\u0119tnienia 6 stra\u017cak\u00f3w, kt\u00f3rzy zgin\u0119li w niemieckich wi\u0119zieniach i obozach za przyj\u0119cie zrzutu broni dla AK w kwietniu 1944 roku.<\/p>\n<p><img loading=\"lazy\" decoding=\"async\" class=\"aligncenter size-full wp-image-20731\" src=\"http:\/\/info.sadowne.pl\/wp-content\/uploads\/2019\/07\/2019.07.03.19.jpg\" alt=\"\" width=\"609\" height=\"407\" srcset=\"https:\/\/info.sadowne.pl\/wp-content\/uploads\/2019\/07\/2019.07.03.19.jpg 609w, https:\/\/info.sadowne.pl\/wp-content\/uploads\/2019\/07\/2019.07.03.19-300x200.jpg 300w\" sizes=\"auto, (max-width: 609px) 100vw, 609px\" \/><\/p>\n<p>Poczty sztandarowe i stra\u017cacy w szyku zajmuj\u0105 wyznaczone dla nich miejsca.<\/p>\n<p><img loading=\"lazy\" decoding=\"async\" class=\"aligncenter size-full wp-image-20732\" src=\"http:\/\/info.sadowne.pl\/wp-content\/uploads\/2019\/07\/2019.07.03.20.jpg\" alt=\"\" width=\"609\" height=\"407\" srcset=\"https:\/\/info.sadowne.pl\/wp-content\/uploads\/2019\/07\/2019.07.03.20.jpg 609w, https:\/\/info.sadowne.pl\/wp-content\/uploads\/2019\/07\/2019.07.03.20-300x200.jpg 300w\" sizes=\"auto, (max-width: 609px) 100vw, 609px\" \/><\/p>\n<p>Dla go\u015bci przewidziano krzes\u0142a na lewo od o\u0142tarza.<\/p>\n<p><img loading=\"lazy\" decoding=\"async\" class=\"aligncenter size-full wp-image-20733\" src=\"http:\/\/info.sadowne.pl\/wp-content\/uploads\/2019\/07\/2019.07.03.21.jpg\" alt=\"\" width=\"609\" height=\"407\" srcset=\"https:\/\/info.sadowne.pl\/wp-content\/uploads\/2019\/07\/2019.07.03.21.jpg 609w, https:\/\/info.sadowne.pl\/wp-content\/uploads\/2019\/07\/2019.07.03.21-300x200.jpg 300w\" sizes=\"auto, (max-width: 609px) 100vw, 609px\" \/><\/p>\n<p>Rozpoczyna si\u0119 msza \u015bw. W czasie podniesienia stra\u017cacy przyjmuj\u0105 postaw\u0119 zasadnicz\u0105.<\/p>\n<p><img loading=\"lazy\" decoding=\"async\" class=\"aligncenter size-full wp-image-20734\" src=\"http:\/\/info.sadowne.pl\/wp-content\/uploads\/2019\/07\/2019.07.03.22.jpg\" alt=\"\" width=\"609\" height=\"407\" srcset=\"https:\/\/info.sadowne.pl\/wp-content\/uploads\/2019\/07\/2019.07.03.22.jpg 609w, https:\/\/info.sadowne.pl\/wp-content\/uploads\/2019\/07\/2019.07.03.22-300x200.jpg 300w\" sizes=\"auto, (max-width: 609px) 100vw, 609px\" \/><\/p>\n<p>Fragmenty Ewangelii odczytali dh. Agnieszka Sty\u015b i dh Zbigniew K\u0105dziela.<\/p>\n<p><img loading=\"lazy\" decoding=\"async\" class=\"aligncenter size-full wp-image-20735\" src=\"http:\/\/info.sadowne.pl\/wp-content\/uploads\/2019\/07\/2019.07.03.23.jpg\" alt=\"\" width=\"609\" height=\"407\" srcset=\"https:\/\/info.sadowne.pl\/wp-content\/uploads\/2019\/07\/2019.07.03.23.jpg 609w, https:\/\/info.sadowne.pl\/wp-content\/uploads\/2019\/07\/2019.07.03.23-300x200.jpg 300w\" sizes=\"auto, (max-width: 609px) 100vw, 609px\" \/><\/p>\n<p>Dh Edward Pu\u015bcion odczyta\u0142 Modlitw\u0119 stra\u017caka.<\/p>\n<p>&nbsp;<\/p>\n<p>Z uwagi na charakter uroczysto\u015bci proboszcz sadowie\u0144skiej parafii ks. kanonik Stanis\u0142aw Wojciechowski zdecydowa\u0142, \u017ce datki z tacy b\u0119d\u0105 przeznaczone dla OSP w Wilczog\u0119bach.<\/p>\n<p><img loading=\"lazy\" decoding=\"async\" class=\"aligncenter size-full wp-image-20736\" src=\"http:\/\/info.sadowne.pl\/wp-content\/uploads\/2019\/07\/2019.07.03.24.jpg\" alt=\"\" width=\"609\" height=\"407\" srcset=\"https:\/\/info.sadowne.pl\/wp-content\/uploads\/2019\/07\/2019.07.03.24.jpg 609w, https:\/\/info.sadowne.pl\/wp-content\/uploads\/2019\/07\/2019.07.03.24-300x200.jpg 300w\" sizes=\"auto, (max-width: 609px) 100vw, 609px\" \/><\/p>\n<p>Na zako\u0144czenie mszy ks. proboszcz po\u017cegna\u0142 si\u0119 ze stra\u017cakami i mieszka\u0144cami wsi poniewa\u017c by\u0142 to ostatni dzie\u0144 pe\u0142nienia przez niego pos\u0142ugi w Sadownem i przedstawi\u0142 swojego nast\u0119pc\u0119, ks. kapelana Antoniego Kunickiego.<\/p>\n<p><img loading=\"lazy\" decoding=\"async\" class=\"aligncenter size-full wp-image-20737\" src=\"http:\/\/info.sadowne.pl\/wp-content\/uploads\/2019\/07\/2019.07.03.25.jpg\" alt=\"\" width=\"609\" height=\"407\" srcset=\"https:\/\/info.sadowne.pl\/wp-content\/uploads\/2019\/07\/2019.07.03.25.jpg 609w, https:\/\/info.sadowne.pl\/wp-content\/uploads\/2019\/07\/2019.07.03.25-300x200.jpg 300w\" sizes=\"auto, (max-width: 609px) 100vw, 609px\" \/><\/p>\n<p>W przemarszu od o\u0142tarza polowego do remizy do poczt\u00f3w sztandarowych do\u0142\u0105czy\u0142a na pocz\u0105tku kolumny orkiestra d\u0119ta z Bra\u0144szczyka i poczet z flag\u0105 pa\u0144stwow\u0105.<\/p>\n<p><img loading=\"lazy\" decoding=\"async\" class=\"aligncenter size-full wp-image-20738\" src=\"http:\/\/info.sadowne.pl\/wp-content\/uploads\/2019\/07\/2019.07.03.26.jpg\" alt=\"\" width=\"609\" height=\"407\" srcset=\"https:\/\/info.sadowne.pl\/wp-content\/uploads\/2019\/07\/2019.07.03.26.jpg 609w, https:\/\/info.sadowne.pl\/wp-content\/uploads\/2019\/07\/2019.07.03.26-300x200.jpg 300w\" sizes=\"auto, (max-width: 609px) 100vw, 609px\" \/><\/p>\n<p>Pod remiz\u0105 poczty sztandarowe OSP i k\u00f3\u0142 \u0142owieckich i pododdzia\u0142 stra\u017cak\u00f3w zajmuj\u0105 wyznaczone miejsca.<\/p>\n<p><img loading=\"lazy\" decoding=\"async\" class=\"aligncenter size-full wp-image-20739\" src=\"http:\/\/info.sadowne.pl\/wp-content\/uploads\/2019\/07\/2019.07.03.27.jpg\" alt=\"\" width=\"609\" height=\"407\" srcset=\"https:\/\/info.sadowne.pl\/wp-content\/uploads\/2019\/07\/2019.07.03.27.jpg 609w, https:\/\/info.sadowne.pl\/wp-content\/uploads\/2019\/07\/2019.07.03.27-300x200.jpg 300w\" sizes=\"auto, (max-width: 609px) 100vw, 609px\" \/><\/p>\n<p>Narrator uroczysto\u015bci dh. Agnieszka Sty\u015b wita wszystkich zebranych i od tego momentu a\u017c do zako\u0144czenia uroczysto\u015bci b\u0119dzie zapowiada\u0107 wszystkie kolejne punkty programu.<\/p>\n<p><img loading=\"lazy\" decoding=\"async\" class=\"aligncenter size-full wp-image-20740\" src=\"http:\/\/info.sadowne.pl\/wp-content\/uploads\/2019\/07\/2019.07.03.28.jpg\" alt=\"\" width=\"609\" height=\"407\" srcset=\"https:\/\/info.sadowne.pl\/wp-content\/uploads\/2019\/07\/2019.07.03.28.jpg 609w, https:\/\/info.sadowne.pl\/wp-content\/uploads\/2019\/07\/2019.07.03.28-300x200.jpg 300w\" sizes=\"auto, (max-width: 609px) 100vw, 609px\" \/><\/p>\n<p>Pada komenda \u201ePododdzia\u0142-Baczno\u015b\u0107! Pododdzia\u0142 na prawo patrz!\u201d, a dow\u00f3dca uroczysto\u015bci dh Piotr Ziomacki melduje gotowo\u015b\u0107 do uroczystego apelu z okazji 100-lecia Ochotniczej Stra\u017cy Po\u017carnej w Wilczog\u0119bach starszemu brygadierowi Ireneuszowi Kr\u00f3likowi, cz\u0142onkowi Zarz\u0105du Oddzia\u0142u Wojew\u00f3dzkiego Zwi\u0105zku Ochotniczych Stra\u017cy Po\u017carnych RP, kt\u00f3ry wita si\u0119 ze stra\u017cakami.<\/p>\n<p><img loading=\"lazy\" decoding=\"async\" class=\"aligncenter size-full wp-image-20741\" src=\"http:\/\/info.sadowne.pl\/wp-content\/uploads\/2019\/07\/2019.07.03.29.jpg\" alt=\"\" width=\"609\" height=\"407\" srcset=\"https:\/\/info.sadowne.pl\/wp-content\/uploads\/2019\/07\/2019.07.03.29.jpg 609w, https:\/\/info.sadowne.pl\/wp-content\/uploads\/2019\/07\/2019.07.03.29-300x200.jpg 300w\" sizes=\"auto, (max-width: 609px) 100vw, 609px\" \/><\/p>\n<p>Nast\u0119puje moment wci\u0105gni\u0119cia flagi pa\u0144stwowej na maszt. Poczet flagowy w sk\u0142adzie: druhowie Sylwester \u017begota, Krzysztof Samsel i Konrad \u0141awnik maszeruje krokiem defiladowym do masztu i przy d\u017awi\u0119kach Mazurka D\u0105browskiego wci\u0105ga bia\u0142o-czerwon\u0105 flag\u0119 na maszt.<\/p>\n<p><img loading=\"lazy\" decoding=\"async\" class=\"aligncenter size-full wp-image-20742\" src=\"http:\/\/info.sadowne.pl\/wp-content\/uploads\/2019\/07\/2019.07.03.30.jpg\" alt=\"\" width=\"609\" height=\"407\" srcset=\"https:\/\/info.sadowne.pl\/wp-content\/uploads\/2019\/07\/2019.07.03.30.jpg 609w, https:\/\/info.sadowne.pl\/wp-content\/uploads\/2019\/07\/2019.07.03.30-300x200.jpg 300w\" sizes=\"auto, (max-width: 609px) 100vw, 609px\" \/><\/p>\n<p>Nast\u0119pnie wykonuje w ty\u0142 zwrot i do ko\u0144ca uroczysto\u015bci pe\u0142ni wart\u0119 honorow\u0105 przy maszcie.<\/p>\n<p><img loading=\"lazy\" decoding=\"async\" class=\"aligncenter size-full wp-image-20743\" src=\"http:\/\/info.sadowne.pl\/wp-content\/uploads\/2019\/07\/2019.07.03.31.jpg\" alt=\"\" width=\"407\" height=\"609\" srcset=\"https:\/\/info.sadowne.pl\/wp-content\/uploads\/2019\/07\/2019.07.03.31.jpg 407w, https:\/\/info.sadowne.pl\/wp-content\/uploads\/2019\/07\/2019.07.03.31-200x300.jpg 200w\" sizes=\"auto, (max-width: 407px) 100vw, 407px\" \/><\/p>\n<p>Jako pierwszy zabiera g\u0142os dh Waldemar Cyran, w\u00f3jt gminy Sadowne i prezes Zarz\u0105du Oddzia\u0142u Gminnego OSP RP w Sadownem.<\/p>\n<p><img loading=\"lazy\" decoding=\"async\" class=\"aligncenter size-full wp-image-20744\" src=\"http:\/\/info.sadowne.pl\/wp-content\/uploads\/2019\/07\/2019.07.03.32.jpg\" alt=\"\" width=\"609\" height=\"407\" srcset=\"https:\/\/info.sadowne.pl\/wp-content\/uploads\/2019\/07\/2019.07.03.32.jpg 609w, https:\/\/info.sadowne.pl\/wp-content\/uploads\/2019\/07\/2019.07.03.32-300x200.jpg 300w\" sizes=\"auto, (max-width: 609px) 100vw, 609px\" \/><\/p>\n<p>Nast\u0119pnie dh Jerzy K. Wycech prezentuje histori\u0119 Jednostki.<\/p>\n<p><img loading=\"lazy\" decoding=\"async\" class=\"aligncenter size-full wp-image-20745\" src=\"http:\/\/info.sadowne.pl\/wp-content\/uploads\/2019\/07\/2019.07.03.33.jpg\" alt=\"\" width=\"609\" height=\"407\" srcset=\"https:\/\/info.sadowne.pl\/wp-content\/uploads\/2019\/07\/2019.07.03.33.jpg 609w, https:\/\/info.sadowne.pl\/wp-content\/uploads\/2019\/07\/2019.07.03.33-300x200.jpg 300w\" sizes=\"auto, (max-width: 609px) 100vw, 609px\" \/><\/p>\n<p>Nast\u0119puje moment dekoracji sztandaru OSP w Wilczog\u0119bach Z\u0142otym Znakiem Zwi\u0105zku OSP RP. Aktu dekoracji dokonuje dh Ireneusz Kr\u00f3lik.<\/p>\n<p><img loading=\"lazy\" decoding=\"async\" class=\"aligncenter size-full wp-image-20746\" src=\"http:\/\/info.sadowne.pl\/wp-content\/uploads\/2019\/07\/2019.07.03.34.jpg\" alt=\"\" width=\"609\" height=\"407\" srcset=\"https:\/\/info.sadowne.pl\/wp-content\/uploads\/2019\/07\/2019.07.03.34.jpg 609w, https:\/\/info.sadowne.pl\/wp-content\/uploads\/2019\/07\/2019.07.03.34-300x200.jpg 300w\" sizes=\"auto, (max-width: 609px) 100vw, 609px\" \/><\/p>\n<p>Po dekoracji, poczet sztandarowy Jednostki w sk\u0142adzie: druhowie Wojciech K\u0105dziela, Barbara Szczechura i Ewelina Ga\u0142\u0105zka prezentuje odznaczenie wszystkim zebranym.<\/p>\n<p><img loading=\"lazy\" decoding=\"async\" class=\"aligncenter size-full wp-image-20747\" src=\"http:\/\/info.sadowne.pl\/wp-content\/uploads\/2019\/07\/2019.07.03.35.jpg\" alt=\"\" width=\"609\" height=\"407\" srcset=\"https:\/\/info.sadowne.pl\/wp-content\/uploads\/2019\/07\/2019.07.03.35.jpg 609w, https:\/\/info.sadowne.pl\/wp-content\/uploads\/2019\/07\/2019.07.03.35-300x200.jpg 300w\" sizes=\"auto, (max-width: 609px) 100vw, 609px\" \/><\/p>\n<p>Po dekoracji sztandaru OSP w Wilczog\u0119bach, odznaczenia, medale i wyr\u00f3\u017cnienia wr\u0119czane s\u0105 poszczeg\u00f3lnym druhom.<\/p>\n<p><img loading=\"lazy\" decoding=\"async\" class=\"aligncenter size-full wp-image-20748\" src=\"http:\/\/info.sadowne.pl\/wp-content\/uploads\/2019\/07\/2019.07.03.36.jpg\" alt=\"\" width=\"493\" height=\"738\" srcset=\"https:\/\/info.sadowne.pl\/wp-content\/uploads\/2019\/07\/2019.07.03.36.jpg 493w, https:\/\/info.sadowne.pl\/wp-content\/uploads\/2019\/07\/2019.07.03.36-200x300.jpg 200w\" sizes=\"auto, (max-width: 493px) 100vw, 493px\" \/><\/p>\n<p>Odznaczenie Medal Honorowy im. Boles\u0142awa Chomicza otrzyma\u0142 dh Kazimierz Szczechura. Ze wzgl\u0119du na stan zdrowia odebra\u0142 je jego syn dh Adam Szczechura, zast\u0119pca naczelnika OSP Wilczog\u0119by.<\/p>\n<p><img loading=\"lazy\" decoding=\"async\" class=\"aligncenter size-full wp-image-20749\" src=\"http:\/\/info.sadowne.pl\/wp-content\/uploads\/2019\/07\/2019.07.03.37.jpg\" alt=\"\" width=\"407\" height=\"609\" srcset=\"https:\/\/info.sadowne.pl\/wp-content\/uploads\/2019\/07\/2019.07.03.37.jpg 407w, https:\/\/info.sadowne.pl\/wp-content\/uploads\/2019\/07\/2019.07.03.37-200x300.jpg 200w\" sizes=\"auto, (max-width: 407px) 100vw, 407px\" \/><\/p>\n<p>Z\u0142ote Medale za zas\u0142ugi dla po\u017carnictwa otrzymali druhowie Zbigniew K\u0105dziela, Leszek Ga\u0142\u0105zka i Adam Ga\u0142\u0105zka. Medalami Srebrnymi zostali udekorowani druhowie Dariusz Rolk i S\u0142awomir Sty\u015b, a Br\u0105zowymi \u2013 druhowie \u0141ukasz Biernat, Miros\u0142aw Citko, Adam Szczechura i Pawe\u0142 Gajewski.<\/p>\n<p><img loading=\"lazy\" decoding=\"async\" class=\"aligncenter size-full wp-image-20750\" src=\"http:\/\/info.sadowne.pl\/wp-content\/uploads\/2019\/07\/2019.07.03.38.jpg\" alt=\"\" width=\"609\" height=\"407\" srcset=\"https:\/\/info.sadowne.pl\/wp-content\/uploads\/2019\/07\/2019.07.03.38.jpg 609w, https:\/\/info.sadowne.pl\/wp-content\/uploads\/2019\/07\/2019.07.03.38-300x200.jpg 300w\" sizes=\"auto, (max-width: 609px) 100vw, 609px\" \/><\/p>\n<p>Wr\u0119czenia Medalu Honorowego im. Boles\u0142awa Chomicza i medali za zas\u0142ugi dla po\u017carnictwa dokona\u0142 dh Ireneusz Kr\u00f3lik w asy\u015bcie dh. Ryszarda Gajewskiego.<\/p>\n<p><img loading=\"lazy\" decoding=\"async\" class=\"aligncenter size-full wp-image-20751\" src=\"http:\/\/info.sadowne.pl\/wp-content\/uploads\/2019\/07\/2019.07.03.39.jpg\" alt=\"\" width=\"609\" height=\"407\" srcset=\"https:\/\/info.sadowne.pl\/wp-content\/uploads\/2019\/07\/2019.07.03.39.jpg 609w, https:\/\/info.sadowne.pl\/wp-content\/uploads\/2019\/07\/2019.07.03.39-300x200.jpg 300w\" sizes=\"auto, (max-width: 609px) 100vw, 609px\" \/><\/p>\n<p>Dh Ryszard Gajewski w asy\u015bcie starszego brygadiera Jaros\u0142awa Soszy\u0144skiego, komendanta powiatowego Pa\u0144stwowej Stra\u017cy Po\u017carnej w W\u0119growie wr\u0119czy\u0142 odznaki Wzorowy stra\u017cak nast\u0119puj\u0105cym druhnom i druhom: Barbara Szczechura, Ewelina Ga\u0142\u0105zka, Agnieszka Sty\u015b, Mariusz Borowy, Jaros\u0142aw Podg\u00f3rski, Krzysztof Samsel, Tomasz Gajewski, Wojciech Urbankowski.<\/p>\n<p><img loading=\"lazy\" decoding=\"async\" class=\"aligncenter size-full wp-image-20752\" src=\"http:\/\/info.sadowne.pl\/wp-content\/uploads\/2019\/07\/2019.07.03.40.jpg\" alt=\"\" width=\"609\" height=\"407\" srcset=\"https:\/\/info.sadowne.pl\/wp-content\/uploads\/2019\/07\/2019.07.03.40.jpg 609w, https:\/\/info.sadowne.pl\/wp-content\/uploads\/2019\/07\/2019.07.03.40-300x200.jpg 300w\" sizes=\"auto, (max-width: 609px) 100vw, 609px\" \/><\/p>\n<p>Wr\u0119czenia odznak za wys\u0142ug\u0119 lat dokona\u0142 dh Waldemar Cyran w asy\u015bcie dh. Jacentego Biernata. Otrzymali je druhowie Kazimierz Szczechura, Stefan Ga\u0142\u0105zka, Jerzy K. Wycech, Edward Pu\u015bcion, Mieczys\u0142aw Urbankowski, Jacenty Biernat, Krzysztof Podg\u00f3rski, Mieczys\u0142aw Kaczmarczyk, Zbigniew K\u0105dziela, Wies\u0142aw J\u00f3\u017awik, Leszek Ga\u0142\u0105zka, Dariusz Rolk, Adam Ga\u0142\u0105zka, S\u0142awomir Sty\u015b, Miros\u0142aw Citko, Adam Szczechura, \u0141ukasz Biernat, Pawe\u0142 Gajewski, Mariusz Borowy, Wojciech Urbankowski, Tomasz Gajewski i druhna Agnieszka Sty\u015b.<\/p>\n<p><img loading=\"lazy\" decoding=\"async\" class=\"aligncenter size-full wp-image-20753\" src=\"http:\/\/info.sadowne.pl\/wp-content\/uploads\/2019\/07\/2019.07.03.41.jpg\" alt=\"\" width=\"609\" height=\"407\" srcset=\"https:\/\/info.sadowne.pl\/wp-content\/uploads\/2019\/07\/2019.07.03.41.jpg 609w, https:\/\/info.sadowne.pl\/wp-content\/uploads\/2019\/07\/2019.07.03.41-300x200.jpg 300w\" sizes=\"auto, (max-width: 609px) 100vw, 609px\" \/><\/p>\n<p>Nie mo\u017cna nie wspomnie\u0107 o dh. Marku Gajewskim z miejscowej OSP, kt\u00f3ry asystuj\u0105c wr\u0119czaj\u0105cym odznaczenia i medale zapewni\u0142, \u017ce ka\u017cdy stra\u017cak otrzyma\u0142 to, co mu przyznano.<\/p>\n<p><img loading=\"lazy\" decoding=\"async\" class=\"aligncenter size-full wp-image-20754\" src=\"http:\/\/info.sadowne.pl\/wp-content\/uploads\/2019\/07\/2019.07.03.42.jpg\" alt=\"\" width=\"609\" height=\"407\" srcset=\"https:\/\/info.sadowne.pl\/wp-content\/uploads\/2019\/07\/2019.07.03.42.jpg 609w, https:\/\/info.sadowne.pl\/wp-content\/uploads\/2019\/07\/2019.07.03.42-300x200.jpg 300w\" sizes=\"auto, (max-width: 609px) 100vw, 609px\" \/><\/p>\n<p>OSP w Wilczog\u0119bach ufundowa\u0142a dla przedstawicieli urz\u0119d\u00f3w i instytucji, z kt\u00f3rymi \u015bci\u015ble wsp\u00f3\u0142pracuje, innych OSP w gminie Sadowne, sponsor\u00f3w oraz w\u0142asnych cz\u0142onk\u00f3w 75 pami\u0105tkowych statuetek, kt\u00f3re wr\u0119czy\u0142 dh Jacenty Biernat w asy\u015bcie dh. Adama Szczechury.<\/p>\n<p><img loading=\"lazy\" decoding=\"async\" class=\"aligncenter size-full wp-image-20755\" src=\"http:\/\/info.sadowne.pl\/wp-content\/uploads\/2019\/07\/2019.07.03.43.jpg\" alt=\"\" width=\"609\" height=\"407\" srcset=\"https:\/\/info.sadowne.pl\/wp-content\/uploads\/2019\/07\/2019.07.03.43.jpg 609w, https:\/\/info.sadowne.pl\/wp-content\/uploads\/2019\/07\/2019.07.03.43-300x200.jpg 300w\" sizes=\"auto, (max-width: 609px) 100vw, 609px\" \/><\/p>\n<p>Obaj druhowie prowadzili te\u017c ceremoni\u0119 wbijania ponad 100 pami\u0105tkowych gwo\u017adzi z okazji obchod\u00f3w 100-lecia OSP w Wilczog\u0119bach do specjalnej tablicy w kszta\u0142cie herbu stra\u017cak\u00f3w.<\/p>\n<p><img loading=\"lazy\" decoding=\"async\" class=\"aligncenter size-full wp-image-20756\" src=\"http:\/\/info.sadowne.pl\/wp-content\/uploads\/2019\/07\/2019.07.03.44.jpg\" alt=\"\" width=\"609\" height=\"407\" srcset=\"https:\/\/info.sadowne.pl\/wp-content\/uploads\/2019\/07\/2019.07.03.44.jpg 609w, https:\/\/info.sadowne.pl\/wp-content\/uploads\/2019\/07\/2019.07.03.44-300x200.jpg 300w\" sizes=\"auto, (max-width: 609px) 100vw, 609px\" \/><\/p>\n<p>Wa\u017cnym momentem uroczysto\u015bci by\u0142o ods\u0142oni\u0119cie kamienia pami\u0105tkowego, kt\u00f3rego dokonali: pos\u0142owie na Sejm RP Teresa Wargocka i Czes\u0142aw Mroczek, pose\u0142 do Parlamentu Europejskiego Jaros\u0142aw Kalinowski, cz\u0142onek Zarz\u0105du Wojew\u00f3dztwa Mazowieckiego radna Sejmiku Wojew\u00f3dztwa El\u017cbieta Lanc, wicestarosta w\u0119growski Marek Renik oraz druhowie: Ireneusz Kr\u00f3lik, Waldemar Cyran i Jacenty Biernat.<\/p>\n<p><img loading=\"lazy\" decoding=\"async\" class=\"aligncenter size-full wp-image-20757\" src=\"http:\/\/info.sadowne.pl\/wp-content\/uploads\/2019\/07\/2019.07.03.45.jpg\" alt=\"\" width=\"609\" height=\"407\" srcset=\"https:\/\/info.sadowne.pl\/wp-content\/uploads\/2019\/07\/2019.07.03.45.jpg 609w, https:\/\/info.sadowne.pl\/wp-content\/uploads\/2019\/07\/2019.07.03.45-300x200.jpg 300w\" sizes=\"auto, (max-width: 609px) 100vw, 609px\" \/><\/p>\n<p>Ksi\u0119\u017ca Wies\u0142aw Niemyjski, Stanis\u0142aw Wojciechowski i Antoni Kunicki dokonali po\u015bwi\u0119cenia kamienia po jego ods\u0142oni\u0119ciu.<\/p>\n<p><img loading=\"lazy\" decoding=\"async\" class=\"aligncenter size-full wp-image-20758\" src=\"http:\/\/info.sadowne.pl\/wp-content\/uploads\/2019\/07\/2019.07.03.46.jpg\" alt=\"\" width=\"609\" height=\"407\" srcset=\"https:\/\/info.sadowne.pl\/wp-content\/uploads\/2019\/07\/2019.07.03.46.jpg 609w, https:\/\/info.sadowne.pl\/wp-content\/uploads\/2019\/07\/2019.07.03.46-300x200.jpg 300w\" sizes=\"auto, (max-width: 609px) 100vw, 609px\" \/><\/p>\n<p>Podzi\u0119kowania pod adresem uczestnik\u00f3w uroczysto\u015bci wyg\u0142osi\u0142 dh Jacenty Biernat, wyra\u017caj\u0105c wysok\u0105 ocen\u0119 dotychczasowej wsp\u00f3\u0142pracy i oczekiwanie jej kontynuacji w przysz\u0142o\u015bci. Ze szczeg\u00f3lnymi wyrazami uznania zwr\u00f3ci\u0142 si\u0119 do w\u00f3jta gminy Sadowne dh Waldemara Cyrana, kt\u00f3remu OSP Wilczog\u0119by ufundowa\u0142o specjaln\u0105 pami\u0105tk\u0119.<\/p>\n<p><img loading=\"lazy\" decoding=\"async\" class=\"aligncenter size-full wp-image-20759\" src=\"http:\/\/info.sadowne.pl\/wp-content\/uploads\/2019\/07\/2019.07.03.47.jpg\" alt=\"\" width=\"609\" height=\"407\" srcset=\"https:\/\/info.sadowne.pl\/wp-content\/uploads\/2019\/07\/2019.07.03.47.jpg 609w, https:\/\/info.sadowne.pl\/wp-content\/uploads\/2019\/07\/2019.07.03.47-300x200.jpg 300w\" sizes=\"auto, (max-width: 609px) 100vw, 609px\" \/><\/p>\n<p>Dh Jacenty Biernat przekaza\u0142 te\u017c podzi\u0119kowania i dyplomy uznania wszystkim obecnym na uroczysto\u015bci jego poprzednikom, kt\u00f3rzy pe\u0142nili funkcj\u0119 prezesa Zarz\u0105du OSP w Wilczog\u0119bach: Mieczys\u0142awowi Urbankowskiemu, Edwardowi Pu\u015bcionowi, Jerzemu K. Wycechowi i Zbigniewowi K\u0105dzieli.<\/p>\n<p><img loading=\"lazy\" decoding=\"async\" class=\"aligncenter size-full wp-image-20760\" src=\"http:\/\/info.sadowne.pl\/wp-content\/uploads\/2019\/07\/2019.07.03.48.jpg\" alt=\"\" width=\"609\" height=\"407\" srcset=\"https:\/\/info.sadowne.pl\/wp-content\/uploads\/2019\/07\/2019.07.03.48.jpg 609w, https:\/\/info.sadowne.pl\/wp-content\/uploads\/2019\/07\/2019.07.03.48-300x200.jpg 300w\" sizes=\"auto, (max-width: 609px) 100vw, 609px\" \/><\/p>\n<p>Nast\u0119pnie zabra\u0142 g\u0142os dh Jerzy K. Wycech, kt\u00f3ry w asy\u015bcie dh. Adama Szczechury z\u0142o\u017cy\u0142 podzi\u0119kowania za szczeg\u00f3ln\u0105 aktywno\u015b\u0107 dh. Jacentemu Biernatowi, jako prezesowi Zarz\u0105du OSP w Wilczog\u0119bach i wr\u0119czy\u0142 mu dyplom uznania i toporek stra\u017cacki.<\/p>\n<p><img loading=\"lazy\" decoding=\"async\" class=\"aligncenter size-full wp-image-20761\" src=\"http:\/\/info.sadowne.pl\/wp-content\/uploads\/2019\/07\/2019.07.03.49.jpg\" alt=\"\" width=\"609\" height=\"407\" srcset=\"https:\/\/info.sadowne.pl\/wp-content\/uploads\/2019\/07\/2019.07.03.49.jpg 609w, https:\/\/info.sadowne.pl\/wp-content\/uploads\/2019\/07\/2019.07.03.49-300x200.jpg 300w\" sizes=\"auto, (max-width: 609px) 100vw, 609px\" \/><\/p>\n<p>Po jego s\u0142owach zabrzmia\u0142o gromkie \u201eSto lat\u201d na cze\u015b\u0107 prezesa OSP. Dwa swoje wiersze po\u015bwi\u0119cone wilczog\u0119bskim stra\u017cakom odczyta\u0142a pani El\u017cbieta S\u00f3wka.<\/p>\n<p><img loading=\"lazy\" decoding=\"async\" class=\"aligncenter size-full wp-image-20762\" src=\"http:\/\/info.sadowne.pl\/wp-content\/uploads\/2019\/07\/2019.07.03.50.jpg\" alt=\"\" width=\"609\" height=\"407\" srcset=\"https:\/\/info.sadowne.pl\/wp-content\/uploads\/2019\/07\/2019.07.03.50.jpg 609w, https:\/\/info.sadowne.pl\/wp-content\/uploads\/2019\/07\/2019.07.03.50-300x200.jpg 300w\" sizes=\"auto, (max-width: 609px) 100vw, 609px\" \/><\/p>\n<p>Spo\u015br\u00f3d uczestnicz\u0105cych go\u015bci, g\u0142os zabrali Teresa Wargocka, Czes\u0142aw Mroczek, Jaros\u0142aw Kalinowski,<\/p>\n<p><img loading=\"lazy\" decoding=\"async\" class=\"aligncenter size-full wp-image-20763\" src=\"http:\/\/info.sadowne.pl\/wp-content\/uploads\/2019\/07\/2019.07.03.51.jpg\" alt=\"\" width=\"609\" height=\"407\" srcset=\"https:\/\/info.sadowne.pl\/wp-content\/uploads\/2019\/07\/2019.07.03.51.jpg 609w, https:\/\/info.sadowne.pl\/wp-content\/uploads\/2019\/07\/2019.07.03.51-300x200.jpg 300w\" sizes=\"auto, (max-width: 609px) 100vw, 609px\" \/><\/p>\n<p>El\u017cbieta Lanc, radny Sejmiku Wojew\u00f3dztwa Maciej G\u00f3rski, dyrektor Oddzia\u0142u Regionalnego KRUS Joanna Bala, dh Waldemar Cyran, dh Ireneusz Kr\u00f3lik, Jaros\u0142aw Soszy\u0144ski, Marek Renik,<\/p>\n<p><img loading=\"lazy\" decoding=\"async\" class=\"aligncenter size-full wp-image-20764\" src=\"http:\/\/info.sadowne.pl\/wp-content\/uploads\/2019\/07\/2019.07.03.52.jpg\" alt=\"\" width=\"609\" height=\"407\" srcset=\"https:\/\/info.sadowne.pl\/wp-content\/uploads\/2019\/07\/2019.07.03.52.jpg 609w, https:\/\/info.sadowne.pl\/wp-content\/uploads\/2019\/07\/2019.07.03.52-300x200.jpg 300w\" sizes=\"auto, (max-width: 609px) 100vw, 609px\" \/><\/p>\n<p>komendant powiatowy Policji Andrzej Stryczula, kierownik Delegatury Mazowieckiego Urz\u0119du Wojew\u00f3dzkiego w Siedlcach Anna Kaszuba,<\/p>\n<p><img loading=\"lazy\" decoding=\"async\" class=\"aligncenter size-full wp-image-20765\" src=\"http:\/\/info.sadowne.pl\/wp-content\/uploads\/2019\/07\/2019.07.03.53.jpg\" alt=\"\" width=\"609\" height=\"407\" srcset=\"https:\/\/info.sadowne.pl\/wp-content\/uploads\/2019\/07\/2019.07.03.53.jpg 609w, https:\/\/info.sadowne.pl\/wp-content\/uploads\/2019\/07\/2019.07.03.53-300x200.jpg 300w\" sizes=\"auto, (max-width: 609px) 100vw, 609px\" \/><\/p>\n<p>Ewa Stebelska, wnuczka jednego z za\u0142o\u017cycieli OSP Wilczog\u0119by w 1919 roku \u2013 Jana Ojdany, zast\u0119pcy naczelnika w pierwszym Zarz\u0105dzie.<\/p>\n<p><img loading=\"lazy\" decoding=\"async\" class=\"aligncenter size-full wp-image-20766\" src=\"http:\/\/info.sadowne.pl\/wp-content\/uploads\/2019\/07\/2019.07.03.54.jpg\" alt=\"\" width=\"609\" height=\"407\" srcset=\"https:\/\/info.sadowne.pl\/wp-content\/uploads\/2019\/07\/2019.07.03.54.jpg 609w, https:\/\/info.sadowne.pl\/wp-content\/uploads\/2019\/07\/2019.07.03.54-300x200.jpg 300w\" sizes=\"auto, (max-width: 609px) 100vw, 609px\" \/><\/p>\n<p>Wyrazom uznania pod adresem wilczog\u0119bskich stra\u017cak\u00f3w towarzyszy\u0142y zaproszenie do Brukseli na zwiedzanie Parlamentu Europejskiego,<\/p>\n<p><img loading=\"lazy\" decoding=\"async\" class=\"aligncenter size-full wp-image-20767\" src=\"http:\/\/info.sadowne.pl\/wp-content\/uploads\/2019\/07\/2019.07.03.55.jpg\" alt=\"\" width=\"609\" height=\"407\" srcset=\"https:\/\/info.sadowne.pl\/wp-content\/uploads\/2019\/07\/2019.07.03.55.jpg 609w, https:\/\/info.sadowne.pl\/wp-content\/uploads\/2019\/07\/2019.07.03.55-300x200.jpg 300w\" sizes=\"auto, (max-width: 609px) 100vw, 609px\" \/><\/p>\n<p>dyplomy Marsza\u0142ka Wojew\u00f3dztwa Mazowieckiego dla Jednostki i wyr\u00f3\u017cniaj\u0105cych si\u0119 stra\u017cak\u00f3w, listy gratulacyjne,<\/p>\n<p><img loading=\"lazy\" decoding=\"async\" class=\"aligncenter size-full wp-image-20768\" src=\"http:\/\/info.sadowne.pl\/wp-content\/uploads\/2019\/07\/2019.07.03.56.jpg\" alt=\"\" width=\"609\" height=\"407\" srcset=\"https:\/\/info.sadowne.pl\/wp-content\/uploads\/2019\/07\/2019.07.03.56.jpg 609w, https:\/\/info.sadowne.pl\/wp-content\/uploads\/2019\/07\/2019.07.03.56-300x200.jpg 300w\" sizes=\"auto, (max-width: 609px) 100vw, 609px\" \/><\/p>\n<p>kombinezon do usuwania pszcz\u00f3\u0142, os i szerszeni, pami\u0105tkowy mosi\u0119\u017cny he\u0142m stra\u017cacki.<\/p>\n<p><img loading=\"lazy\" decoding=\"async\" class=\"aligncenter size-full wp-image-20769\" src=\"http:\/\/info.sadowne.pl\/wp-content\/uploads\/2019\/07\/2019.07.03.57.jpg\" alt=\"\" width=\"609\" height=\"407\" srcset=\"https:\/\/info.sadowne.pl\/wp-content\/uploads\/2019\/07\/2019.07.03.57.jpg 609w, https:\/\/info.sadowne.pl\/wp-content\/uploads\/2019\/07\/2019.07.03.57-300x200.jpg 300w\" sizes=\"auto, (max-width: 609px) 100vw, 609px\" \/><\/p>\n<p>Nadszed\u0142 moment wyprowadzenia poczt\u00f3w sztandarowych i zako\u0144czenia oficjalnych uroczysto\u015bci przed remiz\u0105. Ostatnim momentem by\u0142o z\u0142o\u017cenie meldunku przez dh. Piotra Ziomackiego dh. Ireneuszowi Kr\u00f3likowi i komenda \u201ePododdzia\u0142 Baczno\u015b\u0107! W miejscu rozej\u015b\u0107 si\u0119! Spocznij!\u201d<\/p>\n<p><img loading=\"lazy\" decoding=\"async\" class=\"aligncenter size-full wp-image-20770\" src=\"http:\/\/info.sadowne.pl\/wp-content\/uploads\/2019\/07\/2019.07.03.58.jpg\" alt=\"\" width=\"609\" height=\"407\" srcset=\"https:\/\/info.sadowne.pl\/wp-content\/uploads\/2019\/07\/2019.07.03.58.jpg 609w, https:\/\/info.sadowne.pl\/wp-content\/uploads\/2019\/07\/2019.07.03.58-300x200.jpg 300w\" sizes=\"auto, (max-width: 609px) 100vw, 609px\" \/><\/p>\n<p>Na go\u015bci czeka\u0142 posi\u0142ek w remizie przygotowany przez firm\u0119 cateringow\u0105 i miejscowe gospodynie.<\/p>\n<p><img loading=\"lazy\" decoding=\"async\" class=\"aligncenter size-full wp-image-20771\" src=\"http:\/\/info.sadowne.pl\/wp-content\/uploads\/2019\/07\/2019.07.03.59.jpg\" alt=\"\" width=\"609\" height=\"407\" srcset=\"https:\/\/info.sadowne.pl\/wp-content\/uploads\/2019\/07\/2019.07.03.59.jpg 609w, https:\/\/info.sadowne.pl\/wp-content\/uploads\/2019\/07\/2019.07.03.59-300x200.jpg 300w\" sizes=\"auto, (max-width: 609px) 100vw, 609px\" \/><\/p>\n<p>G\u0142\u00f3wn\u0105 atrakcj\u0105 by\u0142 pieczony w ca\u0142o\u015bci dzik.<\/p>\n<p>Rozmowom i gratulacjom pod adresem wilczog\u0119bskich stra\u017cak\u00f3w nie by\u0142o ko\u0144ca.<\/p>\n<p><img loading=\"lazy\" decoding=\"async\" class=\"aligncenter size-full wp-image-20772\" src=\"http:\/\/info.sadowne.pl\/wp-content\/uploads\/2019\/07\/2019.07.03.60.jpg\" alt=\"\" width=\"609\" height=\"407\" srcset=\"https:\/\/info.sadowne.pl\/wp-content\/uploads\/2019\/07\/2019.07.03.60.jpg 609w, https:\/\/info.sadowne.pl\/wp-content\/uploads\/2019\/07\/2019.07.03.60-300x200.jpg 300w\" sizes=\"auto, (max-width: 609px) 100vw, 609px\" \/><\/p>\n<p>Ch\u0119tnie robiono sobie pami\u0105tkowe zdj\u0119cia.<\/p>\n<p><img loading=\"lazy\" decoding=\"async\" class=\"aligncenter size-full wp-image-20773\" src=\"http:\/\/info.sadowne.pl\/wp-content\/uploads\/2019\/07\/2019.07.03.61.jpg\" alt=\"\" width=\"609\" height=\"407\" srcset=\"https:\/\/info.sadowne.pl\/wp-content\/uploads\/2019\/07\/2019.07.03.61.jpg 609w, https:\/\/info.sadowne.pl\/wp-content\/uploads\/2019\/07\/2019.07.03.61-300x200.jpg 300w\" sizes=\"auto, (max-width: 609px) 100vw, 609px\" \/><\/p>\n<p>Czas umila\u0142 zesp\u00f3\u0142 \u201eSadowianki\u201d.<\/p>\n<p><img loading=\"lazy\" decoding=\"async\" class=\"aligncenter size-full wp-image-20774\" src=\"http:\/\/info.sadowne.pl\/wp-content\/uploads\/2019\/07\/2019.07.03.62.jpg\" alt=\"\" width=\"609\" height=\"407\" srcset=\"https:\/\/info.sadowne.pl\/wp-content\/uploads\/2019\/07\/2019.07.03.62.jpg 609w, https:\/\/info.sadowne.pl\/wp-content\/uploads\/2019\/07\/2019.07.03.62-300x200.jpg 300w\" sizes=\"auto, (max-width: 609px) 100vw, 609px\" \/><\/p>\n<p>A potem by\u0142a zabawa do p\u00f3\u017anej nocy przy d\u017awi\u0119kach zespo\u0142u Akord, istniej\u0105cego przy OSP w Wilczog\u0119bach. Bawili si\u0119 starsi i m\u0142odsi. A powa\u017cna narrator uroczysto\u015bci dh. Agnieszka Sty\u015b przeistoczy\u0142a si\u0119 w atrakcyjn\u0105 solistk\u0119\u2026<\/p>\n<p><img loading=\"lazy\" decoding=\"async\" class=\"aligncenter size-full wp-image-20775\" src=\"http:\/\/info.sadowne.pl\/wp-content\/uploads\/2019\/07\/2019.07.03.63.jpg\" alt=\"\" width=\"609\" height=\"407\" srcset=\"https:\/\/info.sadowne.pl\/wp-content\/uploads\/2019\/07\/2019.07.03.63.jpg 609w, https:\/\/info.sadowne.pl\/wp-content\/uploads\/2019\/07\/2019.07.03.63-300x200.jpg 300w\" sizes=\"auto, (max-width: 609px) 100vw, 609px\" \/><\/p>\n<p>Szkoda, \u017ce podobna okr\u0105g\u0142a rocznica b\u0119dzie w wilczog\u0119bskiej OSP dopiero za kolejne 100 lat\u2026<\/p>\n<p><img loading=\"lazy\" decoding=\"async\" class=\"aligncenter size-full wp-image-20776\" src=\"http:\/\/info.sadowne.pl\/wp-content\/uploads\/2019\/07\/2019.07.03.64.jpg\" alt=\"\" width=\"609\" height=\"407\" srcset=\"https:\/\/info.sadowne.pl\/wp-content\/uploads\/2019\/07\/2019.07.03.64.jpg 609w, https:\/\/info.sadowne.pl\/wp-content\/uploads\/2019\/07\/2019.07.03.64-300x200.jpg 300w\" sizes=\"auto, (max-width: 609px) 100vw, 609px\" \/><\/p>\n<p><strong>Tekst\/foto<\/strong>: Stanis\u0142aw Stebelski<\/p>\n","protected":false},"excerpt":{"rendered":"<p>Wilczog\u0119bscy stra\u017cacy do\u0142\u0105czyli do Ochotniczych Stra\u017cy Po\u017carnych, kt\u00f3re istniej\u0105 ju\u017c ponad 100 lat\u2026<\/p>\n","protected":false},"author":1,"featured_media":0,"comment_status":"closed","ping_status":"closed","sticky":false,"template":"","format":"standard","meta":{"footnotes":""},"categories":[5,2397,4,267],"tags":[3100,3147,3095,3146],"class_list":["post-20722","post","type-post","status-publish","format-standard","hentry","category-newsy","category-osp-wilczogeby","category-policja-straz-pozarna-pogotowie-ratunkowe","category-straz-pozarna-policja-straz-pozarna-pogotowie-ratunkowe","tag-100-lecie-osp-wilczogeby","tag-odznaczenia-medale-i-dyplomy-dla-strazakow-z-wilczogab","tag-osp-wilczogeby","tag-uroczystosci-w-wilczogebach"],"views":4831,"_links":{"self":[{"href":"https:\/\/info.sadowne.pl\/index.php?rest_route=\/wp\/v2\/posts\/20722","targetHints":{"allow":["GET"]}}],"collection":[{"href":"https:\/\/info.sadowne.pl\/index.php?rest_route=\/wp\/v2\/posts"}],"about":[{"href":"https:\/\/info.sadowne.pl\/index.php?rest_route=\/wp\/v2\/types\/post"}],"author":[{"embeddable":true,"href":"https:\/\/info.sadowne.pl\/index.php?rest_route=\/wp\/v2\/users\/1"}],"replies":[{"embeddable":true,"href":"https:\/\/info.sadowne.pl\/index.php?rest_route=%2Fwp%2Fv2%2Fcomments&post=20722"}],"version-history":[{"count":1,"href":"https:\/\/info.sadowne.pl\/index.php?rest_route=\/wp\/v2\/posts\/20722\/revisions"}],"predecessor-version":[{"id":20777,"href":"https:\/\/info.sadowne.pl\/index.php?rest_route=\/wp\/v2\/posts\/20722\/revisions\/20777"}],"wp:attachment":[{"href":"https:\/\/info.sadowne.pl\/index.php?rest_route=%2Fwp%2Fv2%2Fmedia&parent=20722"}],"wp:term":[{"taxonomy":"category","embeddable":true,"href":"https:\/\/info.sadowne.pl\/index.php?rest_route=%2Fwp%2Fv2%2Fcategories&post=20722"},{"taxonomy":"post_tag","embeddable":true,"href":"https:\/\/info.sadowne.pl\/index.php?rest_route=%2Fwp%2Fv2%2Ftags&post=20722"}],"curies":[{"name":"wp","href":"https:\/\/api.w.org\/{rel}","templated":true}]}}