{"id":20812,"date":"2019-07-10T14:21:01","date_gmt":"2019-07-10T12:21:01","guid":{"rendered":"http:\/\/info.sadowne.pl\/?p=20812"},"modified":"2019-07-10T14:21:01","modified_gmt":"2019-07-10T12:21:01","slug":"wygral-ogrod-p-elzbiety","status":"publish","type":"post","link":"https:\/\/info.sadowne.pl\/?p=20812","title":{"rendered":"Wygra\u0142 ogr\u00f3d p. El\u017cbiety!"},"content":{"rendered":"<p><strong><a href=\"http:\/\/info.sadowne.pl\/wp-content\/uploads\/2019\/07\/2019.07.10.1.jpg\" target=\"_blank\" rel=\"noopener noreferrer\"><img loading=\"lazy\" decoding=\"async\" class=\"alignleft wp-image-20813 size-thumbnail\" src=\"http:\/\/info.sadowne.pl\/wp-content\/uploads\/2019\/07\/2019.07.10.1-180x130.jpg\" alt=\"\" width=\"180\" height=\"130\" \/><\/a>W\u0142a\u015bnie zako\u0144czy\u0142 si\u0119 Konkurs pn. \u201eNajpi\u0119kniejszy ogr\u00f3d Gminy Sadowne 2019\u201d. Pierwsze miejsce zaj\u0105\u0142 ogr\u00f3d p. El\u017cbiety D\u0119bkowskiej z P\u0142atkownicy.<\/strong><!--more--><\/p>\n<p>Od kilku ju\u017c lat w pierwszym dniu wiosny Gminny O\u015brodek Kultury w Sadownem og\u0142asza Konkurs na \u201eNajpi\u0119kniejszy ogr\u00f3d Gminy Sadowne\u201d, nad kt\u00f3rym patronat obejmuje W\u00f3jt Gminy Sadowne. Podobnie by\u0142o i w tym roku&#8230;<\/p>\n<p><strong>Konkurs ma na celu:<\/strong> promocj\u0119 Gminy Sadowne i zlokalizowanych na jej terenie so\u0142ectw, propagowanie idei upi\u0119kszania w\u0142asnej miejscowo\u015bci poprzez ukazanie nowatorskich rozwi\u0105za\u0144 dekoracyjnych przydomowych posesji, jednocze\u015bnie wp\u0142ywaj\u0105cych na podniesienie poziomu estetycznego Gminy, wprowadzenie i utrwalenie zasad dba\u0142o\u015bci o w\u0142asn\u0105 posesj\u0119 i ogr\u00f3d oraz ostatecznie \u2013 wy\u0142onienie i nagrodzenie najpi\u0119kniejszych ogrod\u00f3w Gminy Sadowne.<\/p>\n<p>Zgodnie z Regulaminem Konkursu, powo\u0142ana przez Organizatora Komisja podda\u0142a ocenie z\u0142o\u017con\u0105 dokumentacj\u0119 oraz dokona\u0142a lustracji zg\u0142oszonych do Konkursu ogrod\u00f3w. Spo\u015br\u00f3d nich Komisja wy\u0142oni\u0142a laureat\u00f3w, bior\u0105c pod uwag\u0119 estetyk\u0119, funkcjonalno\u015b\u0107 ogrod\u00f3w, ich aran\u017cacj\u0119 i pomys\u0142owo\u015b\u0107 w\u0142a\u015bcicieli.<\/p>\n<p><strong>A oto wyniki Konkursu \u201eNajpi\u0119kniejszy ogr\u00f3d Gminy Sadowne 2019\u201d:<\/strong><\/p>\n<p><strong>I miejsce \u2013 p. El\u017cbieta D\u0119bkowska z P\u0142atkownicy<\/strong><\/p>\n<p><strong>II miejsce \u2013 p. Agnieszka Warda z Sadolesia<\/strong><\/p>\n<p><strong>III miejsce \u2013 p. Bartosz O\u0142dak z Wilczog\u0105b<\/strong><\/p>\n<p><strong>Wyr\u00f3\u017cnienia otrzymuj\u0105 \u2013 p. Janina Kalbarczyk z Sadolesia i p. Bo\u017cena Pu\u015bcion z Zarzetki.<\/strong><\/p>\n<p><strong>Gratulujemy w\u0142a\u015bcicielom \u201eNajpi\u0119kniejszych ogrod\u00f3w Gminy Sadowne\u201d!<\/strong><\/p>\n<p>Informujemy r\u00f3wnie\u017c, i\u017c wyniki Konkursu \u201eNajpi\u0119kniejszy ogr\u00f3d Gminy Sadowne 2019\u201d zostan\u0105 uroczy\u015bcie og\u0142oszone podczas Do\u017cynek Gminno-Parafialnych, kt\u00f3re odb\u0119d\u0105 si\u0119 15 sierpnia br. w Sadownem. Podczas tej uroczysto\u015bci wr\u0119czone zostan\u0105 laureatom Konkursu r\u00f3wnie\u017c nagrody rzeczowe, kt\u00f3rych sponsorami s\u0105 firmy przoduj\u0105ce w sprzeda\u017cy akcesori\u00f3w ogrodniczych na rynku lokalnym: PSB Mr\u00f3wka Sadowne (nagrody za miejsca I-III) i Sklep Ogrodniczy AGAWA (nagrody za wyr\u00f3\u017cnienia).<\/p>\n<p><strong>Laureat\u00f3w Konkursu zapraszamy na t\u0119 uroczysto\u015b\u0107 oraz po odbi\u00f3r nagr\u00f3d, a sponsorom dzi\u0119kujemy za wieloletni\u0105 wsp\u00f3\u0142prac\u0119 z Organizatorami Konkursu oraz wspieranie wszelkich dzia\u0142a\u0144 na rzecz rozwoju Gminy Sadowne.<\/strong><\/p>\n<p>Zobaczmy jak prezentuj\u0105 si\u0119 ogrody zwyci\u0119zc\u00f3w Konkursu.<\/p>\n<p><span style=\"color: #0000ff;\"><a style=\"color: #0000ff;\" href=\"https:\/\/photos.app.goo.gl\/mYxC77jLxkextUWXA\" target=\"_blank\" rel=\"noopener noreferrer\"><strong>Zdj\u0119cia w galerii Google&gt;&gt;&gt;<\/strong><\/a><\/span><\/p>\n<p><strong>Tekst\/foto:<\/strong>\u00a0S\u0142awek Chyli\u0144ski<\/p>\n","protected":false},"excerpt":{"rendered":"<p>W\u0142a\u015bnie zako\u0144czy\u0142 si\u0119 Konkurs pn. \u201eNajpi\u0119kniejszy ogr\u00f3d Gminy Sadowne 2019\u201d. Pierwsze miejsce zaj\u0105\u0142 ogr\u00f3d p. El\u017cbiety D\u0119bkowskiej z P\u0142atkownicy.<\/p>\n","protected":false},"author":1,"featured_media":0,"comment_status":"closed","ping_status":"closed","sticky":false,"template":"","format":"standard","meta":{"footnotes":""},"categories":[5,91,6],"tags":[169,3150,142],"class_list":["post-20812","post","type-post","status-publish","format-standard","hentry","category-newsy","category-gminny-osrodek-kultury","category-kultura-rozrywka-edukacja","tag-gminny-osrodek-kultury-w-sadownem","tag-konkurs-najpiekniejszy-ogrod-gminy-sadowne-2019","tag-urzad-gminy-sadowne"],"views":3072,"_links":{"self":[{"href":"https:\/\/info.sadowne.pl\/index.php?rest_route=\/wp\/v2\/posts\/20812","targetHints":{"allow":["GET"]}}],"collection":[{"href":"https:\/\/info.sadowne.pl\/index.php?rest_route=\/wp\/v2\/posts"}],"about":[{"href":"https:\/\/info.sadowne.pl\/index.php?rest_route=\/wp\/v2\/types\/post"}],"author":[{"embeddable":true,"href":"https:\/\/info.sadowne.pl\/index.php?rest_route=\/wp\/v2\/users\/1"}],"replies":[{"embeddable":true,"href":"https:\/\/info.sadowne.pl\/index.php?rest_route=%2Fwp%2Fv2%2Fcomments&post=20812"}],"version-history":[{"count":1,"href":"https:\/\/info.sadowne.pl\/index.php?rest_route=\/wp\/v2\/posts\/20812\/revisions"}],"predecessor-version":[{"id":20814,"href":"https:\/\/info.sadowne.pl\/index.php?rest_route=\/wp\/v2\/posts\/20812\/revisions\/20814"}],"wp:attachment":[{"href":"https:\/\/info.sadowne.pl\/index.php?rest_route=%2Fwp%2Fv2%2Fmedia&parent=20812"}],"wp:term":[{"taxonomy":"category","embeddable":true,"href":"https:\/\/info.sadowne.pl\/index.php?rest_route=%2Fwp%2Fv2%2Fcategories&post=20812"},{"taxonomy":"post_tag","embeddable":true,"href":"https:\/\/info.sadowne.pl\/index.php?rest_route=%2Fwp%2Fv2%2Ftags&post=20812"}],"curies":[{"name":"wp","href":"https:\/\/api.w.org\/{rel}","templated":true}]}}