{"id":20881,"date":"2019-07-30T10:46:30","date_gmt":"2019-07-30T08:46:30","guid":{"rendered":"http:\/\/info.sadowne.pl\/?p=20881"},"modified":"2020-10-04T17:10:57","modified_gmt":"2020-10-04T15:10:57","slug":"potyczka-nad-tama","status":"publish","type":"post","link":"https:\/\/info.sadowne.pl\/?p=20881","title":{"rendered":"POTYCZKA NAD TAM\u0104"},"content":{"rendered":"<p><strong><a href=\"http:\/\/info.sadowne.pl\/wp-content\/uploads\/2019\/07\/Brok12.jpg\" target=\"_blank\" rel=\"noopener noreferrer\"><img loading=\"lazy\" decoding=\"async\" class=\"alignleft wp-image-20882 size-thumbnail\" src=\"http:\/\/info.sadowne.pl\/wp-content\/uploads\/2019\/07\/Brok12-180x130.jpg\" alt=\"\" width=\"180\" height=\"130\" \/><\/a>Walenty Zemborski, dzier\u017cawca rybo\u0142\u00f3wstwa w Ekonomii Narodowej Brok nie m\u00f3g\u0142 si\u0119 nachwali\u0107 pogody u schy\u0142ku roku 1840. Rybaczenie by\u0142o zawodem przechodz\u0105cym w rodzinie Zemborskich z ojca na syna. <\/strong><!--more--><\/p>\n<p>Walenty reprezentowa\u0142 kt\u00f3re\u015b ju\u017c pokolenie tych rybak\u00f3w i dobrze pami\u0119ta\u0142, \u017ce cz\u0119sto i w po\u0142owie listopada l\u00f3d skuwa\u0142 wszelkie wody, a sagi jego rodu opowiada\u0142y o straszliwych jesieniach, gdy trzaskaj\u0105ce mrozy nadchodzi\u0142y ju\u017c w pa\u017adzierniku. Walenty zapewne nie zdawa\u0142 sobie sprawy, \u017ce swe szcz\u0119\u015bcie zawdzi\u0119cza\u0142 wzmo\u017conej aktywno\u015bci s\u0142o\u0144ca i jakim\u015b tam s\u0142onecznym plamom, czy zabrudzeniom, a czasy, o kt\u00f3rych pradziad wspomina\u0142 b\u0119d\u0105 wiele lat p\u00f3\u017aniej, okre\u015blane jako ma\u0142a epoka lodowcowa.<\/p>\n<p><strong>Wi\u0119cej na stronie <span style=\"color: #0000ff;\"><a style=\"color: #0000ff;\" href=\"http:\/\/madzelan.cba.pl\/potyczka-nad-tama\/\" target=\"_blank\" rel=\"noopener noreferrer\">http:\/\/madzelan.cba.pl\/potyczka-nad-tama\/<\/a><\/span><\/strong><\/p>\n","protected":false},"excerpt":{"rendered":"<p>Walenty Zemborski, dzier\u017cawca rybo\u0142\u00f3wstwa w Ekonomii Narodowej Brok nie m\u00f3g\u0142 si\u0119 nachwali\u0107 pogody u schy\u0142ku roku 1840. Rybaczenie by\u0142o zawodem przechodz\u0105cym w rodzinie Zemborskich z ojca na syna.<\/p>\n","protected":false},"author":1,"featured_media":0,"comment_status":"closed","ping_status":"closed","sticky":false,"template":"","format":"standard","meta":{"footnotes":""},"categories":[5,3436,1973,31],"tags":[101,3004,2956,3167],"class_list":["post-20881","post","type-post","status-publish","format-standard","hentry","category-newsy","category-opowiesci-historie-legendy-brokowskie-i-nie-tylko","category-pisali-o-sadownem","category-historia-gminy","tag-historia-gminy-sadowne","tag-jerzy-madzelan","tag-opowiesci-historie-legendy-brokowskie-i-nie-tylko","tag-potyczka-nad-tama"],"views":2477,"_links":{"self":[{"href":"https:\/\/info.sadowne.pl\/index.php?rest_route=\/wp\/v2\/posts\/20881","targetHints":{"allow":["GET"]}}],"collection":[{"href":"https:\/\/info.sadowne.pl\/index.php?rest_route=\/wp\/v2\/posts"}],"about":[{"href":"https:\/\/info.sadowne.pl\/index.php?rest_route=\/wp\/v2\/types\/post"}],"author":[{"embeddable":true,"href":"https:\/\/info.sadowne.pl\/index.php?rest_route=\/wp\/v2\/users\/1"}],"replies":[{"embeddable":true,"href":"https:\/\/info.sadowne.pl\/index.php?rest_route=%2Fwp%2Fv2%2Fcomments&post=20881"}],"version-history":[{"count":1,"href":"https:\/\/info.sadowne.pl\/index.php?rest_route=\/wp\/v2\/posts\/20881\/revisions"}],"predecessor-version":[{"id":20883,"href":"https:\/\/info.sadowne.pl\/index.php?rest_route=\/wp\/v2\/posts\/20881\/revisions\/20883"}],"wp:attachment":[{"href":"https:\/\/info.sadowne.pl\/index.php?rest_route=%2Fwp%2Fv2%2Fmedia&parent=20881"}],"wp:term":[{"taxonomy":"category","embeddable":true,"href":"https:\/\/info.sadowne.pl\/index.php?rest_route=%2Fwp%2Fv2%2Fcategories&post=20881"},{"taxonomy":"post_tag","embeddable":true,"href":"https:\/\/info.sadowne.pl\/index.php?rest_route=%2Fwp%2Fv2%2Ftags&post=20881"}],"curies":[{"name":"wp","href":"https:\/\/api.w.org\/{rel}","templated":true}]}}