{"id":20884,"date":"2019-07-30T18:37:30","date_gmt":"2019-07-30T16:37:30","guid":{"rendered":"http:\/\/info.sadowne.pl\/?p=20884"},"modified":"2019-07-30T18:37:30","modified_gmt":"2019-07-30T16:37:30","slug":"do-sw-rocha","status":"publish","type":"post","link":"https:\/\/info.sadowne.pl\/?p=20884","title":{"rendered":"Do \u015bw. Rocha"},"content":{"rendered":"<p><strong><a href=\"http:\/\/info.sadowne.pl\/wp-content\/uploads\/2019\/07\/2019.07.30.11.jpg\" target=\"_blank\" rel=\"noopener noreferrer\"><img loading=\"lazy\" decoding=\"async\" class=\"alignleft wp-image-20885 size-thumbnail\" src=\"http:\/\/info.sadowne.pl\/wp-content\/uploads\/2019\/07\/2019.07.30.11-180x130.jpg\" alt=\"\" width=\"180\" height=\"130\" \/><\/a>Jak wtorek, to kolejne spotkanie Sadowie\u0144skiego Klubu Seniora. Tym razem wycieczka do Ra\u017cen.<\/strong><!--more--><\/p>\n<p>Sadowie\u0144ski Klub Seniora nie odpoczywa w wakacje. Ci\u0105gle podejmuje nowe wyzwania. 30 lipca seniorzy zorganizowali rajd rowerowy do Ra\u017cen, a w trakcie niego \u2013 jak zawsze przy okazji takich wycieczek \u2013 ognisko i kie\u0142baski.<\/p>\n<p><a href=\"http:\/\/info.sadowne.pl\/wp-content\/uploads\/2019\/07\/2019.07.30.12.jpg\" target=\"_blank\" rel=\"noopener noreferrer\"><img loading=\"lazy\" decoding=\"async\" class=\"alignright wp-image-20886 size-medium\" src=\"http:\/\/info.sadowne.pl\/wp-content\/uploads\/2019\/07\/2019.07.30.12-300x230.jpg\" alt=\"\" width=\"300\" height=\"230\" srcset=\"https:\/\/info.sadowne.pl\/wp-content\/uploads\/2019\/07\/2019.07.30.12-300x230.jpg 300w, https:\/\/info.sadowne.pl\/wp-content\/uploads\/2019\/07\/2019.07.30.12-768x588.jpg 768w, https:\/\/info.sadowne.pl\/wp-content\/uploads\/2019\/07\/2019.07.30.12.jpg 987w\" sizes=\"auto, (max-width: 300px) 100vw, 300px\" \/><\/a>Tu kr\u00f3tki odpoczynek da\u0142o si\u0119 wygospodarowa\u0107 nad Bugiem, a tak\u017ce\u2026 znale\u017a\u0107 czas na odwiedziny odnowionej kapliczki \u015bw. Rocha. Zazdro\u015bcimy pomys\u0142u i mo\u017cliwo\u015bci kontaktu z natur\u0105.<\/p>\n<p><strong>Tekst:<\/strong> Gra\u017cyna K\u0105dziela\/S\u0142awek Chyli\u0144ski<\/p>\n<p><strong>Foto:<\/strong> Gra\u017cyna K\u0105dziela<\/p>\n","protected":false},"excerpt":{"rendered":"<p>Jak wtorek, to kolejne spotkanie Sadowie\u0144skiego Klubu Seniora. Tym razem wycieczka do Ra\u017cen.<\/p>\n","protected":false},"author":1,"featured_media":0,"comment_status":"closed","ping_status":"closed","sticky":false,"template":"","format":"standard","meta":{"footnotes":""},"categories":[5,91,6],"tags":[2494,3168],"class_list":["post-20884","post","type-post","status-publish","format-standard","hentry","category-newsy","category-gminny-osrodek-kultury","category-kultura-rozrywka-edukacja","tag-stowarzyszenie-sadowienski-klub-seniora","tag-wycieczka-rowerowa-do-razen"],"views":2441,"_links":{"self":[{"href":"https:\/\/info.sadowne.pl\/index.php?rest_route=\/wp\/v2\/posts\/20884","targetHints":{"allow":["GET"]}}],"collection":[{"href":"https:\/\/info.sadowne.pl\/index.php?rest_route=\/wp\/v2\/posts"}],"about":[{"href":"https:\/\/info.sadowne.pl\/index.php?rest_route=\/wp\/v2\/types\/post"}],"author":[{"embeddable":true,"href":"https:\/\/info.sadowne.pl\/index.php?rest_route=\/wp\/v2\/users\/1"}],"replies":[{"embeddable":true,"href":"https:\/\/info.sadowne.pl\/index.php?rest_route=%2Fwp%2Fv2%2Fcomments&post=20884"}],"version-history":[{"count":1,"href":"https:\/\/info.sadowne.pl\/index.php?rest_route=\/wp\/v2\/posts\/20884\/revisions"}],"predecessor-version":[{"id":20887,"href":"https:\/\/info.sadowne.pl\/index.php?rest_route=\/wp\/v2\/posts\/20884\/revisions\/20887"}],"wp:attachment":[{"href":"https:\/\/info.sadowne.pl\/index.php?rest_route=%2Fwp%2Fv2%2Fmedia&parent=20884"}],"wp:term":[{"taxonomy":"category","embeddable":true,"href":"https:\/\/info.sadowne.pl\/index.php?rest_route=%2Fwp%2Fv2%2Fcategories&post=20884"},{"taxonomy":"post_tag","embeddable":true,"href":"https:\/\/info.sadowne.pl\/index.php?rest_route=%2Fwp%2Fv2%2Ftags&post=20884"}],"curies":[{"name":"wp","href":"https:\/\/api.w.org\/{rel}","templated":true}]}}