{"id":20888,"date":"2019-07-30T19:49:04","date_gmt":"2019-07-30T17:49:04","guid":{"rendered":"http:\/\/info.sadowne.pl\/?p=20888"},"modified":"2019-07-30T19:49:04","modified_gmt":"2019-07-30T17:49:04","slug":"chyba-inaczej-sie-nie-dalo","status":"publish","type":"post","link":"https:\/\/info.sadowne.pl\/?p=20888","title":{"rendered":"Chyba inaczej si\u0119 nie da\u0142o\u2026"},"content":{"rendered":"<p><strong><img loading=\"lazy\" decoding=\"async\" class=\"alignleft size-thumbnail wp-image-8296\" src=\"http:\/\/info.sadowne.pl\/wp-content\/uploads\/2015\/04\/2015.04.09.5-180x130.jpg\" alt=\"\" width=\"180\" height=\"130\" \/>3 lipca odby\u0142a si\u0119 X Sesja Rady Gminy Sadowne, podczas kt\u00f3rej zapad\u0142y wa\u017cne decyzje dla sadowie\u0144skiej o\u015bwiaty.<\/strong><!--more--><\/p>\n<p><strong>Po pierwsze<\/strong>, sadowie\u0144scy radni Uchwa\u0142\u0105 nr X\/56\/2019 na podstawie obowi\u0105zuj\u0105cego prawa o\u015bwiatowego z dniem 31 sierpnia 2019 roku zlikwidowali gminn\u0105 jednostk\u0119 organizacyjn\u0105 pod nazw\u0105 Gimnazjum im. b\u0142. Edwarda Grzyma\u0142y w Sadownem.<\/p>\n<p><strong>A po drugie<\/strong>, Uchwa\u0142\u0105 nr X\/57\/2019 dokonali zmiany imienia Szko\u0142y Podstawowej im. Czes\u0142awa Wycecha w Sadownem w ten spos\u00f3b, \u017ce dotychczasowe imi\u0119 szko\u0142y zast\u0105pili imieniem \u201eb\u0142. ks. Edwarda Grzyma\u0142y\u201d.<\/p>\n<p><strong>Kim by\u0142 dotychczasowy Patron sadowie\u0144skiej szko\u0142y podstawowej?<\/strong> Cho\u0107 wi\u0119kszo\u015b\u0107 z mieszka\u0144c\u00f3w gminy Sadowne wiele s\u0142ysza\u0142o o nim, to jednak przypomnimy jego skr\u00f3con\u0105 biografi\u0119 ze strony internetowej SP Sadowne:<\/p>\n<p><em><img loading=\"lazy\" decoding=\"async\" class=\"alignleft size-full wp-image-20889\" src=\"http:\/\/info.sadowne.pl\/wp-content\/uploads\/2019\/07\/cz.wycech.jpg\" alt=\"\" width=\"163\" height=\"215\" \/>Czes\u0142aw Wycech &#8211; Marsza\u0142ek Sejmu PRL II kadencji (1957-1961), III kadencji (1961-1965), IV kadencji (1965-1969) i V kadencji (1969-1971).<\/em><\/p>\n<p><em>Urodzony 20.07.1899 w Wilczog\u0119bach w powiecie w\u0119growskim, w rodzinie ch\u0142opskiej. Zmar\u0142 26.05.1977 w Warszawie. Uko\u0144czy\u0142 Seminarium Nauczycielskie w Ursynowie 1918, Wy\u017cszy Kurs Nauczycielski w Warszawie 1924, Wydzia\u0142 Przyrodniczy Pa\u0144stwowego Instytutu Nauczycielskiego 1926. Nauczyciel w szko\u0142ach powszechnych 1919 \u2013 1937. Dzia\u0142alno\u015b\u0107 partyjn\u0105 rozpocz\u0105\u0142 w PSL \u201dWyzwolenie\u201d 1918. Sekretarz Zarz\u0105du Powiatowego w W\u0119growie 1922 \u2013 1925. Cz\u0142onek Stronnictwa Ludowego 1931 \u2013 1939. Cz\u0142onek Zwi\u0105zku Nauczycielstwa Szk\u00f3\u0142 Powszechnych od 1919. Wsp\u00f3\u0142tw\u00f3rca zjednoczenia organizacji nauczycielskich w Zwi\u0105zek Nauczycielstwa Polskiego, przewodnicz\u0105cy Wydzia\u0142u Organizacyjnego ZNP 1938. Podczas II wojny \u015bwiatowej od 10.1939 pracowa\u0142 w Tajnej Organizacji Nauczycielskiej. Kierownik Departamentu O\u015bwiaty i Kultury Delegatury Rz\u0105du RP na Kraj 1940 \u2013 1945. Minister o\u015bwiaty w Tymczasowym Rz\u0105dzie Jedno\u015bci Narodowej 1945 \u2013 1947. Propagator reformy szkolnictwa i zwalczania analfabetyzmu. Zasiada\u0142 w Radzie Naczelnej i Naczelnym Komitecie Wykonawczym PSL 1946 \u2013 1947.<\/em><\/p>\n<p><strong>Jak brzmi uzasadnienie przyj\u0119tej 3 lipca uchwa\u0142y?<\/strong> Oto ono:<\/p>\n<p><em>W oparciu o zapisy \u00a7 2 ust. 9 rozporz\u0105dzenia Ministra Edukacji Narodowej z dnia 17 marca 2017 r. w sprawie szczeg\u00f3\u0142owej organizacji publicznych szk\u00f3\u0142 i publicznych przedszkoli (Dz. U. z 2017 r. poz. 649 ze zm.) zmiany nadanego imienia szkole dokonuje organ prowadz\u0105cy na wniosek rady szko\u0142y, a w przypadku braku rady szko\u0142y \u2013 na wsp\u00f3lny wniosek rady pedagogicznej, rady rodzic\u00f3w i samorz\u0105du uczniowskiego. <\/em><\/p>\n<p><em>Zgodnie z art. 1 ust. 1 ustawy z dnia 1 kwietnia 2016 r. o zakazie propagowania komunizmu lub innego ustroju totalitarnego przez nazwy jednostek organizacyjnych, jednostek pomocniczych gminy, budowli, obiekt\u00f3w i urz\u0105dze\u0144 u\u017cyteczno\u015bci publicznej oraz pomniki (Dz.U. z 2016 r. poz. 744), nazwy szk\u00f3\u0142 nie mog\u0105 upami\u0119tnia\u0107 m.in. os\u00f3b zwi\u0105zanych z tym systemem. <\/em><\/p>\n<p><em>Dyrektor Szko\u0142y Podstawowej w Sadownem wsp\u00f3lnie z Rad\u0105 Rodzic\u00f3w, Rad\u0105 Pedagogiczn\u0105 i Samorz\u0105dem Uczniowskim zwr\u00f3ci\u0142 si\u0119 do W\u00f3jta Gminy Sadowne z wnioskiem o zmian\u0119 imienia Szko\u0142y Podstawowej: \u201eSzko\u0142a Podstawowa im. Czes\u0142awa Wycecha\u201d na \u201eSzko\u0142a Podstawowa im. b\u0142. ks. Edwarda Grzyma\u0142y\u201d. W zwi\u0105zku z ustawowym wymogiem zobowi\u0105zuj\u0105cym organ stanowi\u0105cy jednostki samorz\u0105du terytorialnego do dokonania zmian nazw budowli, obiekt\u00f3w i urz\u0105dze\u0144 u\u017cyteczno\u015bci publicznej odwo\u0142uj\u0105cych si\u0119 do systemu w\u0142adzy w Polsce z lat 1944-1989, przyj\u0119cie nowej nazwy szko\u0142y jest uzasadnione. <\/em><\/p>\n<p><em>Organy szko\u0142y we wniosku wskazuj\u0105 na ponadczasowe cechy i warto\u015bci nowego patrona szko\u0142y istotne w \u017cyciu m\u0142odego pokolenia. <\/em><\/p>\n<p><em>Bior\u0105c powy\u017csze pod uwag\u0119, podj\u0119cie uchwa\u0142y w sprawie zmiany imienia Szko\u0142y Podstawowej w Sadownem jest zasadne. <\/em><\/p>\n<p><strong>Tak to wygl\u0105da i tylko taka drobna uwaga:<\/strong> <em>Pomimo du\u017cych zas\u0142ug, zawsze trzeba spodziewa\u0107 si\u0119 zarzutu s\u0142u\u017calczo\u015bci wobec systemu uznawanego przez kolejne pokolenia, a mo\u017ce te\u017c histori\u0119, jako totalitarny.<\/em><\/p>\n<p>Miejmy to na wzgl\u0119dzie Drodzy Pa\u0144stwo\u2026<\/p>\n<p><strong>Tekst:<\/strong> S\u0142awek Chyli\u0144ski<\/p>\n<p><strong>Foto:<\/strong> S\u0142awek Chyli\u0144ski\/SP Sadowne<\/p>\n<p><strong>\u0179r\u00f3d\u0142a: <\/strong><\/p>\n<p><a href=\"https:\/\/www.bip.sadowne.pl\/469,sesja-x\" target=\"_blank\" rel=\"noopener noreferrer\">https:\/\/www.bip.sadowne.pl\/469,sesja-x<\/a><\/p>\n<p><a href=\"http:\/\/spsadowne.pl\/\" target=\"_blank\" rel=\"noopener noreferrer\">http:\/\/spsadowne.pl\/<\/a><\/p>\n","protected":false},"excerpt":{"rendered":"<p>3 lipca odby\u0142a si\u0119 X Sesja Rady Gminy Sadowne, podczas kt\u00f3rej zapad\u0142y wa\u017cne decyzje dla sadowie\u0144skiej o\u015bwiaty.<\/p>\n","protected":false},"author":1,"featured_media":0,"comment_status":"closed","ping_status":"closed","sticky":false,"template":"","format":"standard","meta":{"footnotes":""},"categories":[5,41],"tags":[71,541,16,3125],"class_list":["post-20888","post","type-post","status-publish","format-standard","hentry","category-newsy","category-wiesci-gminne","tag-gimnazjum-sadowne","tag-rada-gminy-sadowne","tag-szkola-podstawowa-w-sadownem","tag-x-sesja-rady-gminy-sadowne"],"views":3111,"_links":{"self":[{"href":"https:\/\/info.sadowne.pl\/index.php?rest_route=\/wp\/v2\/posts\/20888","targetHints":{"allow":["GET"]}}],"collection":[{"href":"https:\/\/info.sadowne.pl\/index.php?rest_route=\/wp\/v2\/posts"}],"about":[{"href":"https:\/\/info.sadowne.pl\/index.php?rest_route=\/wp\/v2\/types\/post"}],"author":[{"embeddable":true,"href":"https:\/\/info.sadowne.pl\/index.php?rest_route=\/wp\/v2\/users\/1"}],"replies":[{"embeddable":true,"href":"https:\/\/info.sadowne.pl\/index.php?rest_route=%2Fwp%2Fv2%2Fcomments&post=20888"}],"version-history":[{"count":1,"href":"https:\/\/info.sadowne.pl\/index.php?rest_route=\/wp\/v2\/posts\/20888\/revisions"}],"predecessor-version":[{"id":20890,"href":"https:\/\/info.sadowne.pl\/index.php?rest_route=\/wp\/v2\/posts\/20888\/revisions\/20890"}],"wp:attachment":[{"href":"https:\/\/info.sadowne.pl\/index.php?rest_route=%2Fwp%2Fv2%2Fmedia&parent=20888"}],"wp:term":[{"taxonomy":"category","embeddable":true,"href":"https:\/\/info.sadowne.pl\/index.php?rest_route=%2Fwp%2Fv2%2Fcategories&post=20888"},{"taxonomy":"post_tag","embeddable":true,"href":"https:\/\/info.sadowne.pl\/index.php?rest_route=%2Fwp%2Fv2%2Ftags&post=20888"}],"curies":[{"name":"wp","href":"https:\/\/api.w.org\/{rel}","templated":true}]}}