{"id":20891,"date":"2019-07-31T18:39:31","date_gmt":"2019-07-31T16:39:31","guid":{"rendered":"http:\/\/info.sadowne.pl\/?p=20891"},"modified":"2019-07-31T18:42:12","modified_gmt":"2019-07-31T16:42:12","slug":"kto-zna-to-miejsce","status":"publish","type":"post","link":"https:\/\/info.sadowne.pl\/?p=20891","title":{"rendered":"Kto zna to miejsce?"},"content":{"rendered":"<p><strong><a href=\"http:\/\/info.sadowne.pl\/wp-content\/uploads\/2019\/07\/2019.07.31.4.jpg\" target=\"_blank\" rel=\"noopener noreferrer\"><img loading=\"lazy\" decoding=\"async\" class=\"alignleft wp-image-20895 size-thumbnail\" src=\"http:\/\/info.sadowne.pl\/wp-content\/uploads\/2019\/07\/2019.07.31.4-180x130.jpg\" alt=\"\" width=\"180\" height=\"130\" \/><\/a>Oczywi\u015bcie znajduje si\u0119 blisko Sadownego, ale jest ju\u017c jakby inne. Zmiany post\u0119puj\u0105 tu w zastraszaj\u0105cym tempie &#8211; by\u0142 las, nie ma lasu.<\/strong><!--more--><\/p>\n<p>Gmina Sadowne w ca\u0142o\u015bci wchodzi w sk\u0142ad Nadbu\u017ca\u0144skiego Parku Krajobrazowego i jeste\u015bmy z tego wszyscy dumni. Jakie warto\u015bci dla \u015brodowiska wnosi tworzenie Park\u00f3w Krajobrazowych?\u00a0 Jak czytamy w fachowych publikacjach, s\u0105 one jedn\u0105 z form\u00a0ochrony przyrody\u00a0w\u00a0Polsce, okre\u015blonych w\u00a0<em>Ustawie o ochronie przyrody<\/em> z 2004 roku. Parki krajobrazowe chroni\u0105 obszary ze wzgl\u0119du na ich warto\u015bci przyrodnicze, historyczne, kulturowe i walory krajobrazowe w celu ich zachowania oraz promowania w duchu\u00a0zr\u00f3wnowa\u017conego rozwoju. Parki s\u0142u\u017c\u0105 m.in. rekreacji krajoznawczej, wypoczynkowi oraz edukacji ekologicznej.<\/p>\n<p><strong>I tu, jak to si\u0119 m\u00f3wi, \u201epies pogrzebany\u201d.<\/strong> Jakim sposobem promowa\u0107 np. walory turystyczne gminy \u2013 naszej Gminy, jak zach\u0119ca\u0107 do rekreacji krajoznawczej, czynnego wypoczynku w naturalnym \u015brodowisku czy nawet tej tzw. edukacji ekologicznej, skoro\u2026 w szybkim tempie ginie g\u0142\u00f3wny walor turystyczny \u2013 utrwalany latami krajobraz lasu sosnowego czy mieszanego i pozostaj\u0105 tylko, niby z nowymi nasadzeniami, ale jednak \u201ego\u0142e\u201d, wydmy polodowcowe. Dochodzi do tego, \u017ce mieszka\u0144cy naszej gminy, kt\u00f3rzy trafi\u0105 w miejsce \u201ezagospodarowane po nowemu\u201d, czuj\u0105 si\u0119 zagubieni i zdezorientowani tym otoczeniem, \u0142akn\u0105 zdrowego \u015bwie\u017cego powietrza niczym w\u0119drowiec wody na bezkresie pustyni. Czy mo\u017ce tak ma wygl\u0105da\u0107 obecny i przysz\u0142y nasz\u2026 chroniony Nadbu\u017ca\u0144ski Park Krajobrazowy? Je\u015bli to pocz\u0105tek tych zmian, to co nas czeka wkr\u00f3tce?<\/p>\n<p><strong>Ale wr\u00f3\u0107my do tytu\u0142u tego artyku\u0142u i ponownie zadajmy pytanie: Kto zna to miejsce?<\/strong> Za dobr\u0105 odpowied\u017a nie b\u0119dziemy nagradza\u0107, ale zach\u0119camy do refleksji nad tematem i przysz\u0142o\u015bci\u0105. Mo\u017ce jest jeszcze czas na tak generalne zmiany? A mo\u017ce kto\u015b wyja\u015bni nam, o co tu chodzi?\u00a0Mo\u017ce internauci posiadaj\u0105cy drony zechc\u0105 pokaza\u0107 nam ten teren z g\u00f3ry? Zach\u0119camy!<\/p>\n\n\t\t<style type=\"text\/css\">\n\t\t\t#gallery-1 {\n\t\t\t\tmargin: auto;\n\t\t\t}\n\t\t\t#gallery-1 .gallery-item {\n\t\t\t\tfloat: left;\n\t\t\t\tmargin-top: 10px;\n\t\t\t\ttext-align: center;\n\t\t\t\twidth: 33%;\n\t\t\t}\n\t\t\t#gallery-1 img {\n\t\t\t\tborder: 2px solid #cfcfcf;\n\t\t\t}\n\t\t\t#gallery-1 .gallery-caption {\n\t\t\t\tmargin-left: 0;\n\t\t\t}\n\t\t\t\/* see gallery_shortcode() in wp-includes\/media.php *\/\n\t\t<\/style>\n\t\t<div id='gallery-1' class='gallery galleryid-20891 gallery-columns-3 gallery-size-thumbnail'><dl class='gallery-item'>\n\t\t\t<dt class='gallery-icon landscape'>\n\t\t\t\t<a href='https:\/\/info.sadowne.pl\/wp-content\/uploads\/2019\/07\/2019.07.31.1.jpg'><img loading=\"lazy\" decoding=\"async\" width=\"180\" height=\"130\" src=\"https:\/\/info.sadowne.pl\/wp-content\/uploads\/2019\/07\/2019.07.31.1-180x130.jpg\" class=\"attachment-thumbnail size-thumbnail\" alt=\"\" \/><\/a>\n\t\t\t<\/dt><\/dl><dl class='gallery-item'>\n\t\t\t<dt class='gallery-icon landscape'>\n\t\t\t\t<a href='https:\/\/info.sadowne.pl\/wp-content\/uploads\/2019\/07\/2019.07.31.2.jpg'><img loading=\"lazy\" decoding=\"async\" width=\"180\" height=\"130\" src=\"https:\/\/info.sadowne.pl\/wp-content\/uploads\/2019\/07\/2019.07.31.2-180x130.jpg\" class=\"attachment-thumbnail size-thumbnail\" alt=\"\" \/><\/a>\n\t\t\t<\/dt><\/dl><dl class='gallery-item'>\n\t\t\t<dt class='gallery-icon landscape'>\n\t\t\t\t<a href='https:\/\/info.sadowne.pl\/wp-content\/uploads\/2019\/07\/2019.07.31.3.jpg'><img loading=\"lazy\" decoding=\"async\" width=\"180\" height=\"130\" src=\"https:\/\/info.sadowne.pl\/wp-content\/uploads\/2019\/07\/2019.07.31.3-180x130.jpg\" class=\"attachment-thumbnail size-thumbnail\" alt=\"\" \/><\/a>\n\t\t\t<\/dt><\/dl><br style=\"clear: both\" \/><dl class='gallery-item'>\n\t\t\t<dt class='gallery-icon landscape'>\n\t\t\t\t<a href='https:\/\/info.sadowne.pl\/wp-content\/uploads\/2019\/07\/2019.07.31.4.jpg'><img loading=\"lazy\" decoding=\"async\" width=\"180\" height=\"130\" src=\"https:\/\/info.sadowne.pl\/wp-content\/uploads\/2019\/07\/2019.07.31.4-180x130.jpg\" class=\"attachment-thumbnail size-thumbnail\" alt=\"\" \/><\/a>\n\t\t\t<\/dt><\/dl>\n\t\t\t<br style='clear: both' \/>\n\t\t<\/div>\n\n<p><strong>Tekst\/foto:<\/strong> S\u0142awek Chyli\u0144ski<\/p>\n","protected":false},"excerpt":{"rendered":"<p>Oczywi\u015bcie znajduje si\u0119 blisko Sadownego, ale jest ju\u017c jakby inne. Zmiany post\u0119puj\u0105 tu w zastraszaj\u0105cym tempie &#8211; by\u0142 las, nie ma lasu.<\/p>\n","protected":false},"author":1,"featured_media":0,"comment_status":"closed","ping_status":"closed","sticky":false,"template":"","format":"standard","meta":{"footnotes":""},"categories":[5,1,2449],"tags":[1827,2752,3169],"class_list":["post-20891","post","type-post","status-publish","format-standard","hentry","category-newsy","category-inne","category-mieszkancy-pytaja","tag-gmina-sadowne","tag-gospodarka-lesna","tag-nadbuzanski-park-krajobrazowy"],"views":3259,"_links":{"self":[{"href":"https:\/\/info.sadowne.pl\/index.php?rest_route=\/wp\/v2\/posts\/20891","targetHints":{"allow":["GET"]}}],"collection":[{"href":"https:\/\/info.sadowne.pl\/index.php?rest_route=\/wp\/v2\/posts"}],"about":[{"href":"https:\/\/info.sadowne.pl\/index.php?rest_route=\/wp\/v2\/types\/post"}],"author":[{"embeddable":true,"href":"https:\/\/info.sadowne.pl\/index.php?rest_route=\/wp\/v2\/users\/1"}],"replies":[{"embeddable":true,"href":"https:\/\/info.sadowne.pl\/index.php?rest_route=%2Fwp%2Fv2%2Fcomments&post=20891"}],"version-history":[{"count":3,"href":"https:\/\/info.sadowne.pl\/index.php?rest_route=\/wp\/v2\/posts\/20891\/revisions"}],"predecessor-version":[{"id":20898,"href":"https:\/\/info.sadowne.pl\/index.php?rest_route=\/wp\/v2\/posts\/20891\/revisions\/20898"}],"wp:attachment":[{"href":"https:\/\/info.sadowne.pl\/index.php?rest_route=%2Fwp%2Fv2%2Fmedia&parent=20891"}],"wp:term":[{"taxonomy":"category","embeddable":true,"href":"https:\/\/info.sadowne.pl\/index.php?rest_route=%2Fwp%2Fv2%2Fcategories&post=20891"},{"taxonomy":"post_tag","embeddable":true,"href":"https:\/\/info.sadowne.pl\/index.php?rest_route=%2Fwp%2Fv2%2Ftags&post=20891"}],"curies":[{"name":"wp","href":"https:\/\/api.w.org\/{rel}","templated":true}]}}