{"id":20903,"date":"2019-08-04T13:12:13","date_gmt":"2019-08-04T11:12:13","guid":{"rendered":"http:\/\/info.sadowne.pl\/?p=20903"},"modified":"2019-08-04T13:12:13","modified_gmt":"2019-08-04T11:12:13","slug":"festyn-strazacki-rozpoczal-sie","status":"publish","type":"post","link":"https:\/\/info.sadowne.pl\/?p=20903","title":{"rendered":"Festyn Stra\u017cacki rozpocz\u0105\u0142 si\u0119"},"content":{"rendered":"<p><strong><a href=\"http:\/\/info.sadowne.pl\/wp-content\/uploads\/2019\/08\/2019.08.04.1.jpg\" target=\"_blank\" rel=\"noopener noreferrer\"><img loading=\"lazy\" decoding=\"async\" class=\"alignleft wp-image-20904 size-thumbnail\" src=\"http:\/\/info.sadowne.pl\/wp-content\/uploads\/2019\/08\/2019.08.04.1-180x130.jpg\" alt=\"\" width=\"180\" height=\"130\" \/><\/a>W Grabinach trwa ju\u017c Festyn Stra\u017cacki. Organizatorzy czekaj\u0105 na wszystkich zainteresowanych dobr\u0105 zabaw\u0105.<\/strong><!--more--><\/p>\n<p>Przed po\u0142udniem 4 sierpnia na placu przy Szkole Podstawowej w Grabinach rozpocz\u0105\u0142 si\u0119 Festyn Stra\u017cacki. Jego organizatorami s\u0105: Ochotnicza Stra\u017c Po\u017carna w Zalesiu i Ko\u0142o Gospody\u0144 Wiejskich w Zarzetce.<\/p>\n<p>Trwa w\u0142a\u015bnie turniej pi\u0142ki no\u017cnej, w kt\u00f3rym uczestniczy 7 dru\u017cyn. Przy boisku ulokowa\u0142o si\u0119 wiele namiot\u00f3w, w kt\u00f3rych na uczestnik\u00f3w biesiady czekaj\u0105 smakowite ciasta, swojskie wyroby, grill, ale te\u017c co\u015b do popicia w przypadku nadmiernej suszy i wiele, wiele innych atrakcji. Obok plac zabaw dla dzieci i oczywi\u015bcie\u2026 dmucha\u0144ce, a do zabawy przygrywa Zesp\u00f3\u0142 Muzyczny \u201eAkord\u201d.<\/p>\n<p>Polecamy i zach\u0119camy! Nie obawiajmy si\u0119 deszczowej pogody, to si\u0119 zmieni. Zabawa dopiero si\u0119 rozkr\u0119ca i systematycznie nap\u0142ywaj\u0105 biesiadowicze i wszyscy, kt\u00f3rzy chc\u0105 wesprze\u0107 finansowo i nie tylko organizator\u00f3w: stra\u017cak\u00f3w z Zalesia oraz Panie z KGW w Zarzetce. Zobaczmy co si\u0119 tam dzieje\u2026<\/p>\n<p><span style=\"color: #0000ff;\"><a style=\"color: #0000ff;\" href=\"https:\/\/photos.app.goo.gl\/Fbe7fY2JHdidb3LA9\" target=\"_blank\" rel=\"noopener noreferrer\"><strong>Zdj\u0119cia w galerii Google&gt;&gt;&gt;<\/strong><\/a><\/span><\/p>\n<p><strong>Wi\u0119cej na stronie <span style=\"color: #0000ff;\"><a style=\"color: #0000ff;\" href=\"https:\/\/www.facebook.com\/OSP-Zalesie-1702617293295456\/\" target=\"_blank\" rel=\"noopener noreferrer\">https:\/\/www.facebook.com\/OSP-Zalesie-1702617293295456\/<\/a><\/span><\/strong><\/p>\n<p><strong>Tekst\/foto:<\/strong> S\u0142awek Chyli\u0144ski<\/p>\n","protected":false},"excerpt":{"rendered":"<p>W Grabinach trwa ju\u017c Festyn Stra\u017cacki. Organizatorzy czekaj\u0105 na wszystkich zainteresowanych dobr\u0105 zabaw\u0105.<\/p>\n","protected":false},"author":1,"featured_media":0,"comment_status":"closed","ping_status":"closed","sticky":false,"template":"","format":"standard","meta":{"footnotes":""},"categories":[5,2394,4,267],"tags":[3165,3164,3173],"class_list":["post-20903","post","type-post","status-publish","format-standard","hentry","category-newsy","category-osp-zalesie","category-policja-straz-pozarna-pogotowie-ratunkowe","category-straz-pozarna-policja-straz-pozarna-pogotowie-ratunkowe","tag-festyn-strazacki-w-grabinach","tag-kolo-gospodyn-wiejskich-w-zarzetce","tag-ochotnicza-straz-pozarna-w-zalesiu"],"views":2718,"_links":{"self":[{"href":"https:\/\/info.sadowne.pl\/index.php?rest_route=\/wp\/v2\/posts\/20903","targetHints":{"allow":["GET"]}}],"collection":[{"href":"https:\/\/info.sadowne.pl\/index.php?rest_route=\/wp\/v2\/posts"}],"about":[{"href":"https:\/\/info.sadowne.pl\/index.php?rest_route=\/wp\/v2\/types\/post"}],"author":[{"embeddable":true,"href":"https:\/\/info.sadowne.pl\/index.php?rest_route=\/wp\/v2\/users\/1"}],"replies":[{"embeddable":true,"href":"https:\/\/info.sadowne.pl\/index.php?rest_route=%2Fwp%2Fv2%2Fcomments&post=20903"}],"version-history":[{"count":1,"href":"https:\/\/info.sadowne.pl\/index.php?rest_route=\/wp\/v2\/posts\/20903\/revisions"}],"predecessor-version":[{"id":20905,"href":"https:\/\/info.sadowne.pl\/index.php?rest_route=\/wp\/v2\/posts\/20903\/revisions\/20905"}],"wp:attachment":[{"href":"https:\/\/info.sadowne.pl\/index.php?rest_route=%2Fwp%2Fv2%2Fmedia&parent=20903"}],"wp:term":[{"taxonomy":"category","embeddable":true,"href":"https:\/\/info.sadowne.pl\/index.php?rest_route=%2Fwp%2Fv2%2Fcategories&post=20903"},{"taxonomy":"post_tag","embeddable":true,"href":"https:\/\/info.sadowne.pl\/index.php?rest_route=%2Fwp%2Fv2%2Ftags&post=20903"}],"curies":[{"name":"wp","href":"https:\/\/api.w.org\/{rel}","templated":true}]}}