{"id":20938,"date":"2019-08-14T11:05:55","date_gmt":"2019-08-14T09:05:55","guid":{"rendered":"http:\/\/info.sadowne.pl\/?p=20938"},"modified":"2020-10-04T17:10:44","modified_gmt":"2020-10-04T15:10:44","slug":"uwiedzeni-i-bohaterowie-lato-1920","status":"publish","type":"post","link":"https:\/\/info.sadowne.pl\/?p=20938","title":{"rendered":"UWIEDZENI I BOHATEROWIE \u2013 LATO 1920"},"content":{"rendered":"<p><strong><a href=\"http:\/\/info.sadowne.pl\/wp-content\/uploads\/2019\/08\/Brok13.jpg\" target=\"_blank\" rel=\"noopener noreferrer\"><img loading=\"lazy\" decoding=\"async\" class=\"alignleft wp-image-20939 size-thumbnail\" src=\"http:\/\/info.sadowne.pl\/wp-content\/uploads\/2019\/08\/Brok13-180x130.jpg\" alt=\"\" width=\"180\" height=\"130\" \/><\/a>\u00a0\u201e<em>W dole na dziedzi\u0144cu zamkowym zebrali si\u0119 ludzie na wiec. Przyszli tu ch\u0142opi, \u017bydzi i garbarze z przedmie\u015b\u0107. <\/em><\/strong><!--more--><\/p>\n<p><strong><em>Bucha nad nimi p\u0142on\u0105cy uniesieniem g\u0142os Winogradowa i brz\u0119k jego ostr\u00f3g. Winogradow m\u00f3wi\u0142 o drugim kongresie Mi\u0119dzynarod\u00f3wki<\/em><\/strong><strong>\u00a0[\u2026]\u00a0<em>G\u0142os komisarza w dole nie milknie. Z pasj\u0105 przekonywa zaskoczonych mieszczan i obrabowanych \u017byd\u00f3w.<\/em><\/strong><\/p>\n<p><em>\u2013 W\u0142adza \u2013 to wy. Wszystko dooko\u0142a jest wasze. Nie ma ju\u017c pan\u00f3w. Przyst\u0119puj\u0119 do wybor\u00f3w komitetu rewolucyjnego\u2026<\/em>\u201d.<\/p>\n<p>\u015awiadkami podobnych wiec\u00f3w by\u0142y wiosn\u0105 i latem 1920 r. setki polskich miast, miasteczek, wsi, folwark\u00f3w i hal fabrycznych. Zmienia\u0142a si\u0119 jedynie sceneria i nazwisko komisarza. Oferta kierowana do s\u0142uchaczy by\u0142a nadzwyczaj hojna i kusz\u0105ca \u2013 dosta\u0107 mo\u017cna by\u0142o wszystko wok\u00f3\u0142. S\u0105 r\u00f3\u017cne rodzaje uwiedzenia\u00a0 \u2013 \u00a0w tym przypadku wielu da\u0142o si\u0119 ponie\u015b\u0107 ideologicznym sloganom i z\u0142udn\u0105 wizj\u0105 szybkiej poprawy swego losu.<\/p>\n<p><strong>Wi\u0119cej na stronie <span style=\"color: #0000ff;\"><a style=\"color: #0000ff;\" href=\"http:\/\/madzelan.cba.pl\/uwiedzeni-i-bohaterowie-lato-1920\/\" target=\"_blank\" rel=\"noopener noreferrer\">http:\/\/madzelan.cba.pl\/uwiedzeni-i-bohaterowie-lato-1920\/<\/a><\/span><\/strong><\/p>\n","protected":false},"excerpt":{"rendered":"<p>\u00a0\u201eW dole na dziedzi\u0144cu zamkowym zebrali si\u0119 ludzie na wiec. Przyszli tu ch\u0142opi, \u017bydzi i garbarze z przedmie\u015b\u0107.<\/p>\n","protected":false},"author":1,"featured_media":0,"comment_status":"closed","ping_status":"closed","sticky":false,"template":"","format":"standard","meta":{"footnotes":""},"categories":[5,3436,1973,31],"tags":[101,3004,2956],"class_list":["post-20938","post","type-post","status-publish","format-standard","hentry","category-newsy","category-opowiesci-historie-legendy-brokowskie-i-nie-tylko","category-pisali-o-sadownem","category-historia-gminy","tag-historia-gminy-sadowne","tag-jerzy-madzelan","tag-opowiesci-historie-legendy-brokowskie-i-nie-tylko"],"views":2411,"_links":{"self":[{"href":"https:\/\/info.sadowne.pl\/index.php?rest_route=\/wp\/v2\/posts\/20938","targetHints":{"allow":["GET"]}}],"collection":[{"href":"https:\/\/info.sadowne.pl\/index.php?rest_route=\/wp\/v2\/posts"}],"about":[{"href":"https:\/\/info.sadowne.pl\/index.php?rest_route=\/wp\/v2\/types\/post"}],"author":[{"embeddable":true,"href":"https:\/\/info.sadowne.pl\/index.php?rest_route=\/wp\/v2\/users\/1"}],"replies":[{"embeddable":true,"href":"https:\/\/info.sadowne.pl\/index.php?rest_route=%2Fwp%2Fv2%2Fcomments&post=20938"}],"version-history":[{"count":1,"href":"https:\/\/info.sadowne.pl\/index.php?rest_route=\/wp\/v2\/posts\/20938\/revisions"}],"predecessor-version":[{"id":20940,"href":"https:\/\/info.sadowne.pl\/index.php?rest_route=\/wp\/v2\/posts\/20938\/revisions\/20940"}],"wp:attachment":[{"href":"https:\/\/info.sadowne.pl\/index.php?rest_route=%2Fwp%2Fv2%2Fmedia&parent=20938"}],"wp:term":[{"taxonomy":"category","embeddable":true,"href":"https:\/\/info.sadowne.pl\/index.php?rest_route=%2Fwp%2Fv2%2Fcategories&post=20938"},{"taxonomy":"post_tag","embeddable":true,"href":"https:\/\/info.sadowne.pl\/index.php?rest_route=%2Fwp%2Fv2%2Ftags&post=20938"}],"curies":[{"name":"wp","href":"https:\/\/api.w.org\/{rel}","templated":true}]}}