{"id":20941,"date":"2019-08-16T14:20:39","date_gmt":"2019-08-16T12:20:39","guid":{"rendered":"http:\/\/info.sadowne.pl\/?p=20941"},"modified":"2019-08-16T14:20:39","modified_gmt":"2019-08-16T12:20:39","slug":"mlodzi-duchem","status":"publish","type":"post","link":"https:\/\/info.sadowne.pl\/?p=20941","title":{"rendered":"\u201eM\u0142odzi duchem\u201d"},"content":{"rendered":"<p><strong><a href=\"http:\/\/info.sadowne.pl\/wp-content\/uploads\/2019\/08\/2019.08.16.1.jpg\" target=\"_blank\" rel=\"noopener noreferrer\"><img loading=\"lazy\" decoding=\"async\" class=\"alignleft wp-image-20942 size-thumbnail\" src=\"http:\/\/info.sadowne.pl\/wp-content\/uploads\/2019\/08\/2019.08.16.1-180x130.jpg\" alt=\"\" width=\"180\" height=\"130\" \/><\/a>15 sierpnia w Sadownem odby\u0142y si\u0119 Do\u017cynki Gminno \u2013 Parafialne. Has\u0142o przewodnie tegorocznych Do\u017cynek to: \u201eM\u0142odzi duchem\u201d, a ich gospodarzem by\u0142o so\u0142ectwo Wilczog\u0119by.<\/strong><!--more--><\/p>\n<p>Uroczysto\u015bci do\u017cynkowe rozpocz\u0119\u0142y si\u0119 msz\u0105 \u015bw. w miejscowym ko\u015bciele parafialnym, celebrowan\u0105 przez proboszcza ks. Antoniego Kunickiego w intencji uczestnik\u00f3w Do\u017cynek i obchodz\u0105cego swoje 45-lecie Zespo\u0142u \u015apiewaczego \u201eSadowianki.<\/p>\n<p>Wie\u0144ce do\u017cynkowe, kt\u00f3re przygotowa\u0142y poszczeg\u00f3lne so\u0142ectwa, i ich asysty wprowadzili do ko\u015bcio\u0142a Starostowie Do\u017cynek \u2013 Pa\u0144stwo Dorota i \u0141ukasz Biernatowie z Wilczog\u0105b. Po mszy korow\u00f3d uczestnik\u00f3w Do\u017cynek Gminno \u2013 Parafialnych przemaszerowa\u0142 na plac targowy przy ko\u015bciele, gdzie kontynuowano ju\u017c bardziej \u015bwieckie uroczysto\u015bci. Poprowadzi\u0142 je Zast\u0119pca W\u00f3jta Gminy Sadowne p. Marcin Gr\u0119da.<\/p>\n<p>Po oficjalnym powitaniu, publiczno\u015b\u0107 mia\u0142a okazj\u0119 podzieli\u0107 si\u0119 symbolicznie z W\u00f3jtem Gminy Sadowne p. Waldemarem Cyranem, jego ma\u0142\u017conk\u0105 oraz Starostami Do\u017cynek chlebem upieczonym z tegorocznych zbior\u00f3w zb\u00f3\u017c, a chwil\u0119 t\u0119 u\u015bwietni\u0142 wyst\u0119p Zespo\u0142u \u015apiewaczego \u201eSadowianki\u201d. \u00a0Zesp\u00f3\u0142 zaj\u0105\u0142 te\u017c honorowe miejsce na scenie, przyjmuj\u0105c od Organizator\u00f3w i go\u015bci, w\u015br\u00f3d kt\u00f3rych mo\u017cna by\u0142o zauwa\u017cy\u0107 przedstawicieli wszystkich szczebli samorz\u0105du oraz parlamentarzyst\u00f3w, \u017cyczenia \u201eurodzinowe\u201d, a tak\u017ce drobne upominki. Przy tej okazji uhonorowano statuetkami obecnych oraz by\u0142ych cz\u0142onk\u00f3w Zespo\u0142u i osoby wspieraj\u0105ce, a uwie\u0144czeniem tej cz\u0119\u015bci Do\u017cynek by\u0142 koncert Jubilat\u00f3w oraz wsp\u00f3\u0142pracuj\u0105cych zespo\u0142\u00f3w ludowych i tort, a w\u0142a\u015bciwie kilka tort\u00f3w, kt\u00f3re os\u0142odzi\u0142y chwile wspomnie\u0144. By\u0142y te\u017c wiersze p. El\u017cbiety S\u00f3wki.<\/p>\n<p>Powo\u0142ana przez Organizator\u00f3w Komisja Konkursowa w sk\u0142adzie pp.: ks. Antoni Kunicki, Marcin Gr\u0119da, Ewa Pi\u00f3rkowska, Danuta Chyli\u0144ska i Dorota Mianowicz, oceni\u0142a wie\u0144ce do\u017cynkowe. W tym roku za najpi\u0119kniejsze wie\u0144ce nagrodzono so\u0142ectwa: \u00a0I miejsce &#8211; Sadole\u015b, II \u2013 Oci\u0119te, III \u2013 Sojk\u00f3wek, wyr\u00f3\u017cnienia: Morzyczyn W\u0142\u00f3ki, Sok\u00f3\u0142ka, Grabiny, Zieleniec i Krupi\u0144skie. Przedstawiciele laureat\u00f3w Konkursu oraz jego uczestnik\u00f3w odebrali statuetki i dyplomy z r\u0105k W\u00f3jta Gminy Sadowne p. Waldemara Cyrana oraz przedstawicieli Organizator\u00f3w.<\/p>\n<p>Bezpo\u015brednio potem nagrodzono te\u017c laureat\u00f3w konkursu na \u201eNajpi\u0119kniejszy ogr\u00f3d Gminy Sadowne 2019\u201d. Oto jego wyniki: I miejsce \u2013 p. El\u017cbieta D\u0119bkowska z P\u0142atkownicy, II miejsce \u2013 p. Agnieszka Warda z Sadolesia, III miejsce \u2013 p. Bartosz O\u0142dak z Wilczog\u0105b, wyr\u00f3\u017cnienia: p. Janina Kalbarczyk z Sadolesia i p. Bo\u017cena Pu\u015bcion z Zarzetki. Nagrody wr\u0119czyli Organizatorzy Konkursu oraz jego sponsorzy: za miejsca I-III &#8211; PSB Mr\u00f3wka Sadowne i za wyr\u00f3\u017cnienia \u2013 Sklep Ogrodniczy AGAWA z Sadownego.<\/p>\n<p>Warto podkre\u015bli\u0107, i\u017c uroczysto\u015bciom do\u017cynkowym towarzyszy\u0142y, opr\u00f3cz stoisk handlowych i placu zabaw dla dzieci, prezentacje so\u0142ectw i sadowie\u0144skich instytucji. W ich namiotach mo\u017cna by\u0142o skosztowa\u0107 regionalnych produkt\u00f3w oraz uzyska\u0107 informacje na temat historii i obecnych czas\u00f3w regionu sadowie\u0144skiego. Na scenie za\u015b uczestnikom umila\u0142y czas zespo\u0142y artystyczne:<\/p>\n<p>&#8211; Mobilny Klub Czerwonego Noska z programem rozrywkowo- animacyjnym dla dzieci, interaktywn\u0105 zabaw\u0105, piosenkami oraz animacjami. W roli g\u0142\u00f3wnej klown &#8211; Marlena Uzi\u0119b\u0142o.<\/p>\n<p>&#8211; Zesp\u00f3\u0142 \u201eRevers Band\u201d z Wyszkowa z repertuarem disco polo, znanymi przebojami polskimi i zagranicznymi oraz znany nam Zesp\u00f3\u0142 Muzyczny \u201eSami Swoi\u201d z Ziele\u0144ca.<\/p>\n<p>Gwiazda wieczoru to Zesp\u00f3\u0142 \u201eFuture Folk\u201d \u0142\u0105cz\u0105cy muzyk\u0119 taneczn\u0105 z g\u00f3ralszczyzn\u0105. Jego cz\u0142onkowie, Stanis\u0142aw Karpiel \u2013 Bu\u0142ecka i Szymon Chyc-Magdzin,\u00a0rodem z Zakopanego, wnosz\u0105 do Zespo\u0142u typowe dla regionu elementy tradycji ludowej, a\u00a0Matt Kowalsky\u00a0wzbogaca ca\u0142o\u015b\u0107 o nowoczesne brzmienia.<\/p>\n<p>A na koniec zabawa z Dj-em \u2013 prawie do samego rana.<\/p>\n<p>Atrakcje dla mieszka\u0144c\u00f3w przygotowa\u0142 Urz\u0105d Gminy w Sadownem, Gminny O\u015brodek Kultury w Sadownem i Samorz\u0105d Wojew\u00f3dztwa Mazowieckiego. Obs\u0142uga muzyczna imprezy nale\u017ca\u0142a oczywi\u015bcie do p. Paw\u0142a Zy\u015bka i Firmy SOUNDSTREAM.<\/p>\n<p><span style=\"color: #0000ff;\"><a style=\"color: #0000ff;\" href=\"https:\/\/photos.app.goo.gl\/Udtz2bSdoGhv2you6\" target=\"_blank\" rel=\"noopener noreferrer\"><strong>Zdj\u0119cia w galerii Google&gt;&gt;&gt;<\/strong><\/a><\/span><\/p>\n<p><span style=\"color: #0000ff;\"><strong><a style=\"color: #0000ff;\" href=\"https:\/\/youtu.be\/MLUJkFGV3Fc\" target=\"_blank\" rel=\"noopener noreferrer\">Zobacz te\u017c film&gt;&gt;&gt;<\/a><\/strong><\/span><\/p>\n<p><strong>Tekst\/foto:<\/strong> S\u0142awek Chyli\u0144ski<\/p>\n","protected":false},"excerpt":{"rendered":"<p>15 sierpnia w Sadownem odby\u0142y si\u0119 Do\u017cynki Gminno \u2013 Parafialne. Has\u0142o przewodnie tegorocznych Do\u017cynek to: \u201eM\u0142odzi duchem\u201d, a ich gospodarzem by\u0142o so\u0142ectwo Wilczog\u0119by.<\/p>\n","protected":false},"author":1,"featured_media":0,"comment_status":"closed","ping_status":"closed","sticky":false,"template":"","format":"standard","meta":{"footnotes":""},"categories":[5,91,6],"tags":[2100,25],"class_list":["post-20941","post","type-post","status-publish","format-standard","hentry","category-newsy","category-gminny-osrodek-kultury","category-kultura-rozrywka-edukacja","tag-dozynki-gminno-parafialne-w-sadownem","tag-sadowne"],"views":3148,"_links":{"self":[{"href":"https:\/\/info.sadowne.pl\/index.php?rest_route=\/wp\/v2\/posts\/20941","targetHints":{"allow":["GET"]}}],"collection":[{"href":"https:\/\/info.sadowne.pl\/index.php?rest_route=\/wp\/v2\/posts"}],"about":[{"href":"https:\/\/info.sadowne.pl\/index.php?rest_route=\/wp\/v2\/types\/post"}],"author":[{"embeddable":true,"href":"https:\/\/info.sadowne.pl\/index.php?rest_route=\/wp\/v2\/users\/1"}],"replies":[{"embeddable":true,"href":"https:\/\/info.sadowne.pl\/index.php?rest_route=%2Fwp%2Fv2%2Fcomments&post=20941"}],"version-history":[{"count":1,"href":"https:\/\/info.sadowne.pl\/index.php?rest_route=\/wp\/v2\/posts\/20941\/revisions"}],"predecessor-version":[{"id":20943,"href":"https:\/\/info.sadowne.pl\/index.php?rest_route=\/wp\/v2\/posts\/20941\/revisions\/20943"}],"wp:attachment":[{"href":"https:\/\/info.sadowne.pl\/index.php?rest_route=%2Fwp%2Fv2%2Fmedia&parent=20941"}],"wp:term":[{"taxonomy":"category","embeddable":true,"href":"https:\/\/info.sadowne.pl\/index.php?rest_route=%2Fwp%2Fv2%2Fcategories&post=20941"},{"taxonomy":"post_tag","embeddable":true,"href":"https:\/\/info.sadowne.pl\/index.php?rest_route=%2Fwp%2Fv2%2Ftags&post=20941"}],"curies":[{"name":"wp","href":"https:\/\/api.w.org\/{rel}","templated":true}]}}