{"id":20982,"date":"2019-08-23T13:23:14","date_gmt":"2019-08-23T11:23:14","guid":{"rendered":"http:\/\/info.sadowne.pl\/?p=20982"},"modified":"2019-08-23T13:23:14","modified_gmt":"2019-08-23T11:23:14","slug":"75-rocznica-spalenia-wilczogab-i-zakonczenia-niemieckiej-okupacji","status":"publish","type":"post","link":"https:\/\/info.sadowne.pl\/?p=20982","title":{"rendered":"75. rocznica spalenia Wilczog\u0105b i zako\u0144czenia niemieckiej okupacji"},"content":{"rendered":"<p><strong><a href=\"http:\/\/info.sadowne.pl\/wp-content\/uploads\/2019\/08\/2019.08.23.1.jpg\" target=\"_blank\" rel=\"noopener noreferrer\"><img loading=\"lazy\" decoding=\"async\" class=\"alignleft wp-image-20983 size-thumbnail\" src=\"http:\/\/info.sadowne.pl\/wp-content\/uploads\/2019\/08\/2019.08.23.1-180x130.jpg\" alt=\"\" width=\"180\" height=\"130\" \/><\/a>22 sierpnia br. z inicjatywy Rady So\u0142eckiej i OSP w Wilczog\u0119bach uczczona zosta\u0142a 75. rocznica spalenia wsi przez Niemc\u00f3w i zako\u0144czenia niemieckiej okupacji.<\/strong><!--more--><\/p>\n<p>75 lat temu, 22 sierpnia 1944 roku, po prawie pi\u0119ciu latach zako\u0144czy\u0142a si\u0119 niemiecka okupacja Wilczog\u0105b, podobnie jak ca\u0142ej gminy Sadowne. Do wsi wkroczyli \u017co\u0142nierze 65. armii gen. p\u0142k. P. Batowa 1 Frontu Bia\u0142oruskiego.<\/p>\n<p>Ostatni dzie\u0144 niemieckiego panowania by\u0142 r\u00f3wnie tragiczny w historii Wilczog\u0105b, jak wiele wcze\u015bniejszych dni niemieckiej okupacji. Od rana pojawili si\u0119 we wsi \u017co\u0142nierze niemieccy, kt\u00f3rzy podpalali budynek po budynku, pozwalaj\u0105c ratowa\u0107 jedynie \u017cywy dobytek, kt\u00f3ry jeszcze pozosta\u0142 po wcze\u015bniej dokonywanych przez nich rekwizycjach. Spalili te\u017c remiz\u0119 stra\u017cack\u0105 ze zgromadzonym w niej sprz\u0119tem. Tylko dzi\u0119ki przezorno\u015bci druh\u00f3w z OSP ocala\u0142 sztandar jednostki, ukryty w dziupli na Bramule.<\/p>\n<p>We wsi pozosta\u0142o tylko par\u0119 dom\u00f3w mieszkalnych i budynek szko\u0142y powszechnej oraz gospodarstwa na Zapolu i Go\u0142ym Borze. Nawet b\u0119d\u0105c ju\u017c za Bugiem, Niemcy pr\u00f3bowali zapali\u0107 pociskami z armat ocala\u0142e domostwa. W po\u0142udnie, najpierw w Zapolu, pojawi\u0142y si\u0119 pierwsze patrole radzieckie, a wieczorem by\u0142y to ju\u017c cale oddzia\u0142y.<\/p>\n<p>Wi\u0119kszo\u015b\u0107 zamieszka\u0142ych we wsi musia\u0142a opu\u015bci\u0107 swoje domostwa i dopiero po tygodniu, po odrzuceniu Niemc\u00f3w przez oddzia\u0142y radzieckie od Bugu, mog\u0142a powr\u00f3ci\u0107 do zgliszcz, kt\u00f3re pozosta\u0142y po ich gospodarstwach, aby rozpocz\u0105\u0107 nowe \u017cycie. Dachu nad g\u0142ow\u0105 bezdomnym u\u017cyczyli s\u0105siedzi, kt\u00f3rych domy nie uleg\u0142y zniszczeniu. Ich pomoc by\u0142a bezcenna w czasie odbudowy w\u0142asnych dom\u00f3w.<\/p>\n<p>Jeszcze bardziej bolesne by\u0142y straty w\u015br\u00f3d mieszka\u0144c\u00f3w Wilczog\u0105b w czasie okupacji niemieckiej. 16 z nich utraci\u0142o \u017cycie z r\u0119ki okupanta w czasie Kampanii Wrze\u015bniowej w 1939 r., w wyniku represji w czasie okupacji i w walkach w 1944 i 1945 r. Ich nazwiska zosta\u0142y uwiecznione na Pomniku POW we wsi. Wiele os\u00f3b zmar\u0142o w efekcie trudnych warunk\u00f3w \u017cycia, w tym 13 wskutek epidemii tyfusu. Szereg wyemigrowa\u0142o, aby unikn\u0105\u0107 prze\u015bladowa\u0144 czy \u015bmierci za dzia\u0142alno\u015b\u0107 w organizacjach podziemnych.<\/p>\n<p><img loading=\"lazy\" decoding=\"async\" class=\"aligncenter size-full wp-image-20984\" src=\"http:\/\/info.sadowne.pl\/wp-content\/uploads\/2019\/08\/2019.08.23.2.jpg\" alt=\"\" width=\"603\" height=\"403\" srcset=\"https:\/\/info.sadowne.pl\/wp-content\/uploads\/2019\/08\/2019.08.23.2.jpg 603w, https:\/\/info.sadowne.pl\/wp-content\/uploads\/2019\/08\/2019.08.23.2-300x200.jpg 300w\" sizes=\"auto, (max-width: 603px) 100vw, 603px\" \/><\/p>\n<p>Pod Pomnikiem Polskiej Organizacji Wojskowej w Wilczog\u0119bach zebra\u0142a si\u0119 grupa m\u0142odszych i starszych mieszka\u0144c\u00f3w, kt\u00f3r\u0105 powita\u0142 so\u0142tys, p. Jacenty Biernat. P. Stanis\u0142aw Stebelski przedstawi\u0142 histori\u0119 wydarze\u0144, jakie mia\u0142y miejsce we wsi 75 lat temu. Nast\u0119pnie mieszka\u0144cy wsi zapalili znicze dla uczczenia swoich wsp\u00f3\u0142ziomk\u00f3w, kt\u00f3rzy ponie\u015bli \u015bmier\u0107 w trakcie II wojny \u015bwiatowej.<\/p>\n<p><img loading=\"lazy\" decoding=\"async\" class=\"aligncenter size-full wp-image-20985\" src=\"http:\/\/info.sadowne.pl\/wp-content\/uploads\/2019\/08\/2019.08.23.3.jpg\" alt=\"\" width=\"603\" height=\"403\" srcset=\"https:\/\/info.sadowne.pl\/wp-content\/uploads\/2019\/08\/2019.08.23.3.jpg 603w, https:\/\/info.sadowne.pl\/wp-content\/uploads\/2019\/08\/2019.08.23.3-300x200.jpg 300w\" sizes=\"auto, (max-width: 603px) 100vw, 603px\" \/><\/p>\n<p><strong>Tekst\/foto:<\/strong> Stanis\u0142aw Stebelski<\/p>\n","protected":false},"excerpt":{"rendered":"<p>22 sierpnia br. z inicjatywy Rady So\u0142eckiej i OSP w Wilczog\u0119bach uczczona zosta\u0142a 75. rocznica spalenia wsi przez Niemc\u00f3w i zako\u0144czenia niemieckiej okupacji.<\/p>\n","protected":false},"author":1,"featured_media":0,"comment_status":"closed","ping_status":"closed","sticky":false,"template":"","format":"standard","meta":{"footnotes":""},"categories":[5,2397,4,267],"tags":[3190,912,3191],"class_list":["post-20982","post","type-post","status-publish","format-standard","hentry","category-newsy","category-osp-wilczogeby","category-policja-straz-pozarna-pogotowie-ratunkowe","category-straz-pozarna-policja-straz-pozarna-pogotowie-ratunkowe","tag-spalenie-wilczogab","tag-wilczogeby","tag-zakonczenie-okupacji-niemieckiej-w-wilczogebach"],"views":3019,"_links":{"self":[{"href":"https:\/\/info.sadowne.pl\/index.php?rest_route=\/wp\/v2\/posts\/20982","targetHints":{"allow":["GET"]}}],"collection":[{"href":"https:\/\/info.sadowne.pl\/index.php?rest_route=\/wp\/v2\/posts"}],"about":[{"href":"https:\/\/info.sadowne.pl\/index.php?rest_route=\/wp\/v2\/types\/post"}],"author":[{"embeddable":true,"href":"https:\/\/info.sadowne.pl\/index.php?rest_route=\/wp\/v2\/users\/1"}],"replies":[{"embeddable":true,"href":"https:\/\/info.sadowne.pl\/index.php?rest_route=%2Fwp%2Fv2%2Fcomments&post=20982"}],"version-history":[{"count":1,"href":"https:\/\/info.sadowne.pl\/index.php?rest_route=\/wp\/v2\/posts\/20982\/revisions"}],"predecessor-version":[{"id":20986,"href":"https:\/\/info.sadowne.pl\/index.php?rest_route=\/wp\/v2\/posts\/20982\/revisions\/20986"}],"wp:attachment":[{"href":"https:\/\/info.sadowne.pl\/index.php?rest_route=%2Fwp%2Fv2%2Fmedia&parent=20982"}],"wp:term":[{"taxonomy":"category","embeddable":true,"href":"https:\/\/info.sadowne.pl\/index.php?rest_route=%2Fwp%2Fv2%2Fcategories&post=20982"},{"taxonomy":"post_tag","embeddable":true,"href":"https:\/\/info.sadowne.pl\/index.php?rest_route=%2Fwp%2Fv2%2Ftags&post=20982"}],"curies":[{"name":"wp","href":"https:\/\/api.w.org\/{rel}","templated":true}]}}