{"id":20990,"date":"2019-08-25T16:37:40","date_gmt":"2019-08-25T14:37:40","guid":{"rendered":"http:\/\/info.sadowne.pl\/?p=20990"},"modified":"2021-09-01T21:09:04","modified_gmt":"2021-09-01T19:09:04","slug":"po-raz-piaty-biegali-nad-bugiem","status":"publish","type":"post","link":"https:\/\/info.sadowne.pl\/?p=20990","title":{"rendered":"Po raz pi\u0105ty biegali nad Bugiem"},"content":{"rendered":"<p><strong><a href=\"http:\/\/info.sadowne.pl\/wp-content\/uploads\/2019\/08\/2019.08.25.2.jpg\" target=\"_blank\" rel=\"noopener noreferrer\"><img loading=\"lazy\" decoding=\"async\" class=\"alignleft wp-image-20991 size-thumbnail\" src=\"http:\/\/info.sadowne.pl\/wp-content\/uploads\/2019\/08\/2019.08.25.2-180x130.jpg\" alt=\"\" width=\"180\" height=\"130\" \/><\/a>25 sierpnia w Wilczog\u0119bach odby\u0142a si\u0119 \u201eNadbu\u017ca\u0144ska Sz\u00f3stka<\/strong><strong>.<\/strong><strong> Na tras\u0119 wyruszy\u0142o 71. zawodnik\u00f3w.<\/strong><!--more--><\/p>\n<p>25 sierpnia w pi\u0105tej edycji Biegu \u201eNadbu\u017ca\u0144ska Sz\u00f3stka\u201d w Wilczog\u0119bach wzi\u0119li udzia\u0142 liczni mi\u0142o\u015bnicy biegowej przygody i spacer\u00f3w z kijkami. Organizatorami znanej ju\u017c w okolicy imprezy sportowej byli: Gmina Sadowne, Zarz\u0105d Wojew\u00f3dztwa Mazowieckiego, Gminny O\u015brodek Kultury w Sadownem i Klub Sportowy \u201eWicher\u201d Sadowne.<\/p>\n<p>Przed godz. 11.00 zawodnik\u00f3w i kibic\u00f3w powita\u0142 p. Tadeusz Danaj z Klubu Sportowego \u201eWicher\u201d Sadowne. Zaraz potem na sze\u015bciokilometrow\u0105 tras\u0119 wyruszyli zawodnicy Nordic Walking, a po 15. minutach biegacze &#8211; po ponad dwudziestu minutach na mecie zjawili si\u0119 pierwsi zawodnicy. Ostatecznie klasyfikacja imprezy sportowej przedstawia si\u0119 nast\u0119puj\u0105co:<\/p>\n<p><strong>BIEG &#8211; <\/strong><strong>Kobiety OPEN<\/strong><\/p>\n<p>I miejsce \u2013 Zuzanna Sk\u0142adanek (Ostr\u00f3w Biega), 00:29:41.56<\/p>\n<p>II miejsce \u2013 Beata Samsel (niezrzeszona), 00:30:20.04<\/p>\n<p>II miejsce \u2013 Ma\u0142gorzata Masiuk-Plona (niezrzeszona), 00:31:09.56<\/p>\n<p><strong>Kobiety (16 \u2013 29 lat)<\/strong><\/p>\n<p>I miejsce \u2013 Zuzanna Sk\u0142adanek (Ostr\u00f3w Biega), 00:29:41.56<\/p>\n<p>II miejsce \u2013 Agata Nowacka (Ostr\u00f3w Biega), 00:33:12.04<\/p>\n<p><strong>Kobiety (30 \u2013 49<\/strong><strong> lat)<\/strong><\/p>\n<p>I miejsce \u2013 Beata Samsel (niezrzeszona), 00:30:20.04<\/p>\n<p>II miejsce \u2013 Ma\u0142gorzata Masiuk-Plona (niezrzeszona), 00:31:09.56<\/p>\n<p>III miejsce \u2013 Joanna Jaworska, Pareomaraton, 00:37:37.58<\/p>\n<p><strong>Kobiety (50<\/strong><strong>+)<\/strong><\/p>\n<p>I miejsce \u2013 Zoja Krzy\u017canowska (Vege Runners), 00:41:29.58<\/p>\n<p><strong>BIEG &#8211; <\/strong><strong>M\u0119\u017cczy\u017ani OPEN<\/strong><\/p>\n<p>I miejsce \u2013 Wojciech Skory (Kr\u00f3lewski Klub Biegacza), 00:21:16.91<\/p>\n<p>II miejsce \u2013 Kamil Skorupa (UKS Filipides Teresin), 00:22:11.07<\/p>\n<p>III miejsce \u2013 Mariusz My\u015bliwiec (niezrzeszony), 00:22:12.85<\/p>\n<p><strong>M\u0119\u017cczy\u017ani (16 \u2013 29 lat)<\/strong><\/p>\n<p>I miejsce \u2013 Kamil Skorupa (UKS Filipides Teresin), 00:22:11.07<\/p>\n<p>II miejsce \u2013 Tomasz Zych (12tri pl&#8221;), 00:22:47.05<\/p>\n<p>III miejsce \u2013 Maciej Szymanik (Wicher Sadowne), 00:22:55.87<\/p>\n<p><strong>M\u0119\u017cczy\u017ani (30 \u2013 49<\/strong><strong> lat)<\/strong><\/p>\n<p>I miejsce \u2013 Wojciech Skory (Kr\u00f3lewski Klub Biegacza), 00:21:16.91<\/p>\n<p>II miejsce \u2013 Mariusz My\u015bliwiec (niezrzeszony), 00:22:12.85<\/p>\n<p>III miejsce \u2013 Tomasz Ga\u0142\u0105zka (niezrzeszony), 00:22:29.54<\/p>\n<p><strong>M\u0119\u017cczy\u017ani (50<\/strong><strong>+)<\/strong><\/p>\n<p>I miejsce \u2013 Henryk Sk\u0142odowski (Roch Jasienica), 00:25:41.11<\/p>\n<p>II miejsce \u2013 Krzysztof D\u0105browski (Radzymin Run Team), 00:25:51.82<\/p>\n<p>III miejsce \u2013 Robert Ruci\u0144ski (niezrzeszony), 00:26:48.98<\/p>\n<p><strong>Kobiety \u2013 Nordic Walking <\/strong><\/p>\n<p>I miejsce \u2013 Sylwia Rejmentowska (Pasja Nordic Walking), 00:42:20.33<\/p>\n<p>II miejsce \u2013 Aleksandra Musiatowicz (Pasja Nordic Walking), 00:43:20.87<\/p>\n<p>III miejsce \u2013 Dorota D\u0119bkowska (niezrzeszona), 00:46:27.19<\/p>\n<p><strong>M\u0119\u017cczy\u017ani \u2013 Nordic Walking <\/strong><\/p>\n<p>I miejsce \u2013 Jacek G\u00f3rski (NW CZLAPSKI TEAM), 00:42:14.97<\/p>\n<p>II miejsce \u2013 S\u0142awomir Wasilewski (PASJA Nordic Walking), 00:42:26.42<\/p>\n<p>III miejsce \u2013 Maciej Wajda (D\u0119bina Ostr\u00f3wek), 00:43:00.73<\/p>\n<p>Szczeg\u00f3\u0142owe wyniki na stronie\u00a0<span style=\"color: #0000ff;\"><strong><a style=\"color: #0000ff;\" href=\"http:\/\/nadbuzanskaszostka19.chiptiming.pl\/?#list\" target=\"_blank\" rel=\"noopener noreferrer\">http:\/\/nadbuzanskaszostka19.chiptiming.pl\/?#list<\/a><\/strong><\/span>.<\/p>\n<p><strong>Puchary zwyci\u0119zcom Biegu w poszczeg\u00f3lnych kategoriach wr\u0119czali przedstawiciele Organizator\u00f3w:<\/strong> p. Ewa Pi\u00f3rkowska \u2013 Dyrektor Gminnego O\u015brodka Kultury w Sadownem, p. Emil Filipiak \u2013 Prezes Klubu Sportowego \u201eWicher\u201d Sadowne i p. Sebastian Kowalczyk \u2013 Wiceprezes Klubu Sportowego \u201eWicher\u201d Sadowne.<\/p>\n<p>Po Biegu rozlosowano r\u00f3wnie\u017c w\u015br\u00f3d jego uczestnik\u00f3w drobne upominki, kt\u00f3re zasponsorowali Organizatorzy, a tak\u017ce biegacze mogli zregenerowa\u0107 si\u0142y serwowanymi potrawami z grilla.<\/p>\n<p>W imieniu Organizator\u00f3w zapraszamy ju\u017c teraz na przysz\u0142oroczny VI Bieg pn. \u201eNadbu\u017ca\u0144ska Sz\u00f3stka\u201d, kt\u00f3ry odb\u0119dzie si\u0119 pod koniec sierpnia 2020 roku. Organizatorzy dzi\u0119kuj\u0105 r\u00f3wnie\u017c druhom OSP Wilczog\u0119by za pomoc w organizacji i zabezpieczeniu tej imprezy sportowej.<\/p>\n<p><span style=\"color: #0000ff;\"><a style=\"color: #0000ff;\" href=\"https:\/\/photos.app.goo.gl\/XVMxR37Qrh6cz4Ab7\" target=\"_blank\" rel=\"noopener noreferrer\"><strong>Zdj\u0119cia w Galerii Google&gt;&gt;&gt;<\/strong><\/a><\/span><\/p>\n<p><strong>Tekst\/foto:\u00a0S\u0142awek Chyli\u0144ski<\/strong><\/p>\n","protected":false},"excerpt":{"rendered":"<p>25 sierpnia w Wilczog\u0119bach odby\u0142a si\u0119 \u201eNadbu\u017ca\u0144ska Sz\u00f3stka. Na tras\u0119 wyruszy\u0142o 71. zawodnik\u00f3w.<\/p>\n","protected":false},"author":1,"featured_media":0,"comment_status":"closed","ping_status":"closed","sticky":false,"template":"","format":"standard","meta":{"footnotes":""},"categories":[5,91,6,3627,7],"tags":[169,1161,3192],"class_list":["post-20990","post","type-post","status-publish","format-standard","hentry","category-newsy","category-gminny-osrodek-kultury","category-kultura-rozrywka-edukacja","category-nordic-walking","category-sport","tag-gminny-osrodek-kultury-w-sadownem","tag-klub-sportowy-wicher-sadowne","tag-v-nadbuzanska-szostka-w-wilczogebach"],"views":2628,"_links":{"self":[{"href":"https:\/\/info.sadowne.pl\/index.php?rest_route=\/wp\/v2\/posts\/20990","targetHints":{"allow":["GET"]}}],"collection":[{"href":"https:\/\/info.sadowne.pl\/index.php?rest_route=\/wp\/v2\/posts"}],"about":[{"href":"https:\/\/info.sadowne.pl\/index.php?rest_route=\/wp\/v2\/types\/post"}],"author":[{"embeddable":true,"href":"https:\/\/info.sadowne.pl\/index.php?rest_route=\/wp\/v2\/users\/1"}],"replies":[{"embeddable":true,"href":"https:\/\/info.sadowne.pl\/index.php?rest_route=%2Fwp%2Fv2%2Fcomments&post=20990"}],"version-history":[{"count":3,"href":"https:\/\/info.sadowne.pl\/index.php?rest_route=\/wp\/v2\/posts\/20990\/revisions"}],"predecessor-version":[{"id":20999,"href":"https:\/\/info.sadowne.pl\/index.php?rest_route=\/wp\/v2\/posts\/20990\/revisions\/20999"}],"wp:attachment":[{"href":"https:\/\/info.sadowne.pl\/index.php?rest_route=%2Fwp%2Fv2%2Fmedia&parent=20990"}],"wp:term":[{"taxonomy":"category","embeddable":true,"href":"https:\/\/info.sadowne.pl\/index.php?rest_route=%2Fwp%2Fv2%2Fcategories&post=20990"},{"taxonomy":"post_tag","embeddable":true,"href":"https:\/\/info.sadowne.pl\/index.php?rest_route=%2Fwp%2Fv2%2Ftags&post=20990"}],"curies":[{"name":"wp","href":"https:\/\/api.w.org\/{rel}","templated":true}]}}