{"id":20993,"date":"2019-08-25T17:20:37","date_gmt":"2019-08-25T15:20:37","guid":{"rendered":"http:\/\/info.sadowne.pl\/?p=20993"},"modified":"2019-08-25T18:10:23","modified_gmt":"2019-08-25T16:10:23","slug":"gospodynie-w-liwie","status":"publish","type":"post","link":"https:\/\/info.sadowne.pl\/?p=20993","title":{"rendered":"Gospodynie w Liwie"},"content":{"rendered":"<p><strong><a href=\"http:\/\/info.sadowne.pl\/wp-content\/uploads\/2019\/08\/2019.08.25.5.jpg\" target=\"_blank\" rel=\"noopener noreferrer\"><img loading=\"lazy\" decoding=\"async\" class=\"alignleft wp-image-20994 size-thumbnail\" src=\"http:\/\/info.sadowne.pl\/wp-content\/uploads\/2019\/08\/2019.08.25.5-180x130.jpg\" alt=\"\" width=\"180\" height=\"130\" \/><\/a>25 sierpnia na Zamku w Liwie go\u015bci\u0142y Ko\u0142a Gospody\u0144 Wiejskich z powiatu w\u0119growskiego. W Pikniku wzi\u0119\u0142y r\u00f3wnie\u017c udzia\u0142 gospodynie z gminy Sadowne.<\/strong><!--more--><\/p>\n<p>W niedzielne popo\u0142udnie 25 sierpnia na Zamku w Liwie odby\u0142 si\u0119 I Piknik K\u00f3\u0142 Gospody\u0144 Wiejskich Powiatu W\u0119growskiego. Szeroko zaprezentowano tam kuchni\u0119 regionaln\u0105 i r\u0119kodzie\u0142o artystyczne, a gospodynie mog\u0142y wzi\u0105\u0107 udzia\u0142 w konkursie na najsmaczniejsze pierogi \u2013 co\u015b na wz\u00f3r konkursu w Miedznie podczas \u015awi\u0119ta Pierog\u00f3w (W tym roku imprez\u0119 pierogow\u0105 prawdopodobnie przeniesiono w\u0142a\u015bnie pod Zamek w Liwie. Szkoda, bo impreza by\u0142a przednia, a na jej braku traci g\u0142\u00f3wnie Miedzna). Uczestnicy Pikniku w Liwie mogli obejrze\u0107 te\u017c wyst\u0119py artystyczne zespo\u0142\u00f3w ludowych, a tak\u017ce skorzysta\u0107 z oferty licznych namiot\u00f3w tematycznych.<\/p>\n<p>W imprezie wzi\u0119\u0142y udzia\u0142 Panie z Gminy Sadowne, reprezentuj\u0105ce Ko\u0142a Gospody\u0144 Wiejskich z Krupi\u0144skiego, Sojk\u00f3wka oraz Zarzetki i prezentuj\u0105ce nasze lokalne smako\u0142yki. Swoje metalowe cude\u0144ska zaprezentowa\u0142 r\u00f3wnie\u017c p. Edward Danaj \u2013 kowal artystyczny z Krupi\u0144skiego.<\/p>\n<p>Tak prawd\u0119 m\u00f3wi\u0105c, to Gmina Sadowne jest te\u017c w stanie samodzielnie zorganizowa\u0107 tak\u0105 imprez\u0119 i zaprezentowa\u0107 nasze potrawy kulinarne czy osi\u0105gni\u0119cia. Potrzebna jest tylko nazwa, temat przewodni promuj\u0105cy Gmin\u0119, termin, sponsorzy i\u2026 ch\u0119ci, a sukces (jak zawsze w sadowie\u0144skim wykonaniu) jest do osi\u0105gni\u0119cia. Pomy\u015blmy\u2026<\/p>\n<p><strong><span style=\"color: #0000ff;\"><a style=\"color: #0000ff;\" href=\"https:\/\/photos.app.goo.gl\/uKZwJTdv6f6j3VGZ6\" target=\"_blank\" rel=\"noopener noreferrer\">Zdj\u0119cia w galerii Google&gt;&gt;&gt;\u00a0<\/a>\u00a0\u00a0<\/span>\u00a0\u00a0\u00a0\u00a0\u00a0\u00a0\u00a0\u00a0\u00a0\u00a0\u00a0\u00a0\u00a0\u00a0\u00a0\u00a0\u00a0\u00a0\u00a0\u00a0\u00a0\u00a0 <\/strong><\/p>\n<p><strong>Tekst\/foto: <\/strong>S\u0142awek Chyli\u0144ski<\/p>\n<p>&nbsp;<\/p>\n","protected":false},"excerpt":{"rendered":"<p>25 sierpnia na Zamku w Liwie go\u015bci\u0142y Ko\u0142a Gospody\u0144 Wiejskich z powiatu w\u0119growskiego. W Pikniku wzi\u0119\u0142y r\u00f3wnie\u017c udzia\u0142 gospodynie z gminy Sadowne.<\/p>\n","protected":false},"author":1,"featured_media":0,"comment_status":"closed","ping_status":"closed","sticky":false,"template":"","format":"standard","meta":{"footnotes":""},"categories":[5,1,2495],"tags":[3193,3194],"class_list":["post-20993","post","type-post","status-publish","format-standard","hentry","category-newsy","category-inne","category-nasi-sasiedzi","tag-i-piknik-kol-gospodyn-wiejskich-na-zamku-w-liwie","tag-kola-gospodyn-wiejskich"],"views":2895,"_links":{"self":[{"href":"https:\/\/info.sadowne.pl\/index.php?rest_route=\/wp\/v2\/posts\/20993","targetHints":{"allow":["GET"]}}],"collection":[{"href":"https:\/\/info.sadowne.pl\/index.php?rest_route=\/wp\/v2\/posts"}],"about":[{"href":"https:\/\/info.sadowne.pl\/index.php?rest_route=\/wp\/v2\/types\/post"}],"author":[{"embeddable":true,"href":"https:\/\/info.sadowne.pl\/index.php?rest_route=\/wp\/v2\/users\/1"}],"replies":[{"embeddable":true,"href":"https:\/\/info.sadowne.pl\/index.php?rest_route=%2Fwp%2Fv2%2Fcomments&post=20993"}],"version-history":[{"count":4,"href":"https:\/\/info.sadowne.pl\/index.php?rest_route=\/wp\/v2\/posts\/20993\/revisions"}],"predecessor-version":[{"id":21000,"href":"https:\/\/info.sadowne.pl\/index.php?rest_route=\/wp\/v2\/posts\/20993\/revisions\/21000"}],"wp:attachment":[{"href":"https:\/\/info.sadowne.pl\/index.php?rest_route=%2Fwp%2Fv2%2Fmedia&parent=20993"}],"wp:term":[{"taxonomy":"category","embeddable":true,"href":"https:\/\/info.sadowne.pl\/index.php?rest_route=%2Fwp%2Fv2%2Fcategories&post=20993"},{"taxonomy":"post_tag","embeddable":true,"href":"https:\/\/info.sadowne.pl\/index.php?rest_route=%2Fwp%2Fv2%2Ftags&post=20993"}],"curies":[{"name":"wp","href":"https:\/\/api.w.org\/{rel}","templated":true}]}}