{"id":21010,"date":"2019-08-28T19:08:25","date_gmt":"2019-08-28T17:08:25","guid":{"rendered":"http:\/\/info.sadowne.pl\/?p=21010"},"modified":"2019-08-28T19:08:25","modified_gmt":"2019-08-28T17:08:25","slug":"starostwo-dla-seniorow","status":"publish","type":"post","link":"https:\/\/info.sadowne.pl\/?p=21010","title":{"rendered":"Starostwo dla Senior\u00f3w"},"content":{"rendered":"<p><strong><a href=\"http:\/\/info.sadowne.pl\/wp-content\/uploads\/2019\/08\/2019.08.28.1.jpg\" target=\"_blank\" rel=\"noopener noreferrer\"><img loading=\"lazy\" decoding=\"async\" class=\"alignleft wp-image-21011 size-thumbnail\" src=\"http:\/\/info.sadowne.pl\/wp-content\/uploads\/2019\/08\/2019.08.28.1-180x130.jpg\" alt=\"\" width=\"180\" height=\"130\" \/><\/a>28 sierpnia cz\u0142onkowie Stowarzyszenia \u201eSadowie\u0144ski Klub Seniora\u201d uczestniczyli w Powiatowym Dniu Seniora.<\/strong><!--more--><\/p>\n<p><a href=\"http:\/\/info.sadowne.pl\/wp-content\/uploads\/2019\/08\/2019.08.28.2.jpg\" target=\"_blank\" rel=\"noopener noreferrer\"><img loading=\"lazy\" decoding=\"async\" class=\"alignright wp-image-21012 size-medium\" src=\"http:\/\/info.sadowne.pl\/wp-content\/uploads\/2019\/08\/2019.08.28.2-300x235.jpg\" alt=\"\" width=\"300\" height=\"235\" srcset=\"https:\/\/info.sadowne.pl\/wp-content\/uploads\/2019\/08\/2019.08.28.2-300x235.jpg 300w, https:\/\/info.sadowne.pl\/wp-content\/uploads\/2019\/08\/2019.08.28.2-768x603.jpg 768w, https:\/\/info.sadowne.pl\/wp-content\/uploads\/2019\/08\/2019.08.28.2.jpg 799w\" sizes=\"auto, (max-width: 300px) 100vw, 300px\" \/><\/a>Senior\u00f3w z Powiatu W\u0119growskiego do wsp\u00f3lnego biesiadowania zaprosi\u0142a Starosta W\u0119growski p. Ewa Besztak. W w\u0119growskiej Sali \u201eBiesiadnik\u201d, opr\u00f3cz oficjalnej cz\u0119\u015bci, czeka\u0142y te\u017c na nich wyst\u0119py artystyczne, w tym Zespo\u0142u \u201eBayer Full\u201d i oczywi\u015bcie\u2026 wsp\u00f3lna biesiada. Impreza odby\u0142a si\u0119 pod patronatem i z udzia\u0142em Wicemarsza\u0142ek Senatu RP p. Marii Koc.<\/p>\n<p><strong>Tekst\/foto: <\/strong>Gra\u017cyna K\u0105dziela<\/p>\n","protected":false},"excerpt":{"rendered":"<p>28 sierpnia cz\u0142onkowie Stowarzyszenia \u201eSadowie\u0144ski Klub Seniora\u201d uczestniczyli w Powiatowym Dniu Seniora.<\/p>\n","protected":false},"author":1,"featured_media":0,"comment_status":"closed","ping_status":"closed","sticky":false,"template":"","format":"standard","meta":{"footnotes":""},"categories":[5,91,6],"tags":[2639,2494],"class_list":["post-21010","post","type-post","status-publish","format-standard","hentry","category-newsy","category-gminny-osrodek-kultury","category-kultura-rozrywka-edukacja","tag-powiatowy-dzien-seniora-w-wegrowie","tag-stowarzyszenie-sadowienski-klub-seniora"],"views":2998,"_links":{"self":[{"href":"https:\/\/info.sadowne.pl\/index.php?rest_route=\/wp\/v2\/posts\/21010","targetHints":{"allow":["GET"]}}],"collection":[{"href":"https:\/\/info.sadowne.pl\/index.php?rest_route=\/wp\/v2\/posts"}],"about":[{"href":"https:\/\/info.sadowne.pl\/index.php?rest_route=\/wp\/v2\/types\/post"}],"author":[{"embeddable":true,"href":"https:\/\/info.sadowne.pl\/index.php?rest_route=\/wp\/v2\/users\/1"}],"replies":[{"embeddable":true,"href":"https:\/\/info.sadowne.pl\/index.php?rest_route=%2Fwp%2Fv2%2Fcomments&post=21010"}],"version-history":[{"count":1,"href":"https:\/\/info.sadowne.pl\/index.php?rest_route=\/wp\/v2\/posts\/21010\/revisions"}],"predecessor-version":[{"id":21013,"href":"https:\/\/info.sadowne.pl\/index.php?rest_route=\/wp\/v2\/posts\/21010\/revisions\/21013"}],"wp:attachment":[{"href":"https:\/\/info.sadowne.pl\/index.php?rest_route=%2Fwp%2Fv2%2Fmedia&parent=21010"}],"wp:term":[{"taxonomy":"category","embeddable":true,"href":"https:\/\/info.sadowne.pl\/index.php?rest_route=%2Fwp%2Fv2%2Fcategories&post=21010"},{"taxonomy":"post_tag","embeddable":true,"href":"https:\/\/info.sadowne.pl\/index.php?rest_route=%2Fwp%2Fv2%2Ftags&post=21010"}],"curies":[{"name":"wp","href":"https:\/\/api.w.org\/{rel}","templated":true}]}}