{"id":21042,"date":"2019-09-01T20:00:17","date_gmt":"2019-09-01T18:00:17","guid":{"rendered":"http:\/\/info.sadowne.pl\/?p=21042"},"modified":"2019-09-01T20:00:17","modified_gmt":"2019-09-01T18:00:17","slug":"zakonczenie-wakacji-2019-w-wilczogebach","status":"publish","type":"post","link":"https:\/\/info.sadowne.pl\/?p=21042","title":{"rendered":"Zako\u0144czenie wakacji 2019 w Wilczog\u0119bach"},"content":{"rendered":"<p><strong><a href=\"http:\/\/info.sadowne.pl\/wp-content\/uploads\/2019\/09\/2019.08.31.1.jpg\" target=\"_blank\" rel=\"noopener noreferrer\"><img loading=\"lazy\" decoding=\"async\" class=\"alignleft wp-image-21043 size-thumbnail\" src=\"http:\/\/info.sadowne.pl\/wp-content\/uploads\/2019\/09\/2019.08.31.1-180x130.jpg\" alt=\"\" width=\"180\" height=\"130\" \/><\/a>I sko\u0144czy\u0142y si\u0119 tegoroczne wakacje, pe\u0142ne s\u0142o\u0144ca i rado\u015bci z wypoczynku dla dzieci. <\/strong><!--more--><\/p>\n<p>Jutro, 2 wrze\u015bnia dzieciaki rozpoczn\u0105 nowy rok szkolny i z wyt\u0119sknieniem b\u0119d\u0105 oczekiwa\u0107 na kolejny, przysz\u0142oroczny czas swobody i relaksu.<\/p>\n<p>W zwi\u0105zku z zako\u0144czeniem wakacji 2019, 31 sierpnia br. So\u0142ectwo i OSP Wilczog\u0119by zorganizowa\u0142o dla dzieci ze wsi piknik na terenie tutejszej remizy stra\u017cackiej. Po wcze\u015bniejszej, udanej imprezie z okazji Dnia Dziecka, najm\u0142odsi mieszka\u0144cy wsi nie mogli si\u0119 doczeka\u0107 kolejnej okazji do wsp\u00f3lnej zabawy. Zjawi\u0142o si\u0119 ponad 20 dziewcz\u0105t i ch\u0142opc\u00f3w w towarzystwie rodzic\u00f3w.<\/p>\n<p>Program imprezy obejmowa\u0142 rajd rowerowy, wsp\u00f3lny prysznic po przeja\u017cd\u017cce, rywalizacj\u0119 mi\u0119dzy dziewcz\u0119tami i ch\u0142opcami w kilku konkurencjach, \u0142apanie baniek mydlanych. Dla zg\u0142odnia\u0142ych i spragnionych uczestnik\u00f3w pikniku rozpalone zosta\u0142o ognisko, na kt\u00f3rym pieczono kie\u0142baski, a potem w popiele kartofle, du\u017co napoj\u00f3w, s\u0142odycze i owoce.<\/p>\n<p><img loading=\"lazy\" decoding=\"async\" class=\"aligncenter size-full wp-image-21044\" src=\"http:\/\/info.sadowne.pl\/wp-content\/uploads\/2019\/09\/2019.08.31.2.jpg\" alt=\"\" width=\"603\" height=\"403\" srcset=\"https:\/\/info.sadowne.pl\/wp-content\/uploads\/2019\/09\/2019.08.31.2.jpg 603w, https:\/\/info.sadowne.pl\/wp-content\/uploads\/2019\/09\/2019.08.31.2-300x200.jpg 300w\" sizes=\"auto, (max-width: 603px) 100vw, 603px\" \/><\/p>\n<p>Wsp\u00f3ln\u0105 zabaw\u0119 rodzic\u00f3w i dzieci rozpocz\u0119\u0142a przeja\u017cd\u017cka na rowerach tras\u0105 biegu \u201eNadbu\u017ca\u0144ska Sz\u00f3stka\u201d. W sumie pokonany zosta\u0142 nawet d\u0142u\u017cszy dystans, bo start by\u0142 pod remiz\u0105.<\/p>\n<p>Po przejechaniu odcinka po asfalcie i skr\u0119ceniu w piaszczyst\u0105 drog\u0119 w kierunku wa\u0142u peleton rozci\u0105gn\u0105\u0142 si\u0119 na d\u0142ugim odcinku.<\/p>\n<p><img loading=\"lazy\" decoding=\"async\" class=\"aligncenter size-full wp-image-21045\" src=\"http:\/\/info.sadowne.pl\/wp-content\/uploads\/2019\/09\/2019.08.31.3.jpg\" alt=\"\" width=\"603\" height=\"403\" srcset=\"https:\/\/info.sadowne.pl\/wp-content\/uploads\/2019\/09\/2019.08.31.3.jpg 603w, https:\/\/info.sadowne.pl\/wp-content\/uploads\/2019\/09\/2019.08.31.3-300x200.jpg 300w\" sizes=\"auto, (max-width: 603px) 100vw, 603px\" \/><\/p>\n<p>Po dotarciu do wa\u0142u czo\u0142\u00f3wka zatrzyma\u0142a si\u0119 i zdecydowa\u0142a, \u017ceby jeszcze wyd\u0142u\u017cy\u0107 tras\u0119 i przejecha\u0107 drog\u0105 za wa\u0142em wzd\u0142u\u017c Bugu.<\/p>\n<p><img loading=\"lazy\" decoding=\"async\" class=\"aligncenter size-full wp-image-21046\" src=\"http:\/\/info.sadowne.pl\/wp-content\/uploads\/2019\/09\/2019.08.31.4.jpg\" alt=\"\" width=\"603\" height=\"403\" srcset=\"https:\/\/info.sadowne.pl\/wp-content\/uploads\/2019\/09\/2019.08.31.4.jpg 603w, https:\/\/info.sadowne.pl\/wp-content\/uploads\/2019\/09\/2019.08.31.4-300x200.jpg 300w\" sizes=\"auto, (max-width: 603px) 100vw, 603px\" \/><\/p>\n<p>Znowu grupa rozci\u0105gn\u0119\u0142a si\u0119 na kilkaset metr\u00f3w. Pierwsi do remizy dojechali Kuba, Filip i Sebastian.<\/p>\n<p><img loading=\"lazy\" decoding=\"async\" class=\"aligncenter wp-image-21047 size-full\" src=\"http:\/\/info.sadowne.pl\/wp-content\/uploads\/2019\/09\/2019.08.31.5-e1567360381734.jpg\" alt=\"\" width=\"403\" height=\"603\" srcset=\"https:\/\/info.sadowne.pl\/wp-content\/uploads\/2019\/09\/2019.08.31.5-e1567360381734.jpg 403w, https:\/\/info.sadowne.pl\/wp-content\/uploads\/2019\/09\/2019.08.31.5-e1567360381734-200x300.jpg 200w\" sizes=\"auto, (max-width: 403px) 100vw, 403px\" \/><\/p>\n<p>Po nich kolejno przyje\u017cd\u017cali do remizy nast\u0119pni rowerzy\u015bci i rowerzystki.<\/p>\n<p><img loading=\"lazy\" decoding=\"async\" class=\"aligncenter size-full wp-image-21048\" src=\"http:\/\/info.sadowne.pl\/wp-content\/uploads\/2019\/09\/2019.08.31.6.jpg\" alt=\"\" width=\"603\" height=\"403\" srcset=\"https:\/\/info.sadowne.pl\/wp-content\/uploads\/2019\/09\/2019.08.31.6.jpg 603w, https:\/\/info.sadowne.pl\/wp-content\/uploads\/2019\/09\/2019.08.31.6-300x200.jpg 300w\" sizes=\"auto, (max-width: 603px) 100vw, 603px\" \/><\/p>\n<p>Niekt\u00f3rym towarzyszyli doro\u015bli, kt\u00f3rzy sprawowali opiek\u0119 nad bezpiecze\u0144stwem wyprawy.<\/p>\n<p><img loading=\"lazy\" decoding=\"async\" class=\"aligncenter size-full wp-image-21049\" src=\"http:\/\/info.sadowne.pl\/wp-content\/uploads\/2019\/09\/2019.08.31.7.jpg\" alt=\"\" width=\"603\" height=\"403\" srcset=\"https:\/\/info.sadowne.pl\/wp-content\/uploads\/2019\/09\/2019.08.31.7.jpg 603w, https:\/\/info.sadowne.pl\/wp-content\/uploads\/2019\/09\/2019.08.31.7-300x200.jpg 300w\" sizes=\"auto, (max-width: 603px) 100vw, 603px\" \/><\/p>\n<p>Przyjazd mam &#8211; Ma\u0142gosi i Doroty z Ig\u0105, kt\u00f3re jecha\u0142y na ko\u0144cu peletonu oznacza\u0142, \u017ce wszystkie dzieci ca\u0142e i zdrowe dotar\u0142y do mety w remizie.<\/p>\n<p><img loading=\"lazy\" decoding=\"async\" class=\"aligncenter size-full wp-image-21050\" src=\"http:\/\/info.sadowne.pl\/wp-content\/uploads\/2019\/09\/2019.08.31.8.jpg\" alt=\"\" width=\"603\" height=\"403\" srcset=\"https:\/\/info.sadowne.pl\/wp-content\/uploads\/2019\/09\/2019.08.31.8.jpg 603w, https:\/\/info.sadowne.pl\/wp-content\/uploads\/2019\/09\/2019.08.31.8-300x200.jpg 300w\" sizes=\"auto, (max-width: 603px) 100vw, 603px\" \/><\/p>\n<p>Nadszed\u0142 czas na posi\u0142ek, ale najpierw trzeba by\u0142o nanosi\u0107 drewna, \u017ceby rozpali\u0107 ognisko, na kt\u00f3rym mo\u017cna upiec kie\u0142baski.<\/p>\n<p><img loading=\"lazy\" decoding=\"async\" class=\"aligncenter size-full wp-image-21051\" src=\"http:\/\/info.sadowne.pl\/wp-content\/uploads\/2019\/09\/2019.08.31.9.jpg\" alt=\"\" width=\"603\" height=\"403\" srcset=\"https:\/\/info.sadowne.pl\/wp-content\/uploads\/2019\/09\/2019.08.31.9.jpg 603w, https:\/\/info.sadowne.pl\/wp-content\/uploads\/2019\/09\/2019.08.31.9-300x200.jpg 300w\" sizes=\"auto, (max-width: 603px) 100vw, 603px\" \/><\/p>\n<p>Jednocze\u015bnie uczestnicy wyprawy rowerowej korzystali z prysznica, rozstawionego na trawie. Ka\u017cdy chcia\u0142 si\u0119 och\u0142odzi\u0107, a najlepiej przy okazji obla\u0107 kole\u017cank\u0119 lub koleg\u0119.<\/p>\n<p><img loading=\"lazy\" decoding=\"async\" class=\"aligncenter size-full wp-image-21052\" src=\"http:\/\/info.sadowne.pl\/wp-content\/uploads\/2019\/09\/2019.08.31.10.jpg\" alt=\"\" width=\"603\" height=\"403\" srcset=\"https:\/\/info.sadowne.pl\/wp-content\/uploads\/2019\/09\/2019.08.31.10.jpg 603w, https:\/\/info.sadowne.pl\/wp-content\/uploads\/2019\/09\/2019.08.31.10-300x200.jpg 300w\" sizes=\"auto, (max-width: 603px) 100vw, 603px\" \/><\/p>\n<p>Grzej\u0105ce s\u0142o\u0144ce powodowa\u0142o, \u017ce nikomu nie przeszkadza\u0142y mokre w\u0142osy i ubrania, a zimny prysznic tylko wzm\u00f3g\u0142 apetyt.<\/p>\n<p><img loading=\"lazy\" decoding=\"async\" class=\"aligncenter size-full wp-image-21053\" src=\"http:\/\/info.sadowne.pl\/wp-content\/uploads\/2019\/09\/2019.08.31.11.jpg\" alt=\"\" width=\"603\" height=\"403\" srcset=\"https:\/\/info.sadowne.pl\/wp-content\/uploads\/2019\/09\/2019.08.31.11.jpg 603w, https:\/\/info.sadowne.pl\/wp-content\/uploads\/2019\/09\/2019.08.31.11-300x200.jpg 300w\" sizes=\"auto, (max-width: 603px) 100vw, 603px\" \/><\/p>\n<p>Trzeba by\u0142o sobie tylko samemu upiec kie\u0142bask\u0119.<\/p>\n<p><img loading=\"lazy\" decoding=\"async\" class=\"aligncenter size-full wp-image-21054\" src=\"http:\/\/info.sadowne.pl\/wp-content\/uploads\/2019\/09\/2019.08.31.12.jpg\" alt=\"\" width=\"603\" height=\"403\" srcset=\"https:\/\/info.sadowne.pl\/wp-content\/uploads\/2019\/09\/2019.08.31.12.jpg 603w, https:\/\/info.sadowne.pl\/wp-content\/uploads\/2019\/09\/2019.08.31.12-300x200.jpg 300w\" sizes=\"auto, (max-width: 603px) 100vw, 603px\" \/><\/p>\n<p>Pokrzepione posi\u0142kiem dziewcz\u0119ta i ch\u0142opcy mogli spr\u00f3bowa\u0107 swoich si\u0142 w kilku konkurencjach.<\/p>\n<p><img loading=\"lazy\" decoding=\"async\" class=\"aligncenter size-full wp-image-21055\" src=\"http:\/\/info.sadowne.pl\/wp-content\/uploads\/2019\/09\/2019.08.31.13.jpg\" alt=\"\" width=\"603\" height=\"403\" srcset=\"https:\/\/info.sadowne.pl\/wp-content\/uploads\/2019\/09\/2019.08.31.13.jpg 603w, https:\/\/info.sadowne.pl\/wp-content\/uploads\/2019\/09\/2019.08.31.13-300x200.jpg 300w\" sizes=\"auto, (max-width: 603px) 100vw, 603px\" \/><\/p>\n<p>Na pierwszy plan posz\u0142o przeci\u0105ganie liny, gdzie ch\u0142opaki mogli wykaza\u0107 swoj\u0105 przewag\u0119 nad dziewcz\u0119tami.<\/p>\n<p><img loading=\"lazy\" decoding=\"async\" class=\"aligncenter size-full wp-image-21056\" src=\"http:\/\/info.sadowne.pl\/wp-content\/uploads\/2019\/09\/2019.08.31.14.jpg\" alt=\"\" width=\"603\" height=\"403\" srcset=\"https:\/\/info.sadowne.pl\/wp-content\/uploads\/2019\/09\/2019.08.31.14.jpg 603w, https:\/\/info.sadowne.pl\/wp-content\/uploads\/2019\/09\/2019.08.31.14-300x200.jpg 300w\" sizes=\"auto, (max-width: 603px) 100vw, 603px\" \/><\/p>\n<p>Po biegu w workach by\u0142 remis.<\/p>\n<p><img loading=\"lazy\" decoding=\"async\" class=\"aligncenter size-full wp-image-21057\" src=\"http:\/\/info.sadowne.pl\/wp-content\/uploads\/2019\/09\/2019.08.31.15.jpg\" alt=\"\" width=\"603\" height=\"403\" srcset=\"https:\/\/info.sadowne.pl\/wp-content\/uploads\/2019\/09\/2019.08.31.15.jpg 603w, https:\/\/info.sadowne.pl\/wp-content\/uploads\/2019\/09\/2019.08.31.15-300x200.jpg 300w\" sizes=\"auto, (max-width: 603px) 100vw, 603px\" \/><\/p>\n<p>Dziewcz\u0119ta nie da\u0142y ch\u0142opakom \u017cadnych szans.<\/p>\n<p><img loading=\"lazy\" decoding=\"async\" class=\"aligncenter size-full wp-image-21058\" src=\"http:\/\/info.sadowne.pl\/wp-content\/uploads\/2019\/09\/2019.08.31.16.jpg\" alt=\"\" width=\"603\" height=\"403\" srcset=\"https:\/\/info.sadowne.pl\/wp-content\/uploads\/2019\/09\/2019.08.31.16.jpg 603w, https:\/\/info.sadowne.pl\/wp-content\/uploads\/2019\/09\/2019.08.31.16-300x200.jpg 300w\" sizes=\"auto, (max-width: 603px) 100vw, 603px\" \/><\/p>\n<p>Mia\u0142y by\u0107 jeszcze wy\u015bcigi taczek, ale ch\u0142opcy oddali t\u0119 konkurencj\u0119 walkowerem, \u017ceby odku\u0107 si\u0119 w meczu pi\u0142ki no\u017cnej.<\/p>\n<p><img loading=\"lazy\" decoding=\"async\" class=\"aligncenter size-full wp-image-21059\" src=\"http:\/\/info.sadowne.pl\/wp-content\/uploads\/2019\/09\/2019.08.31.17.jpg\" alt=\"\" width=\"603\" height=\"403\" srcset=\"https:\/\/info.sadowne.pl\/wp-content\/uploads\/2019\/09\/2019.08.31.17.jpg 603w, https:\/\/info.sadowne.pl\/wp-content\/uploads\/2019\/09\/2019.08.31.17-300x200.jpg 300w\" sizes=\"auto, (max-width: 603px) 100vw, 603px\" \/><\/p>\n<p>I rzeczywi\u015bcie, szybko zdobyli przewag\u0119 bramkow\u0105, ale trudno potraktowa\u0107 to jako sukces, bior\u0105c pod uwag\u0119, \u017ce po zrezygnowaniu z gry przez par\u0119 dziewcz\u0105t, na boisku by\u0142o wi\u0119cej ch\u0142opc\u00f3w.<\/p>\n<p><img loading=\"lazy\" decoding=\"async\" class=\"aligncenter size-full wp-image-21060\" src=\"http:\/\/info.sadowne.pl\/wp-content\/uploads\/2019\/09\/2019.08.31.18.jpg\" alt=\"\" width=\"603\" height=\"403\" srcset=\"https:\/\/info.sadowne.pl\/wp-content\/uploads\/2019\/09\/2019.08.31.18.jpg 603w, https:\/\/info.sadowne.pl\/wp-content\/uploads\/2019\/09\/2019.08.31.18-300x200.jpg 300w\" sizes=\"auto, (max-width: 603px) 100vw, 603px\" \/><\/p>\n<p>Wszystkich pogodzi\u0142a pogo\u0144 za ba\u0144kami mydlanymi, gdzie nie by\u0142o zwyci\u0119zc\u00f3w i pokonanych.<\/p>\n<p><img loading=\"lazy\" decoding=\"async\" class=\"aligncenter size-full wp-image-21061\" src=\"http:\/\/info.sadowne.pl\/wp-content\/uploads\/2019\/09\/2019.08.31.19.jpg\" alt=\"\" width=\"603\" height=\"403\" srcset=\"https:\/\/info.sadowne.pl\/wp-content\/uploads\/2019\/09\/2019.08.31.19.jpg 603w, https:\/\/info.sadowne.pl\/wp-content\/uploads\/2019\/09\/2019.08.31.19-300x200.jpg 300w\" sizes=\"auto, (max-width: 603px) 100vw, 603px\" \/><\/p>\n<p>Ka\u017cdy chcia\u0142 spr\u00f3bowa\u0107, jak si\u0119 robi takie du\u017ce ba\u0144ki.<\/p>\n<p><img loading=\"lazy\" decoding=\"async\" class=\"aligncenter size-full wp-image-21062\" src=\"http:\/\/info.sadowne.pl\/wp-content\/uploads\/2019\/09\/2019.08.31.20.jpg\" alt=\"\" width=\"603\" height=\"403\" srcset=\"https:\/\/info.sadowne.pl\/wp-content\/uploads\/2019\/09\/2019.08.31.20.jpg 603w, https:\/\/info.sadowne.pl\/wp-content\/uploads\/2019\/09\/2019.08.31.20-300x200.jpg 300w\" sizes=\"auto, (max-width: 603px) 100vw, 603px\" \/><\/p>\n<p>A potem znowu zasiedli\u015bmy przy ognisku, bo ziemniaki dosz\u0142y ju\u017c w \u017carze i roztacza\u0142y smakowity zapach.<\/p>\n<p><img loading=\"lazy\" decoding=\"async\" class=\"aligncenter size-full wp-image-21063\" src=\"http:\/\/info.sadowne.pl\/wp-content\/uploads\/2019\/09\/2019.08.31.21.jpg\" alt=\"\" width=\"603\" height=\"403\" srcset=\"https:\/\/info.sadowne.pl\/wp-content\/uploads\/2019\/09\/2019.08.31.21.jpg 603w, https:\/\/info.sadowne.pl\/wp-content\/uploads\/2019\/09\/2019.08.31.21-300x200.jpg 300w\" sizes=\"auto, (max-width: 603px) 100vw, 603px\" \/><\/p>\n<p>Tak du\u017co tego lata dzia\u0142o si\u0119 w naszej remizie w zwi\u0105zku ze stuleciem OSP Wilczog\u0119by, a stra\u017cacy nie zapominali jednak o swoich pociechach. Wielkie im za to podzi\u0119kowania\u2026<\/p>\n<p><strong>Tekst\/foto: <\/strong>Stanis\u0142aw Stebelski<\/p>\n","protected":false},"excerpt":{"rendered":"<p>I sko\u0144czy\u0142y si\u0119 tegoroczne wakacje, pe\u0142ne s\u0142o\u0144ca i rado\u015bci z wypoczynku dla dzieci.<\/p>\n","protected":false},"author":1,"featured_media":0,"comment_status":"closed","ping_status":"closed","sticky":false,"template":"","format":"standard","meta":{"footnotes":""},"categories":[5,2397,4,267],"tags":[3100,3095,3196,912],"class_list":["post-21042","post","type-post","status-publish","format-standard","hentry","category-newsy","category-osp-wilczogeby","category-policja-straz-pozarna-pogotowie-ratunkowe","category-straz-pozarna-policja-straz-pozarna-pogotowie-ratunkowe","tag-100-lecie-osp-wilczogeby","tag-osp-wilczogeby","tag-solectwo-wilczogeby","tag-wilczogeby"],"views":3341,"_links":{"self":[{"href":"https:\/\/info.sadowne.pl\/index.php?rest_route=\/wp\/v2\/posts\/21042","targetHints":{"allow":["GET"]}}],"collection":[{"href":"https:\/\/info.sadowne.pl\/index.php?rest_route=\/wp\/v2\/posts"}],"about":[{"href":"https:\/\/info.sadowne.pl\/index.php?rest_route=\/wp\/v2\/types\/post"}],"author":[{"embeddable":true,"href":"https:\/\/info.sadowne.pl\/index.php?rest_route=\/wp\/v2\/users\/1"}],"replies":[{"embeddable":true,"href":"https:\/\/info.sadowne.pl\/index.php?rest_route=%2Fwp%2Fv2%2Fcomments&post=21042"}],"version-history":[{"count":1,"href":"https:\/\/info.sadowne.pl\/index.php?rest_route=\/wp\/v2\/posts\/21042\/revisions"}],"predecessor-version":[{"id":21064,"href":"https:\/\/info.sadowne.pl\/index.php?rest_route=\/wp\/v2\/posts\/21042\/revisions\/21064"}],"wp:attachment":[{"href":"https:\/\/info.sadowne.pl\/index.php?rest_route=%2Fwp%2Fv2%2Fmedia&parent=21042"}],"wp:term":[{"taxonomy":"category","embeddable":true,"href":"https:\/\/info.sadowne.pl\/index.php?rest_route=%2Fwp%2Fv2%2Fcategories&post=21042"},{"taxonomy":"post_tag","embeddable":true,"href":"https:\/\/info.sadowne.pl\/index.php?rest_route=%2Fwp%2Fv2%2Ftags&post=21042"}],"curies":[{"name":"wp","href":"https:\/\/api.w.org\/{rel}","templated":true}]}}