{"id":21065,"date":"2019-09-02T12:07:48","date_gmt":"2019-09-02T10:07:48","guid":{"rendered":"http:\/\/info.sadowne.pl\/?p=21065"},"modified":"2019-09-02T12:07:48","modified_gmt":"2019-09-02T10:07:48","slug":"witam-wszystkich-serdecznie","status":"publish","type":"post","link":"https:\/\/info.sadowne.pl\/?p=21065","title":{"rendered":"Witam wszystkich serdecznie!"},"content":{"rendered":"<p><strong><a href=\"http:\/\/info.sadowne.pl\/wp-content\/uploads\/2019\/09\/2019.09.02.1.jpg\" target=\"_blank\" rel=\"noopener noreferrer\"><img loading=\"lazy\" decoding=\"async\" class=\"alignleft wp-image-21066 size-thumbnail\" src=\"http:\/\/info.sadowne.pl\/wp-content\/uploads\/2019\/09\/2019.09.02.1-180x130.jpg\" alt=\"\" width=\"180\" height=\"130\" \/><\/a>2 wrze\u015bnia nowy rok szkolny 2019\/2020 rozpocz\u0105\u0142 si\u0119 w Zespole Szk\u00f3\u0142 Ponadpodstawowych w Sadownem.<\/strong><!--more--><\/p>\n<p>Sadowie\u0144skie \u015brednie szko\u0142y pierwszy dzie\u0144 nauki rozpocz\u0119\u0142y msz\u0105 \u015bw. w miejscowym ko\u015bciele parafialnym, po czym uroczysto\u015b\u0107 przenios\u0142a si\u0119 do Sali gimnastycznej ZSP. Po wprowadzeniu sztandaru szko\u0142y, od\u015bpiewaniu hymnu pa\u0144stwowego i symbolicznym uczczeniu rocznicy wybuchu II wojny \u015bwiatowej, p. Dyrektor S\u0142awomir Ryszawa oficjalnie powita\u0142 przyby\u0142ych go\u015bci, nauczycieli i uczni\u00f3w.<\/p>\n<p>I tu ciekawostka. Jak poinformowa\u0142 p. Dyrektor, od dnia dzisiejszego znajdujemy si\u0119, uczymy i pracujemy w Zespole Szk\u00f3\u0142 Ponadpodstawowych w Sadownem. W sk\u0142ad Zespo\u0142u Szk\u00f3\u0142 wchodz\u0105 dotychczas funkcjonuj\u0105ce tu jednostki edukacyjne. Nazwa Zespo\u0142u Szk\u00f3\u0142 (z Ponadgimnazjalnych na Ponadpodstawoe) zosta\u0142a zmieniona z uwagi na likwidacj\u0119 gimnazj\u00f3w.<\/p>\n<p>Na pocz\u0105tek jeszcze zaleg\u0142e nagrody dla wyr\u00f3\u017cniaj\u0105cych si\u0119 uczni\u00f3w. Starosta W\u0119growski przyzna\u0142 stypendia motywacyjne uczniom:<\/p>\n<p>&#8211; Emilii Matusik z kl. I T &#8211; za osi\u0105gni\u0119cie wybitnych wynik\u00f3w w nauce w roku szkolnym 2018\/2019,<\/p>\n<p>&#8211; Katarzynie Skibniewskiej z kl. III T, Katarzynie Wyszy\u0144skiej z kl. I T, Weronice Karczmarczyk z kl. I T i Oldze Szumi\u0144skiej z kl. I T \u2013 za osi\u0105gni\u0119cie bardzo dobrych wynik\u00f3w w nauce w roku szkolnym 2018\/2019.<\/p>\n<p>W imieniu Starosty W\u0119growskiego wyr\u00f3\u017cnionym uczniom stypendia wr\u0119czy\u0142 p. Tomasz Nowakowski ze Starostwa Powiatowego w W\u0119growie.<\/p>\n<p>Z uwagi na poszerzenie spo\u0142eczno\u015bci uczniowskiej ZSP w Sadownem o 92. uczni\u00f3w klas pierwszych, konieczna by\u0142a te\u017c prezentacja kadry pedagogicznej. Nauczycieli przedstawi\u0142 p. Dyrektor Ryszawa jednocze\u015bnie informuj\u0105c, i\u017c w bie\u017c\u0105cym roku szkolnym ZSP zosta\u0142o poszerzone o cztery, a nie jak dotychczas dwie, klasy pierwsze. Wychowawstwo tych klas otrzymali:<\/p>\n<p>&#8211; p. Gra\u017cyna G\u0105siorek \u2013 klasa I Technikum (absolwenci gimnazjum),<\/p>\n<p>&#8211; p. Kamil Kie\u0142ek \u2013 klasa I LO (absolwenci gimnazjum),<\/p>\n<p>&#8211; p. Sylwia Rosi\u0144ska \u2013 kl. I Technikum (absolwenci szko\u0142y podstawowej),<\/p>\n<p>&#8211; p. Mariusz W\u00f3jcik \u2013 kl. I LO (absolwenci szko\u0142y podstawowej).<\/p>\n<p>No c\u00f3\u017c, na pocz\u0105tek to by by\u0142o na tyle. Kr\u00f3tka cz\u0119\u015b\u0107 oficjalna, nast\u0119pnie spotkania w klasach, najwa\u017cniejsze informacje i do domu. Od jutra, ju\u017c na pewno, zaczn\u0105 si\u0119 normalne zaj\u0119cia. \u017byczymy powodzenia\u2026<\/p>\n<p><strong><span style=\"color: #0000ff;\"><a style=\"color: #0000ff;\" href=\"https:\/\/photos.app.goo.gl\/usiWkyD9a3VGt3bx9\" target=\"_blank\" rel=\"noopener noreferrer\">Zdj\u0119cia w galerii Google&gt;&gt;&gt;\u00a0\u00a0<\/a>\u00a0\u00a0<\/span>\u00a0\u00a0\u00a0\u00a0 <\/strong><\/p>\n<p><strong>Tekst\/foto:<\/strong> S\u0142awek Chyli\u0144ski<\/p>\n","protected":false},"excerpt":{"rendered":"<p>2 wrze\u015bnia nowy rok szkolny 2019\/2020 rozpocz\u0105\u0142 si\u0119 w Zespole Szk\u00f3\u0142 Ponadpodstawowych w Sadownem.<\/p>\n","protected":false},"author":1,"featured_media":0,"comment_status":"closed","ping_status":"closed","sticky":false,"template":"","format":"standard","meta":{"footnotes":""},"categories":[5,1752,85],"tags":[3198,255,3197],"class_list":["post-21065","post","type-post","status-publish","format-standard","hentry","category-newsy","category-edukacja","category-zsp","tag-rozpoczecie-roku-szkolnego-20192020","tag-slawomir-ryszawa","tag-zespol-szkol-ponadpodstawowych-w-sadownem"],"views":3344,"_links":{"self":[{"href":"https:\/\/info.sadowne.pl\/index.php?rest_route=\/wp\/v2\/posts\/21065","targetHints":{"allow":["GET"]}}],"collection":[{"href":"https:\/\/info.sadowne.pl\/index.php?rest_route=\/wp\/v2\/posts"}],"about":[{"href":"https:\/\/info.sadowne.pl\/index.php?rest_route=\/wp\/v2\/types\/post"}],"author":[{"embeddable":true,"href":"https:\/\/info.sadowne.pl\/index.php?rest_route=\/wp\/v2\/users\/1"}],"replies":[{"embeddable":true,"href":"https:\/\/info.sadowne.pl\/index.php?rest_route=%2Fwp%2Fv2%2Fcomments&post=21065"}],"version-history":[{"count":1,"href":"https:\/\/info.sadowne.pl\/index.php?rest_route=\/wp\/v2\/posts\/21065\/revisions"}],"predecessor-version":[{"id":21067,"href":"https:\/\/info.sadowne.pl\/index.php?rest_route=\/wp\/v2\/posts\/21065\/revisions\/21067"}],"wp:attachment":[{"href":"https:\/\/info.sadowne.pl\/index.php?rest_route=%2Fwp%2Fv2%2Fmedia&parent=21065"}],"wp:term":[{"taxonomy":"category","embeddable":true,"href":"https:\/\/info.sadowne.pl\/index.php?rest_route=%2Fwp%2Fv2%2Fcategories&post=21065"},{"taxonomy":"post_tag","embeddable":true,"href":"https:\/\/info.sadowne.pl\/index.php?rest_route=%2Fwp%2Fv2%2Ftags&post=21065"}],"curies":[{"name":"wp","href":"https:\/\/api.w.org\/{rel}","templated":true}]}}