{"id":21068,"date":"2019-09-02T13:30:35","date_gmt":"2019-09-02T11:30:35","guid":{"rendered":"http:\/\/info.sadowne.pl\/?p=21068"},"modified":"2019-09-02T13:57:11","modified_gmt":"2019-09-02T11:57:11","slug":"drodzy-uczniowie-rodzice-nauczyciele","status":"publish","type":"post","link":"https:\/\/info.sadowne.pl\/?p=21068","title":{"rendered":"Drodzy Uczniowie, Rodzice, Nauczyciele!"},"content":{"rendered":"<p><strong><a href=\"http:\/\/info.sadowne.pl\/wp-content\/uploads\/2019\/09\/2019.09.02.2.jpg\" target=\"_blank\" rel=\"noopener noreferrer\"><img loading=\"lazy\" decoding=\"async\" class=\"alignleft wp-image-21069 size-thumbnail\" src=\"http:\/\/info.sadowne.pl\/wp-content\/uploads\/2019\/09\/2019.09.02.2-180x130.jpg\" alt=\"\" width=\"180\" height=\"130\" \/><\/a>2 wrze\u015bnia, bezpo\u015brednio po mszy \u015bw. w sadowie\u0144skiem ko\u015bciele parafialnym, rozpocz\u0119\u0142a nowy rok szkolny Szko\u0142a Podstawowa w Sadownem.<\/strong><!--more--><\/p>\n<p>Uroczyste rozpocz\u0119cie roku szkolnego 2019\/2020 Szko\u0142y Podstawowej im. b\u0142. ks. Edwarda Grzyma\u0142y w Sadownem odby\u0142o si\u0119 w Gminnej Hali Sportowej. Wszystkich przyby\u0142ych, a szczeg\u00f3lnie dzieci z oddzia\u0142\u00f3w przedszkolnych i uczni\u00f3w klas pierwszych, powita\u0142a p. Dyrektor SP Ma\u0142gorzata Koro\u015b, informuj\u0105c jednocze\u015bnie o zmianach w nowym roku szkolnym.<\/p>\n<p>Nowo\u015bci\u0105 jest zmiana imienia Szko\u0142y Podstawowej \u2013 od 1 wrze\u015bnia 2019 roku sadowie\u0144ska szko\u0142a nosi imi\u0119 b\u0142. ks. Edwarda Grzyma\u0142y, a uroczysto\u015b\u0107 nadania imienia Szkole odb\u0119dzie si\u0119 30 wrze\u015bnia 2019 r. Kolejna zmiana to wygaszenie Gimnazjum w Sadownem i przej\u0119cie jego budynku na potrzeby Szko\u0142y Podstawowej. Oznacza to, \u017ce od tego roku szkolnego Szko\u0142a Podstawowa b\u0119dzie mie\u015bci\u0107 si\u0119 w dw\u00f3ch budynkach.<\/p>\n<p>I dodatkowe informacje:<\/p>\n<p>&#8211; W tym roku szkolnym w budynku macierzystym Szko\u0142y Podstawowej b\u0119d\u0105 uczy\u0142y si\u0119 oddzia\u0142y przedszkolne i klasy I-V, a w budynku po Gimnazjum \u2013 klasy VI-VIII. Do Szko\u0142y Podstawowej, licz\u0105cej 19 oddzia\u0142\u00f3w, b\u0119dzie ucz\u0119szcza\u0107 \u0142\u0105cznie 377. uczni\u00f3w, z czego 302. do klas I-VIII, a 75. dzieci b\u0119dzie wychowankami oddzia\u0142\u00f3w przedszkolnych.<\/p>\n<p>&#8211; Przy Szkole Podstawowej dzia\u0142a \u015bwietlica szkolna, z kt\u00f3rej b\u0119dzie korzysta\u0107 (opr\u00f3cz zer\u00f3wek) ponad 170. uczni\u00f3w Szko\u0142y.<\/p>\n<p>&#8211; W Szkole Podstawowej w bie\u017c\u0105cym roku szkolnym b\u0119dzie uczy\u0107 38. nauczycieli, kt\u00f3rzy wchodz\u0105 w sk\u0142ad Rady Pedagogicznej. Od 1 wrze\u015bnia 2019 r. w Szkole zostali zatrudnieni nowi nauczyciele: p. Hanna Dymicka \u2013 b\u0119dzie uczy\u0107 matematyki w kl. VI-VIII, p. Aldona Ga\u0142ecka \u2013 nauczyciel zaj\u0119\u0107 w-f i p. Joanna Kowalczyk \u2013 nauczyciel wspomagaj\u0105cy nauczanie.<\/p>\n<p>&#8211; W roku szkolnym 2019\/2020 I-szym Wicedyrektorem Szko\u0142y Podstawowej b\u0119dzie p. Marek Konik, a II-gim Wicedyrektorem \u2013 p. Ma\u0142gorzata Zy\u015bk. Funkcj\u0119 kierownika \u015bwietlicy nadal pe\u0142ni\u0107 b\u0119dzie p. Sylwia Ilczuk.<\/p>\n<p>&#8211; Podr\u0119czniki szkolne dla uczni\u00f3w b\u0119d\u0105 wypo\u017cyczane z biblioteki w bie\u017c\u0105cym tygodniu. Przyjmowane s\u0105 wnioski o stypendia szkolne. Gmina Sadowne dofinansowuje posi\u0142ki szkolne (\u015brednia dochod\u00f3w w rodzinie to 674 z\u0142 netto). Mo\u017cna op\u0142aca\u0107 ju\u017c PZU i obiady.<\/p>\n<p>C\u00f3\u017c\u2026 oficjalne rozpocz\u0119cie musi by\u0107 kr\u00f3tkie, jak stwierdzi\u0142a p. Dyrektor Ma\u0142gorzata Koro\u015b, dodaj\u0105c na koniec:<\/p>\n<p><em>\u201e\u017bycz\u0119 wszystkim uczniom, aby czas sp\u0119dzony w szkole by\u0142 radosny, ale i pracowity, bo wtedy osi\u0105gniecie du\u017co sukces\u00f3w. Nauczycielom \u017cycz\u0119 jak najmniej k\u0142opot\u00f3w i problem\u00f3w z uczniami, zdrowia i wielu powod\u00f3w do satysfakcji. Pracownikom administracji i obs\u0142ugi \u2013 spokojnej oraz efektywnej pracy. Rodzicom \u2013 zadowolenia ze swoich dzieci, dobrej wsp\u00f3\u0142pracy ze szko\u0142\u0105, nauczycielami, wychowawcami oraz dyrekcj\u0105.<\/em><\/p>\n<p><em>Uroczy\u015bcie og\u0142aszam, \u017ce rok szkolny 2019\/2020 uwa\u017cam za otwarty!\u201d<\/em><\/p>\n<p><span style=\"color: #0000ff;\"><a style=\"color: #0000ff;\" href=\"https:\/\/photos.app.goo.gl\/PZkZQFDwtVgxzm2F7\" target=\"_blank\" rel=\"noopener noreferrer\"><strong>Zdj\u0119cia w galerii Google&gt;&gt;&gt;<\/strong><\/a><\/span><\/p>\n<p><strong>Tekst:<\/strong> Ma\u0142gorzata Koro\u015b\/S\u0142awek Chyli\u0144ski<\/p>\n<p><strong>Foto:<\/strong> SP Sadowne<\/p>\n","protected":false},"excerpt":{"rendered":"<p>2 wrze\u015bnia, bezpo\u015brednio po mszy \u015bw. w sadowie\u0144skiem ko\u015bciele parafialnym, rozpocz\u0119\u0142a nowy rok szkolny Szko\u0142a Podstawowa w Sadownem.<\/p>\n","protected":false},"author":1,"featured_media":0,"comment_status":"closed","ping_status":"closed","sticky":false,"template":"","format":"standard","meta":{"footnotes":""},"categories":[5,1752,84],"tags":[3198,16],"class_list":["post-21068","post","type-post","status-publish","format-standard","hentry","category-newsy","category-edukacja","category-szkola-podstawowa-im-cz-wycecha","tag-rozpoczecie-roku-szkolnego-20192020","tag-szkola-podstawowa-w-sadownem"],"views":3579,"_links":{"self":[{"href":"https:\/\/info.sadowne.pl\/index.php?rest_route=\/wp\/v2\/posts\/21068","targetHints":{"allow":["GET"]}}],"collection":[{"href":"https:\/\/info.sadowne.pl\/index.php?rest_route=\/wp\/v2\/posts"}],"about":[{"href":"https:\/\/info.sadowne.pl\/index.php?rest_route=\/wp\/v2\/types\/post"}],"author":[{"embeddable":true,"href":"https:\/\/info.sadowne.pl\/index.php?rest_route=\/wp\/v2\/users\/1"}],"replies":[{"embeddable":true,"href":"https:\/\/info.sadowne.pl\/index.php?rest_route=%2Fwp%2Fv2%2Fcomments&post=21068"}],"version-history":[{"count":4,"href":"https:\/\/info.sadowne.pl\/index.php?rest_route=\/wp\/v2\/posts\/21068\/revisions"}],"predecessor-version":[{"id":21073,"href":"https:\/\/info.sadowne.pl\/index.php?rest_route=\/wp\/v2\/posts\/21068\/revisions\/21073"}],"wp:attachment":[{"href":"https:\/\/info.sadowne.pl\/index.php?rest_route=%2Fwp%2Fv2%2Fmedia&parent=21068"}],"wp:term":[{"taxonomy":"category","embeddable":true,"href":"https:\/\/info.sadowne.pl\/index.php?rest_route=%2Fwp%2Fv2%2Fcategories&post=21068"},{"taxonomy":"post_tag","embeddable":true,"href":"https:\/\/info.sadowne.pl\/index.php?rest_route=%2Fwp%2Fv2%2Ftags&post=21068"}],"curies":[{"name":"wp","href":"https:\/\/api.w.org\/{rel}","templated":true}]}}