{"id":21113,"date":"2019-09-15T16:59:29","date_gmt":"2019-09-15T14:59:29","guid":{"rendered":"http:\/\/info.sadowne.pl\/?p=21113"},"modified":"2019-09-15T16:59:29","modified_gmt":"2019-09-15T14:59:29","slug":"chleb-i-ser-na-rynku-mariackim","status":"publish","type":"post","link":"https:\/\/info.sadowne.pl\/?p=21113","title":{"rendered":"Chleb i ser na Rynku Mariackim"},"content":{"rendered":"<p><strong><a href=\"http:\/\/info.sadowne.pl\/wp-content\/uploads\/2019\/09\/2019.09.15.1.jpg\" target=\"_blank\" rel=\"noopener noreferrer\"><img loading=\"lazy\" decoding=\"async\" class=\"alignleft wp-image-21114 size-thumbnail\" src=\"http:\/\/info.sadowne.pl\/wp-content\/uploads\/2019\/09\/2019.09.15.1-180x130.jpg\" alt=\"\" width=\"180\" height=\"130\" \/><\/a>15 wrze\u015bnia w W\u0119growie odby\u0142o si\u0119 Mazowieckie \u015awi\u0119to Chleba i Sera.<\/strong><!--more--><\/p>\n<p>Jak zawsze Organizatorzy \u2013 Miasto W\u0119gr\u00f3w i W\u0119growski O\u015brodek Kultury \u2013 postarali si\u0119 o moc atrakcji dla uczestnik\u00f3w Mazowieckiego \u015awi\u0119ta Chleba i Sera, kt\u00f3re odby\u0142o si\u0119 15 wrze\u015bnia na Rynku Mariackim w W\u0119growie.<\/p>\n<p>Opr\u00f3cz Jarmarku R\u0119kodzie\u0142a, stoisk ze zdrow\u0105 \u017cywno\u015bci\u0105 i swojskimi wyrobami czy Strefy Mleka i Sera przygotowanej przez g\u0142\u00f3wnego sponsora Firm\u0119 HOCHLAND, uczestnicy imprezy korzystali w wielu przygotowanych dla nich niespodzianek, a tak\u017ce prezentacji artystycznych. Scen\u0105 zaw\u0142adn\u0105\u0142 g\u0142\u00f3wnie folklor w wykonaniu lokalnych zespo\u0142\u00f3w ludowych, ale te\u017c swoje zdolno\u015bci wokalne i taneczne zaprezentowali m\u0142odzi arty\u015bci z sekcji W\u0119growskiego O\u015brodka Kultury oraz miejskich szk\u00f3\u0142 podstawowych. Ich wyst\u0119py by\u0142y \u015bwietne, co zosta\u0142o docenione przez licznie przyby\u0142\u0105 publiczno\u015b\u0107. Da\u0142o si\u0119 s\u0142ysze\u0107 g\u0142osy, i\u017c m\u0142odzi arty\u015bci ju\u017c godnie mog\u0105 zast\u0105pi\u0107 wokalist\u00f3w czy zespo\u0142y estradowe, kt\u00f3re prezentuj\u0105 si\u0119 na scenie w formie np. \u201egwiazd wieczoru\u201d. W\u015br\u00f3d nich mogli\u015bmy zobaczy\u0107 znane z wyst\u0119p\u00f3w w Sadownem m\u0142ode wokalistki: Nel\u0119 Zawadzk\u0105 i Paulin\u0119 \u0141adosz, ale te\u017c: Karolin\u0119 Bajer czy Dominik\u0119 Sk\u0142adanowsk\u0105, kt\u00f3re by\u0107 mo\u017ce te\u017c kiedy\u015b zaszczyc\u0105 nas swoj\u0105 obecno\u015bci\u0105.<\/p>\n<p>D\u0142ugo by pisa\u0107 o wyst\u0119pach oraz innych atrakcjach na Mazowieckim \u015awi\u0119cie Chleba i Sera w W\u0119growie. Nie odda to jednak pe\u0142ni tego, co przygotowali Organizatorzy tej imprezy. Zobaczmy wi\u0119c skr\u00f3con\u0105 prezentacj\u0119 fotograficzn\u0105 \u2013 <span style=\"color: #0000ff;\"><a style=\"color: #0000ff;\" href=\"https:\/\/photos.app.goo.gl\/2RJ1ZnuKSmVi1EAR7\" target=\"_blank\" rel=\"noopener noreferrer\"><strong>zdj\u0119cia w galerii Google&gt;&gt;&gt;<\/strong><\/a><\/span><\/p>\n<p><strong>Tekst\/foto: <\/strong>S\u0142awek Chyli\u0144ski<\/p>\n","protected":false},"excerpt":{"rendered":"<p>15 wrze\u015bnia w W\u0119growie odby\u0142o si\u0119 Mazowieckie \u015awi\u0119to Chleba i Sera.<\/p>\n","protected":false},"author":1,"featured_media":0,"comment_status":"closed","ping_status":"closed","sticky":false,"template":"","format":"standard","meta":{"footnotes":""},"categories":[5,1,2495],"tags":[3202,2524,3203,68],"class_list":["post-21113","post","type-post","status-publish","format-standard","hentry","category-newsy","category-inne","category-nasi-sasiedzi","tag-mazowieckie-swieto-chleba-i-sera-w-wegrowie","tag-nela-zawadzka","tag-paulina-ladosz","tag-wegrow"],"views":2556,"_links":{"self":[{"href":"https:\/\/info.sadowne.pl\/index.php?rest_route=\/wp\/v2\/posts\/21113","targetHints":{"allow":["GET"]}}],"collection":[{"href":"https:\/\/info.sadowne.pl\/index.php?rest_route=\/wp\/v2\/posts"}],"about":[{"href":"https:\/\/info.sadowne.pl\/index.php?rest_route=\/wp\/v2\/types\/post"}],"author":[{"embeddable":true,"href":"https:\/\/info.sadowne.pl\/index.php?rest_route=\/wp\/v2\/users\/1"}],"replies":[{"embeddable":true,"href":"https:\/\/info.sadowne.pl\/index.php?rest_route=%2Fwp%2Fv2%2Fcomments&post=21113"}],"version-history":[{"count":1,"href":"https:\/\/info.sadowne.pl\/index.php?rest_route=\/wp\/v2\/posts\/21113\/revisions"}],"predecessor-version":[{"id":21115,"href":"https:\/\/info.sadowne.pl\/index.php?rest_route=\/wp\/v2\/posts\/21113\/revisions\/21115"}],"wp:attachment":[{"href":"https:\/\/info.sadowne.pl\/index.php?rest_route=%2Fwp%2Fv2%2Fmedia&parent=21113"}],"wp:term":[{"taxonomy":"category","embeddable":true,"href":"https:\/\/info.sadowne.pl\/index.php?rest_route=%2Fwp%2Fv2%2Fcategories&post=21113"},{"taxonomy":"post_tag","embeddable":true,"href":"https:\/\/info.sadowne.pl\/index.php?rest_route=%2Fwp%2Fv2%2Ftags&post=21113"}],"curies":[{"name":"wp","href":"https:\/\/api.w.org\/{rel}","templated":true}]}}