{"id":21119,"date":"2019-09-15T17:43:53","date_gmt":"2019-09-15T15:43:53","guid":{"rendered":"http:\/\/info.sadowne.pl\/?p=21119"},"modified":"2019-09-15T17:43:53","modified_gmt":"2019-09-15T15:43:53","slug":"karatecy-zapraszaja","status":"publish","type":"post","link":"https:\/\/info.sadowne.pl\/?p=21119","title":{"rendered":"Karatecy zapraszaj\u0105!!!"},"content":{"rendered":"<p><strong><a href=\"http:\/\/info.sadowne.pl\/wp-content\/uploads\/2018\/09\/2018.09.29.11.jpg\" target=\"_blank\" rel=\"noopener noreferrer\"><img loading=\"lazy\" decoding=\"async\" class=\"alignleft wp-image-19211 size-thumbnail\" src=\"http:\/\/info.sadowne.pl\/wp-content\/uploads\/2018\/09\/2018.09.29.11-180x130.jpg\" alt=\"\" width=\"180\" height=\"130\" \/><\/a>Wszystkich ch\u0119tnych, wytrwa\u0142ych i dbaj\u0105cych o swoj\u0105 kondycj\u0119, zaprasza Brokowski Klub Karate Kyokushin.<\/strong><!--more--><\/p>\n<h4>Treningi sadowie\u0144skiej Sekcji Klubu odbywaj\u0105 si\u0119 w Gminnej Hali Sportowej w Sadownem w ka\u017cdy wtorek i pi\u0105tek o godz. 16.00. Zaj\u0119cia prowadzi sensei Zbigniew W\u00f3jcicki\u00a0(III dan Kyokushin Karate).<\/h4>\n<p><strong><img loading=\"lazy\" decoding=\"async\" class=\"alignright size-full wp-image-21120\" src=\"http:\/\/info.sadowne.pl\/wp-content\/uploads\/2019\/09\/Brokowski-Klub-Karate.jpg\" alt=\"\" width=\"268\" height=\"212\" \/>Zapraszamy!<\/strong><\/p>\n<p>Przy okazji mog\u0119 zdradzi\u0107, i\u017c prawdopodobnie kolejny, XI Og\u00f3lnopolski Turniej Karate Kyokushin dla dzieci i m\u0142odzie\u017cy odb\u0119dzie si\u0119 19 pa\u017adziernika br. w\u2026 Sadownem. Czekamy z niecierpliwo\u015bci\u0105, a Info Sadowne obejmuje nad t\u0105 imprez\u0105 sportow\u0105 patronat medialny.<\/p>\n<p>Ju\u017c teraz zapraszamy wszystkich zainteresowanych i mi\u0142o\u015bnik\u00f3w karate. Spotkamy si\u0119 19 pa\u017adziernika w sadowie\u0144skiej Gminnej Hali Sportowej.<\/p>\n<p><strong>Tekst\/foto: <\/strong>S\u0142awek Chyli\u0144ski<\/p>\n","protected":false},"excerpt":{"rendered":"<p>Wszystkich ch\u0119tnych, wytrwa\u0142ych i dbaj\u0105cych o swoj\u0105 kondycj\u0119, zaprasza Brokowski Klub Karate Kyokushin.<\/p>\n","protected":false},"author":1,"featured_media":0,"comment_status":"closed","ping_status":"closed","sticky":false,"template":"","format":"standard","meta":{"footnotes":""},"categories":[5,2029,7],"tags":[794,3206,2030],"class_list":["post-21119","post","type-post","status-publish","format-standard","hentry","category-newsy","category-karate","category-sport","tag-brokowski-klub-karate-kyokushinkai","tag-xi-ogolnopolski-turniej-karate-kyokushin-w-sadownem","tag-zbigniew-wojcicki"],"views":2208,"_links":{"self":[{"href":"https:\/\/info.sadowne.pl\/index.php?rest_route=\/wp\/v2\/posts\/21119","targetHints":{"allow":["GET"]}}],"collection":[{"href":"https:\/\/info.sadowne.pl\/index.php?rest_route=\/wp\/v2\/posts"}],"about":[{"href":"https:\/\/info.sadowne.pl\/index.php?rest_route=\/wp\/v2\/types\/post"}],"author":[{"embeddable":true,"href":"https:\/\/info.sadowne.pl\/index.php?rest_route=\/wp\/v2\/users\/1"}],"replies":[{"embeddable":true,"href":"https:\/\/info.sadowne.pl\/index.php?rest_route=%2Fwp%2Fv2%2Fcomments&post=21119"}],"version-history":[{"count":1,"href":"https:\/\/info.sadowne.pl\/index.php?rest_route=\/wp\/v2\/posts\/21119\/revisions"}],"predecessor-version":[{"id":21121,"href":"https:\/\/info.sadowne.pl\/index.php?rest_route=\/wp\/v2\/posts\/21119\/revisions\/21121"}],"wp:attachment":[{"href":"https:\/\/info.sadowne.pl\/index.php?rest_route=%2Fwp%2Fv2%2Fmedia&parent=21119"}],"wp:term":[{"taxonomy":"category","embeddable":true,"href":"https:\/\/info.sadowne.pl\/index.php?rest_route=%2Fwp%2Fv2%2Fcategories&post=21119"},{"taxonomy":"post_tag","embeddable":true,"href":"https:\/\/info.sadowne.pl\/index.php?rest_route=%2Fwp%2Fv2%2Ftags&post=21119"}],"curies":[{"name":"wp","href":"https:\/\/api.w.org\/{rel}","templated":true}]}}