{"id":21126,"date":"2019-09-17T19:44:37","date_gmt":"2019-09-17T17:44:37","guid":{"rendered":"http:\/\/info.sadowne.pl\/?p=21126"},"modified":"2019-09-17T20:13:11","modified_gmt":"2019-09-17T18:13:11","slug":"final-xix-pleneru-malarskiego","status":"publish","type":"post","link":"https:\/\/info.sadowne.pl\/?p=21126","title":{"rendered":"Fina\u0142 XIX Pleneru Malarskiego"},"content":{"rendered":"<p><strong><a href=\"http:\/\/info.sadowne.pl\/wp-content\/uploads\/2019\/09\/2019.09.17.1.jpg\" target=\"_blank\" rel=\"noopener noreferrer\"><img loading=\"lazy\" decoding=\"async\" class=\"alignleft wp-image-21127 size-thumbnail\" src=\"http:\/\/info.sadowne.pl\/wp-content\/uploads\/2019\/09\/2019.09.17.1-180x130.jpg\" alt=\"\" width=\"180\" height=\"130\" \/><\/a>Od 8 wrze\u015bnia na terenie gminy Sadowne trwa XIX Plener Malarski Artyst\u00f3w Plastyk\u00f3w. Jego podsumowaniem by\u0142 wernisa\u017c poplenerowy w Gminnym O\u015brodku Kultury w Sadownem.<\/strong><!--more--><\/p>\n<p>To ju\u017c XIX Plener Malarski w Sadownem, w kt\u00f3rym przewa\u017cnie bierze udzia\u0142 ta sama grupa artyst\u00f3w. Jak rok wcze\u015bniej, grupa w okrojonym sk\u0142adzie \u2013 pp.: Wanda Falencik-Masznicz, El\u017cbieta Kaniecka-Siegoczy\u0144ska, Gabriela Czarnecka, Teresa Urbanowska, Ewa Piasecka-Kud\u0142acik, Danuta Rasi\u0144ska &#8211; zamieszkiwa\u0142a w Gospodarstwie Agroturystycznym \u201ePrzy lesie\u201d Pa\u0144stwa Iwony i Piotra Olkowskich w Oci\u0119tem. G\u0142\u00f3wnie tam arty\u015bci tworzyli swoje prace, kt\u00f3re mogli\u015bmy podziwia\u0107 17 wrze\u015bnia podczas wernisa\u017cu poplenerowego w Gminnym O\u015brodku Kultury w Sadownem.<\/p>\n<p>Uroczyste spotkanie otworzy\u0142a p. Ewa Pi\u00f3rkowska \u2013 Dyrektor Gminnego O\u015brodka Kultury w Sadownem, w imieniu Samorz\u0105du p. Marcin Gr\u0119da \u2013 Zast\u0119pca W\u00f3jta Gminy Sadowne, a w imieniu artyst\u00f3w p. Wanda Falencik-Masznicz \u2013 Komisarz Pleneru. W trakcie wernisa\u017cu go\u015bcie mogli r\u00f3wnie\u017c us\u0142ysze\u0107 kilka pie\u015bni ludowych w wykonaniu Zespo\u0142u \u015apiewaczego \u201eSadowianki\u201d.<\/p>\n<p>Wystaw\u0119 prac mo\u017cna jeszcze obejrze\u0107 tylko 18 wrze\u015bnia br. Zapraszamy do Gminnego O\u015brodka Kultury w Sadownem!<\/p>\n<p><span style=\"color: #0000ff;\"><a style=\"color: #0000ff;\" href=\"https:\/\/photos.app.goo.gl\/YP6egbP2VJtQsAB3A\" target=\"_blank\" rel=\"noopener noreferrer\"><strong>Zdj\u0119cia w galerii Google&gt;&gt;&gt;<\/strong><\/a><\/span><\/p>\n<p><strong>Tekst\/foto:<\/strong> S\u0142awek Chyli\u0144ski<\/p>\n","protected":false},"excerpt":{"rendered":"<p>Od 8 wrze\u015bnia na terenie gminy Sadowne trwa XIX Plener Malarski Artyst\u00f3w Plastyk\u00f3w. Jego podsumowaniem by\u0142 wernisa\u017c poplenerowy w Gminnym O\u015brodku Kultury w Sadownem.<\/p>\n","protected":false},"author":1,"featured_media":0,"comment_status":"closed","ping_status":"closed","sticky":false,"template":"","format":"standard","meta":{"footnotes":""},"categories":[5,91,6],"tags":[169,2813,3195],"class_list":["post-21126","post","type-post","status-publish","format-standard","hentry","category-newsy","category-gminny-osrodek-kultury","category-kultura-rozrywka-edukacja","tag-gminny-osrodek-kultury-w-sadownem","tag-wernisaz-poplenerowy","tag-xix-plener-malarski-artystow-plastykow-w-sadownem"],"views":2611,"_links":{"self":[{"href":"https:\/\/info.sadowne.pl\/index.php?rest_route=\/wp\/v2\/posts\/21126","targetHints":{"allow":["GET"]}}],"collection":[{"href":"https:\/\/info.sadowne.pl\/index.php?rest_route=\/wp\/v2\/posts"}],"about":[{"href":"https:\/\/info.sadowne.pl\/index.php?rest_route=\/wp\/v2\/types\/post"}],"author":[{"embeddable":true,"href":"https:\/\/info.sadowne.pl\/index.php?rest_route=\/wp\/v2\/users\/1"}],"replies":[{"embeddable":true,"href":"https:\/\/info.sadowne.pl\/index.php?rest_route=%2Fwp%2Fv2%2Fcomments&post=21126"}],"version-history":[{"count":2,"href":"https:\/\/info.sadowne.pl\/index.php?rest_route=\/wp\/v2\/posts\/21126\/revisions"}],"predecessor-version":[{"id":21129,"href":"https:\/\/info.sadowne.pl\/index.php?rest_route=\/wp\/v2\/posts\/21126\/revisions\/21129"}],"wp:attachment":[{"href":"https:\/\/info.sadowne.pl\/index.php?rest_route=%2Fwp%2Fv2%2Fmedia&parent=21126"}],"wp:term":[{"taxonomy":"category","embeddable":true,"href":"https:\/\/info.sadowne.pl\/index.php?rest_route=%2Fwp%2Fv2%2Fcategories&post=21126"},{"taxonomy":"post_tag","embeddable":true,"href":"https:\/\/info.sadowne.pl\/index.php?rest_route=%2Fwp%2Fv2%2Ftags&post=21126"}],"curies":[{"name":"wp","href":"https:\/\/api.w.org\/{rel}","templated":true}]}}