{"id":21133,"date":"2019-09-18T14:17:57","date_gmt":"2019-09-18T12:17:57","guid":{"rendered":"http:\/\/info.sadowne.pl\/?p=21133"},"modified":"2019-09-18T14:17:57","modified_gmt":"2019-09-18T12:17:57","slug":"dzien-z-kultura-i-sztuka","status":"publish","type":"post","link":"https:\/\/info.sadowne.pl\/?p=21133","title":{"rendered":"Dzie\u0144 z Kultur\u0105 i Sztuk\u0105"},"content":{"rendered":"<p><strong><a href=\"http:\/\/info.sadowne.pl\/wp-content\/uploads\/2019\/09\/2019.09.18.1.jpg\" target=\"_blank\" rel=\"noopener noreferrer\"><img loading=\"lazy\" decoding=\"async\" class=\"alignleft wp-image-21134 size-thumbnail\" src=\"http:\/\/info.sadowne.pl\/wp-content\/uploads\/2019\/09\/2019.09.18.1-180x130.jpg\" alt=\"\" width=\"180\" height=\"130\" \/><\/a>Z Kultur\u0105 i Sztuk\u0105 \u2013 oczywi\u015bcie przez du\u017ce \u201eK\u201d i du\u017ce \u201eS\u201d. Tak \u015brodowe przedpo\u0142udnie sp\u0119dzi\u0142y dzieciaki z Przedszkola w Sadownem.<\/strong><!--more--><\/p>\n<p>Przed po\u0142udniem 18 wrze\u015bnia najm\u0142odsze dzieci z Przedszkola w Sadownem wraz ze swoimi \u201eciociami\u201d odwiedzi\u0142y Gminn\u0105 Bibliotek\u0119 Publiczn\u0105 w Sadownem. Wszystko to za spraw\u0105 og\u0142oszonej przez nasz\u0105 Bibliotek\u0119 akcji czytelniczej.<\/p>\n<p>Jak pisali\u015bmy wcze\u015bniej, Gminna Biblioteka Publiczna w Sadownem przyst\u0105pi\u0142a do og\u00f3lnopolskiej akcji &#8222;Ma\u0142a ksi\u0105\u017cka &#8211; wielki cz\u0142owiek&#8221;. Kampania ma na celu popularyzacj\u0119 czytelnictwa, ukazanie pozytywnego wp\u0142ywu czytania ksi\u0105\u017cek na rozw\u00f3j dziecka oraz zach\u0119cenie dzieci i rodzic\u00f3w do cz\u0119stszych wizyt w bibliotece.<\/p>\n<p>Rozpocz\u0119cie akcji &#8222;Ma\u0142a ksi\u0105\u017cka &#8211; wielki cz\u0142owiek&#8221; w Bibliotece zaplanowano na po\u0142ow\u0119 wrze\u015bnia i st\u0105d odwiedziny przedszkolak\u00f3w. Zgodnie z zasadami tej akcji (wi\u0119cej o akcji na <span style=\"color: #0000ff;\"><a style=\"color: #0000ff;\" href=\"http:\/\/www.gbpsadowne.pl\/index.php\/aktualnosci\/192-zapraszamy-do-udzialu-w-akcji-czytelniczej\" target=\"_blank\" rel=\"noopener noreferrer\"><strong>stronie GBP&gt;&gt;&gt;<\/strong><\/a><\/span>), ka\u017cde dziecko w wieku od 3 do 6 lat, kt\u00f3re odwiedzi wraz z rodzicem lub opiekunem bibliotek\u0119 bior\u0105c\u0105 udzia\u0142 w projekcie, otrzyma w prezencie wyprawk\u0119 czytelnicz\u0105. I tak si\u0119 sta\u0142o dzisiaj \u2013 dzieciaki za spraw\u0105 pa\u0144 bibliotekarek wst\u0105pi\u0142y ju\u017c do spo\u0142eczno\u015bci czytelniczej i wypo\u017cyczy\u0142y swoje pierwsze ksi\u0105\u017cki. Ale, jak przysta\u0142o na profesjonalnych czytelnik\u00f3w, na swoj\u0105 kolej do rejestracji i po wyprawk\u0119 czeka\u0142y tw\u00f3rczo korzystaj\u0105c, a w\u0142a\u015bciwie s\u0142uchaj\u0105c czytanych im przez \u201eciocie\u201d bibliotecznych ksi\u0105\u017ceczek dla dzieci.<\/p>\n<p>A po formalno\u015bciach i zwiedzeniu Gminnej Biblioteki, nie omieszka\u0142y wst\u0105pi\u0107 na wystaw\u0119 poplenerow\u0105 XIX Pleneru Malarskiego Artyst\u00f3w Plastyk\u00f3w, kt\u00f3rej wernisa\u017c odby\u0142 si\u0119 w dniu wczorajszym w Gminnym O\u015brodku Kultury w Sadownem. Kontakt ze sztuk\u0105, a g\u0142\u00f3wnie z jej tw\u00f3rcami, w wieku trzech czy czterech lat jest bardzo istotny i rzutuje na p\u00f3\u017aniejsze doros\u0142e \u017cycie. St\u0105d pomys\u0142 odwiedzenia wystawy i spotkania z uczestniczkami Pleneru: p. Danut\u0105 Rasi\u0144sk\u0105, Teres\u0105 Urbanowsk\u0105 i Gabriel\u0105 Czarnack\u0105, kt\u00f3re w przyst\u0119pny spos\u00f3b opowiedzia\u0142y dzieciom o swojej tw\u00f3rczo\u015bci artystycznej, a tak\u017ce da\u0142y jej pr\u00f3bk\u0119 we wsp\u00f3lnej zabawie.<\/p>\n<p>Po tylu wra\u017ceniach i s\u0142odkim pocz\u0119stunku czas by\u0142o wraca\u0107 do siebie \u2013 do Przedszkola. Zapewne maluchy nie zapomn\u0105 nowych do\u015bwiadcze\u0144, a wi\u0119kszo\u015b\u0107 z nich by\u0107 mo\u017ce stanie si\u0119 sta\u0142ymi czytelnikami naszej Biblioteki, a tak\u017ce sta\u0142ymi uczestnikami spotka\u0144 z kultur\u0105 czy te\u017c wystaw.<\/p>\n<p><span style=\"color: #0000ff;\"><a style=\"color: #0000ff;\" href=\"https:\/\/photos.app.goo.gl\/4LKefMvetZgTbqVk9\" target=\"_blank\" rel=\"noopener noreferrer\"><strong>Zdj\u0119cia w galerii Google&gt;&gt;&gt;<\/strong><\/a><\/span><\/p>\n<p><strong>Tekst\/foto:<\/strong> S\u0142awek Chyli\u0144ski<\/p>\n","protected":false},"excerpt":{"rendered":"<p>Z Kultur\u0105 i Sztuk\u0105 \u2013 oczywi\u015bcie przez du\u017ce \u201eK\u201d i du\u017ce \u201eS\u201d. Tak \u015brodowe przedpo\u0142udnie sp\u0119dzi\u0142y dzieciaki z Przedszkola w Sadownem.<\/p>\n","protected":false},"author":1,"featured_media":0,"comment_status":"closed","ping_status":"closed","sticky":false,"template":"","format":"standard","meta":{"footnotes":""},"categories":[5,2149,91,6],"tags":[113,169,2286,3195],"class_list":["post-21133","post","type-post","status-publish","format-standard","hentry","category-newsy","category-gminna-biblioteka-publiczna","category-gminny-osrodek-kultury","category-kultura-rozrywka-edukacja","tag-gminna-biblioteka-publiczna-w-sadownem","tag-gminny-osrodek-kultury-w-sadownem","tag-przedszkole-w-sadownem","tag-xix-plener-malarski-artystow-plastykow-w-sadownem"],"views":2502,"_links":{"self":[{"href":"https:\/\/info.sadowne.pl\/index.php?rest_route=\/wp\/v2\/posts\/21133","targetHints":{"allow":["GET"]}}],"collection":[{"href":"https:\/\/info.sadowne.pl\/index.php?rest_route=\/wp\/v2\/posts"}],"about":[{"href":"https:\/\/info.sadowne.pl\/index.php?rest_route=\/wp\/v2\/types\/post"}],"author":[{"embeddable":true,"href":"https:\/\/info.sadowne.pl\/index.php?rest_route=\/wp\/v2\/users\/1"}],"replies":[{"embeddable":true,"href":"https:\/\/info.sadowne.pl\/index.php?rest_route=%2Fwp%2Fv2%2Fcomments&post=21133"}],"version-history":[{"count":1,"href":"https:\/\/info.sadowne.pl\/index.php?rest_route=\/wp\/v2\/posts\/21133\/revisions"}],"predecessor-version":[{"id":21135,"href":"https:\/\/info.sadowne.pl\/index.php?rest_route=\/wp\/v2\/posts\/21133\/revisions\/21135"}],"wp:attachment":[{"href":"https:\/\/info.sadowne.pl\/index.php?rest_route=%2Fwp%2Fv2%2Fmedia&parent=21133"}],"wp:term":[{"taxonomy":"category","embeddable":true,"href":"https:\/\/info.sadowne.pl\/index.php?rest_route=%2Fwp%2Fv2%2Fcategories&post=21133"},{"taxonomy":"post_tag","embeddable":true,"href":"https:\/\/info.sadowne.pl\/index.php?rest_route=%2Fwp%2Fv2%2Ftags&post=21133"}],"curies":[{"name":"wp","href":"https:\/\/api.w.org\/{rel}","templated":true}]}}