{"id":21182,"date":"2019-09-30T16:45:32","date_gmt":"2019-09-30T14:45:32","guid":{"rendered":"http:\/\/info.sadowne.pl\/?p=21182"},"modified":"2019-10-01T21:17:53","modified_gmt":"2019-10-01T19:17:53","slug":"juz-imieniem-bl-ks-edwarda-grzymaly","status":"publish","type":"post","link":"https:\/\/info.sadowne.pl\/?p=21182","title":{"rendered":"Ju\u017c imieniem b\u0142. ks. Edwarda Grzyma\u0142y"},"content":{"rendered":"<p><strong><a href=\"http:\/\/info.sadowne.pl\/wp-content\/uploads\/2019\/09\/2019.09.30.1.jpg\" target=\"_blank\" rel=\"noopener noreferrer\"><img loading=\"lazy\" decoding=\"async\" class=\"alignleft wp-image-21183 size-thumbnail\" src=\"http:\/\/info.sadowne.pl\/wp-content\/uploads\/2019\/09\/2019.09.30.1-180x130.jpg\" alt=\"\" width=\"180\" height=\"130\" \/><\/a>30 wrze\u015bnia w Sadownem odby\u0142y si\u0119 uroczysto\u015bci nadania miejscowej Szkole Podstawowej imienia B\u0142ogos\u0142awionego Ksi\u0119dza Edwarda Grzyma\u0142y.<\/strong><!--more--><\/p>\n<p>Uroczysto\u015bci rozpocz\u0119\u0142a przedpo\u0142udniowa msza \u015bw. w ko\u015bciele parafialnym p.w. \u015bw. Jana Chrzciciela w Sadownem, kt\u00f3r\u0105 koncelebrowa\u0142 ks. bp Piotr Sawczuk \u2013 Ordynariusz Diecezji Drohiczy\u0144skiej. W trakcie mszy kap\u0142ani i wierni modlili si\u0119 w intencji uczni\u00f3w oraz nauczycieli Szko\u0142y Podstawowej w Sadownem, a ks. biskup dokona\u0142 po\u015bwi\u0119cenia nowego sztandaru tej Szko\u0142y, na kt\u00f3rym widnieje ju\u017c sylwetka Patrona &#8211; asystowa\u0142y mu sztandary ZSP w Sadownem i ZS-P w Grabinach.<\/p>\n<p>Po mszy uroczysto\u015bci przenios\u0142y si\u0119 do Gminnej Hali Sportowej i tam wszystkich przyby\u0142ych go\u015bci, nauczycieli, uczni\u00f3w i ich rodzic\u00f3w, powita\u0142a Dyrektor Szko\u0142y Podstawowej p. Ma\u0142gorzata Koro\u015b. Uroczysto\u015bci poprowadzili dalej nauczyciele SP Sadowne: p. Izabela Wrzosek i p. Arkadiusz Kotowski.<\/p>\n<p>Przewodnicz\u0105cy Rady Gminy Sadowne p. Tomasz Szymanik odczyta\u0142 uchwa\u0142\u0119 o nadaniu imienia Szkole, a W\u00f3jt Gminy Sadowne p. Waldemar Cyran przekaza\u0142 akt nadania imienia p. Dyrektor SP. Nowy sztandar wprowadzi\u0142a do Szko\u0142y asysta sk\u0142adaj\u0105ca si\u0119 z przedstawicieli Rady Rodzic\u00f3w. To oni przekazali go najpierw p. Dyrektor, po czym trafi\u0142 do r\u0105k uczniowskiej asysty. By\u0142a to te\u017c okazja do prezentacji sztandaru \u2013 uczyni\u0142 to p. S\u0142awomir Akonom oraz do przyj\u0119cia od uczni\u00f3w pierwszego \u015blubowania na nowy sztandar. Go\u015bcie r\u00f3wnie\u017c zostali uhonorowani &#8211; zwyczajowo, tym razem nie wbili, a \u201ewcisn\u0119li\u201d ozdobne gwo\u017adzie w tablic\u0119 upami\u0119tniaj\u0105c\u0105 nadanie Szkole Podstawowej sztandaru.<\/p>\n<p>Podczas cz\u0119\u015bci oficjalnej ka\u017cdej uroczysto\u015bci musz\u0105 by\u0107 te\u017c przem\u00f3wienia go\u015bci. Tak by\u0142o i tym razem, ale jeszcze wcze\u015bniej nast\u0105pi\u0142o ods\u0142oni\u0119cie i po\u015bwi\u0119cenie miejsca upami\u0119tniaj\u0105cego Patrona Szko\u0142y \u2013 b\u0142. ks. Edwarda Grzyma\u0142y. Mie\u015bci si\u0119 ono na I-szym pi\u0119trze budynku po b. Gimnazjum, kt\u00f3re teraz przej\u0119\u0142a Szko\u0142a Podstawowa.<\/p>\n<p>A je\u015bli chodzi w\u0142a\u015bnie o Patrona, to wszyscy na zako\u0144czenie uroczysto\u015bci (ku pokrzepieniu dusz) mogli obejrze\u0107 spektakl teatralny o \u017cyciu i \u015bmierci B\u0142ogos\u0142awionego, kt\u00f3ry wraz z uczniami przygotowa\u0142y Panie: Dorota Ga\u0142\u0105zka i Anna Gierej. I jeszcze \u2013 ju\u017c naprawd\u0119 na sam koniec \u2013 pocz\u0119stunek, tym razem \u201eku pokrzepieniu cia\u0142\u201d. Tu na wysoko\u015bci zadania stan\u0119li nauczyciele i uczniowie Technikum \u017bywienia i Us\u0142ug Gastronomicznych, kt\u00f3rzy wg swoich przepis\u00f3w przygotowali wykwintne menu, ale te\u017c zadbali o profesjonaln\u0105 obs\u0142ug\u0119 go\u015bci.<\/p>\n<p><span style=\"color: #0000ff;\"><strong><a style=\"color: #0000ff;\" href=\"https:\/\/photos.app.goo.gl\/JrXibQi9SHrCAHGE9\" target=\"_blank\" rel=\"noopener noreferrer\">Zdj\u0119cia w galerii Google&gt;&gt;&gt;\u00a0\u00a0\u00a0<\/a>\u00a0\u00a0\u00a0 <\/strong><\/span><\/p>\n<p><strong>Tekst\/foto:<\/strong> S\u0142awek Chyli\u0144ski<\/p>\n","protected":false},"excerpt":{"rendered":"<p>30 wrze\u015bnia w Sadownem odby\u0142y si\u0119 uroczysto\u015bci nadania miejscowej Szkole Podstawowej imienia B\u0142ogos\u0142awionego Ksi\u0119dza Edwarda Grzyma\u0142y.<\/p>\n","protected":false},"author":1,"featured_media":0,"comment_status":"closed","ping_status":"closed","sticky":false,"template":"","format":"standard","meta":{"footnotes":""},"categories":[5,1752,84],"tags":[2737,3211,16],"class_list":["post-21182","post","type-post","status-publish","format-standard","hentry","category-newsy","category-edukacja","category-szkola-podstawowa-im-cz-wycecha","tag-bl-ks-edward-grzymala","tag-nadanie-imienia-szkole-podstawowej-w-sadownem","tag-szkola-podstawowa-w-sadownem"],"views":4026,"_links":{"self":[{"href":"https:\/\/info.sadowne.pl\/index.php?rest_route=\/wp\/v2\/posts\/21182","targetHints":{"allow":["GET"]}}],"collection":[{"href":"https:\/\/info.sadowne.pl\/index.php?rest_route=\/wp\/v2\/posts"}],"about":[{"href":"https:\/\/info.sadowne.pl\/index.php?rest_route=\/wp\/v2\/types\/post"}],"author":[{"embeddable":true,"href":"https:\/\/info.sadowne.pl\/index.php?rest_route=\/wp\/v2\/users\/1"}],"replies":[{"embeddable":true,"href":"https:\/\/info.sadowne.pl\/index.php?rest_route=%2Fwp%2Fv2%2Fcomments&post=21182"}],"version-history":[{"count":2,"href":"https:\/\/info.sadowne.pl\/index.php?rest_route=\/wp\/v2\/posts\/21182\/revisions"}],"predecessor-version":[{"id":21190,"href":"https:\/\/info.sadowne.pl\/index.php?rest_route=\/wp\/v2\/posts\/21182\/revisions\/21190"}],"wp:attachment":[{"href":"https:\/\/info.sadowne.pl\/index.php?rest_route=%2Fwp%2Fv2%2Fmedia&parent=21182"}],"wp:term":[{"taxonomy":"category","embeddable":true,"href":"https:\/\/info.sadowne.pl\/index.php?rest_route=%2Fwp%2Fv2%2Fcategories&post=21182"},{"taxonomy":"post_tag","embeddable":true,"href":"https:\/\/info.sadowne.pl\/index.php?rest_route=%2Fwp%2Fv2%2Ftags&post=21182"}],"curies":[{"name":"wp","href":"https:\/\/api.w.org\/{rel}","templated":true}]}}