{"id":21208,"date":"2019-10-09T13:30:37","date_gmt":"2019-10-09T11:30:37","guid":{"rendered":"http:\/\/info.sadowne.pl\/?p=21208"},"modified":"2019-10-09T13:30:37","modified_gmt":"2019-10-09T11:30:37","slug":"internauci-pytaja","status":"publish","type":"post","link":"https:\/\/info.sadowne.pl\/?p=21208","title":{"rendered":"Internauci pytaj\u0105!"},"content":{"rendered":"<p><strong><a href=\"http:\/\/info.sadowne.pl\/wp-content\/uploads\/2019\/10\/2019.10.09.1.jpg\" target=\"_blank\" rel=\"noopener noreferrer\"><img loading=\"lazy\" decoding=\"async\" class=\"alignleft wp-image-21209 size-thumbnail\" src=\"http:\/\/info.sadowne.pl\/wp-content\/uploads\/2019\/10\/2019.10.09.1-180x130.jpg\" alt=\"\" width=\"180\" height=\"130\" \/><\/a>Tym razem internauci pytaj\u0105 o post\u0119puj\u0105ce zmiany krajobrazu w Nadbu\u017ca\u0144skim Parku Krajobrazowym. <\/strong><!--more--><\/p>\n<p>Pytania kierujemy drog\u0105 elektroniczn\u0105 do Dyrekcji Nadbu\u017ca\u0144skiego Parku Krajobrazowego oraz Mazowieckiego Zespo\u0142u Park\u00f3w Krajobrazowych w Otwocku i\u2026 czekamy na odpowiedzi. Oto tre\u015b\u0107 wiadomo\u015bci:<\/p>\n<p><em>Pytanie \u2013 zmiany w NPK<\/em><\/p>\n<p><em>Dzie\u0144 dobry! Jestem administratorem strony internetowej Info Sadowne, kt\u00f3ra jest nieoficjalnym portalem informacyjnym o gminie Sadowne, powiat W\u0119gr\u00f3w. Czytelnicy zobowi\u0105zali mnie do zadania Pa\u0144stwu pytania na temat ostatnich wycinek lasu w okolicach Sadownego, o kt\u00f3rych pisali\u015bmy w artykule na stronie <a href=\"http:\/\/info.sadowne.pl\/?p=21159\" target=\"_blank\" rel=\"noopener noreferrer\">http:\/\/info.sadowne.pl\/?p=21159<\/a>. <\/em><\/p>\n<p><em>Ot\u00f3\u017c naszych mieszka\u0144c\u00f3w interesuje, czy tak masowy wyr\u0105b lasu i na tak znacznym obszarze w okolicy m. Sadowne nast\u0119puje za zgod\u0105 Dyrekcji Nadbu\u017ca\u0144skiego Parku Krajobrazowego czy te\u017c Mazowieckiego Zespo\u0142u Park\u00f3w Krajobrazowych? Czy nie da si\u0119 jej zatrzyma\u0107 i powstrzyma\u0107 tak radykalnych zmian dla flory i fauny naszego Parku Krajobrazowego? <\/em><\/p>\n<p><em>Kilkana\u015bcie dni temu zadali\u015bmy podobne pytanie poczt\u0105 elektroniczn\u0105 Dyrekcji NPK, ale dotychczas nie uzyskali\u015bmy odpowiedzi \u2013 mo\u017ce tym razem si\u0119 uda i to w miar\u0119 szybko, bo \u201elas ginie\u201d, co wi\u0105\u017ce si\u0119 z szybko post\u0119puj\u0105c\u0105 zmian\u0105 krajobrazu na niekorzy\u015b\u0107 i to w Parku, kt\u00f3ry szczyci si\u0119 niepowtarzalnym krajobrazem. Zmiany widoczne s\u0105 zw\u0142aszcza przy drodze krajowej nr 50 na odcinku Sadowne \u2013 Zieleniec i drodze powiatowej Sadowne \u2013 Stacja PKP Sadowne oraz Sadowne \u2013 Sok\u00f3\u0142ka, kt\u00f3re to tereny w ca\u0142o\u015bci le\u017c\u0105 w granicach Nadbu\u017ca\u0144skiego Parku Krajobrazowego.<\/em><\/p>\n<p><em>Bardzo prosz\u0119 o szybk\u0105 odpowied\u017a, kt\u00f3r\u0105 zechcemy opublikowa\u0107 na naszym portalu Info Sadowne.<\/em><\/p>\n<p><strong>Tekst\/foto:<\/strong> S\u0142awek Chyli\u0144ski<\/p>\n","protected":false},"excerpt":{"rendered":"<p>Tym razem internauci pytaj\u0105 o post\u0119puj\u0105ce zmiany krajobrazu w Nadbu\u017ca\u0144skim Parku Krajobrazowym.<\/p>\n","protected":false},"author":1,"featured_media":0,"comment_status":"closed","ping_status":"closed","sticky":false,"template":"","format":"standard","meta":{"footnotes":""},"categories":[5,1,2449],"tags":[2436,3169,3219],"class_list":["post-21208","post","type-post","status-publish","format-standard","hentry","category-newsy","category-inne","category-mieszkancy-pytaja","tag-mieszkancy-pytaja","tag-nadbuzanski-park-krajobrazowy","tag-zespol-parkow-krajobrazowych-w-otwocku"],"views":2827,"_links":{"self":[{"href":"https:\/\/info.sadowne.pl\/index.php?rest_route=\/wp\/v2\/posts\/21208","targetHints":{"allow":["GET"]}}],"collection":[{"href":"https:\/\/info.sadowne.pl\/index.php?rest_route=\/wp\/v2\/posts"}],"about":[{"href":"https:\/\/info.sadowne.pl\/index.php?rest_route=\/wp\/v2\/types\/post"}],"author":[{"embeddable":true,"href":"https:\/\/info.sadowne.pl\/index.php?rest_route=\/wp\/v2\/users\/1"}],"replies":[{"embeddable":true,"href":"https:\/\/info.sadowne.pl\/index.php?rest_route=%2Fwp%2Fv2%2Fcomments&post=21208"}],"version-history":[{"count":1,"href":"https:\/\/info.sadowne.pl\/index.php?rest_route=\/wp\/v2\/posts\/21208\/revisions"}],"predecessor-version":[{"id":21210,"href":"https:\/\/info.sadowne.pl\/index.php?rest_route=\/wp\/v2\/posts\/21208\/revisions\/21210"}],"wp:attachment":[{"href":"https:\/\/info.sadowne.pl\/index.php?rest_route=%2Fwp%2Fv2%2Fmedia&parent=21208"}],"wp:term":[{"taxonomy":"category","embeddable":true,"href":"https:\/\/info.sadowne.pl\/index.php?rest_route=%2Fwp%2Fv2%2Fcategories&post=21208"},{"taxonomy":"post_tag","embeddable":true,"href":"https:\/\/info.sadowne.pl\/index.php?rest_route=%2Fwp%2Fv2%2Ftags&post=21208"}],"curies":[{"name":"wp","href":"https:\/\/api.w.org\/{rel}","templated":true}]}}