{"id":21212,"date":"2019-10-10T19:35:03","date_gmt":"2019-10-10T17:35:03","guid":{"rendered":"http:\/\/info.sadowne.pl\/?p=21212"},"modified":"2019-10-10T19:35:03","modified_gmt":"2019-10-10T17:35:03","slug":"i-wszystko-jasne","status":"publish","type":"post","link":"https:\/\/info.sadowne.pl\/?p=21212","title":{"rendered":"I wszystko jasne\u2026"},"content":{"rendered":"<p><strong><a href=\"http:\/\/info.sadowne.pl\/wp-content\/uploads\/2019\/10\/2019.10.10.2.jpg\" target=\"_blank\" rel=\"noopener noreferrer\"><img loading=\"lazy\" decoding=\"async\" class=\"alignleft wp-image-21215 size-thumbnail\" src=\"http:\/\/info.sadowne.pl\/wp-content\/uploads\/2019\/10\/2019.10.10.2-180x130.jpg\" alt=\"\" width=\"180\" height=\"130\" \/><\/a>Mamy ju\u017c odpowied\u017a na zapytanie internaut\u00f3w dot. wycinki las\u00f3w w okolicach Sadownego. Wg NPK wycinka odbywa si\u0119 zgodnie z planem urz\u0105dzania las\u00f3w zatwierdzonym przez Ministra \u015arodowiska.<\/strong><!--more--><\/p>\n<p><strong>Przypomnimy, \u017ce 9 pa\u017adziernika zwr\u00f3cili\u015bmy si\u0119 do Dyrekcji Nadbu\u017ca\u0144skiego Parku Krajobrazowego i Zespo\u0142u Park\u00f3w Krajobrazowych w Otwocku z pytaniami tre\u015bci:<\/strong><\/p>\n<p><em>Naszych mieszka\u0144c\u00f3w interesuje, czy tak masowy wyr\u0105b lasu i na tak znacznym obszarze w okolicy m. Sadowne nast\u0119puje za zgod\u0105 Dyrekcji Nadbu\u017ca\u0144skiego Parku Krajobrazowego czy te\u017c Mazowieckiego Zespo\u0142u Park\u00f3w Krajobrazowych? Czy nie da si\u0119 jej zatrzyma\u0107 i powstrzyma\u0107 tak radykalnych zmian dla flory i fauny naszego Parku Krajobrazowego?<\/em><\/p>\n<p><strong>Ju\u017c w dniu dzisiejszym (10.10.2019) uzyskali\u015bmy pierwsz\u0105 i by\u0107 mo\u017ce jedyn\u0105 odpowied\u017a.<\/strong> Z upowa\u017cnienia Dyrektora NPK odpowiada p. Krzysztof Fedorczyk &#8211; p.o. Kierownika ds. Nadbu\u017ca\u0144skiego Parku Krajobrazowego, podaj\u0105c, i\u017c wycinka drzew odbywa si\u0119 zgodnie z planem urz\u0105dzania las\u00f3w zatwierdzonym przez Ministra \u015arodowiska, a Dyrektor Mazowieckiego Zespo\u0142u Park\u00f3w Krajobrazowych nie posiada kompetencji, \u017ceby zmienia\u0107 zatwierdzony przez Ministra \u015arodowiska plan urz\u0105dzania las\u00f3w. <span style=\"color: #0000ff;\"><strong><a style=\"color: #0000ff;\" href=\"http:\/\/info.sadowne.pl\/wp-content\/uploads\/2019\/10\/2019.10.10.1.pdf\" target=\"_blank\" rel=\"noopener noreferrer\">Oto przedmiotowe pismo NPK&gt;&gt;&gt;<\/a><\/strong><\/span><\/p>\n<p><strong>O problemie wycinki drzew, opisanym w Portalu Info Sadowne, by\u0142a r\u00f3wnie\u017c mowa w ko\u0144cowej cz\u0119\u015bci XIII Sesji Rady Gminy Sadowne, kt\u00f3ra odby\u0142a si\u0119 10 pa\u017adziernika br.<\/strong> Informowa\u0142 o tym radnych W\u00f3jt Gminy Sadowne p. Waldemar Cyran. Stwierdzi\u0142, i\u017c zainteresowa\u0142 si\u0119 spraw\u0105 i zwr\u00f3ci\u0142 si\u0119 z podobnym zapytaniem do Nadle\u015bnictwa w \u0141ochowie, kt\u00f3re w imieniu Skarbu Pa\u0144stwa sprawuje nadz\u00f3r nad przedmiotowym terenem. Odpowied\u017a Nadle\u015bnictwa by\u0142a oczywi\u015bcie zgodna z tre\u015bci\u0105 otrzymanego przez nas pisma z NPK. <span style=\"color: #0000ff;\"><a style=\"color: #0000ff;\" href=\"https:\/\/www.youtube.com\/watch?v=8QT7ikKb22U\" target=\"_blank\" rel=\"noopener noreferrer\"><strong>Polecam relacj\u0119 na youtube z XIII Sesji Rady Gminy Sadowne&gt;&gt;&gt;<\/strong><\/a><\/span><\/p>\n<p><strong>I wszystko jasne\u2026<\/strong> Sadowie\u0144ska \u201erzecz\u201ddzieje si\u0119 zgodnie z planem zatwierdzonym na wysokim szczeblu i nikt nie jest w stanie go zmieni\u0107, a mo\u017ce nikt si\u0119 nawet nie odwa\u017cy pomy\u015ble\u0107 o zmianie.<\/p>\n<p><strong>No c\u00f3\u017c<\/strong>, pono\u0107 \u201eci\u0105g\u0142o\u015b\u0107 gospodarki le\u015bnej\u201d w Lasach Pa\u0144stwowych b\u0119dzie zachowana. <strong>A krajobraz?<\/strong> To ju\u017c zale\u017cy od \u201epunktu widzenia\u201d, a mo\u017ce&#8230;<\/p>\n<p><strong>Tekst:<\/strong> S\u0142awek Chyli\u0144ski<\/p>\n","protected":false},"excerpt":{"rendered":"<p>Mamy ju\u017c odpowied\u017a na zapytanie internaut\u00f3w dot. wycinki las\u00f3w w okolicach Sadownego. Wg NPK wycinka odbywa si\u0119 zgodnie z planem urz\u0105dzania las\u00f3w zatwierdzonym przez Ministra \u015arodowiska.<\/p>\n","protected":false},"author":1,"featured_media":0,"comment_status":"closed","ping_status":"closed","sticky":false,"template":"","format":"standard","meta":{"footnotes":""},"categories":[5,1,2449],"tags":[2436,3169,1101,3220],"class_list":["post-21212","post","type-post","status-publish","format-standard","hentry","category-newsy","category-inne","category-mieszkancy-pytaja","tag-mieszkancy-pytaja","tag-nadbuzanski-park-krajobrazowy","tag-nadlesnictwo-lochow","tag-wycinka-drzew-w-okolicach-sadownego"],"views":3378,"_links":{"self":[{"href":"https:\/\/info.sadowne.pl\/index.php?rest_route=\/wp\/v2\/posts\/21212","targetHints":{"allow":["GET"]}}],"collection":[{"href":"https:\/\/info.sadowne.pl\/index.php?rest_route=\/wp\/v2\/posts"}],"about":[{"href":"https:\/\/info.sadowne.pl\/index.php?rest_route=\/wp\/v2\/types\/post"}],"author":[{"embeddable":true,"href":"https:\/\/info.sadowne.pl\/index.php?rest_route=\/wp\/v2\/users\/1"}],"replies":[{"embeddable":true,"href":"https:\/\/info.sadowne.pl\/index.php?rest_route=%2Fwp%2Fv2%2Fcomments&post=21212"}],"version-history":[{"count":2,"href":"https:\/\/info.sadowne.pl\/index.php?rest_route=\/wp\/v2\/posts\/21212\/revisions"}],"predecessor-version":[{"id":21216,"href":"https:\/\/info.sadowne.pl\/index.php?rest_route=\/wp\/v2\/posts\/21212\/revisions\/21216"}],"wp:attachment":[{"href":"https:\/\/info.sadowne.pl\/index.php?rest_route=%2Fwp%2Fv2%2Fmedia&parent=21212"}],"wp:term":[{"taxonomy":"category","embeddable":true,"href":"https:\/\/info.sadowne.pl\/index.php?rest_route=%2Fwp%2Fv2%2Fcategories&post=21212"},{"taxonomy":"post_tag","embeddable":true,"href":"https:\/\/info.sadowne.pl\/index.php?rest_route=%2Fwp%2Fv2%2Ftags&post=21212"}],"curies":[{"name":"wp","href":"https:\/\/api.w.org\/{rel}","templated":true}]}}