{"id":21217,"date":"2019-10-10T21:03:43","date_gmt":"2019-10-10T19:03:43","guid":{"rendered":"http:\/\/info.sadowne.pl\/?p=21217"},"modified":"2019-10-10T21:03:43","modified_gmt":"2019-10-10T19:03:43","slug":"bruksela-da-sie-lubic","status":"publish","type":"post","link":"https:\/\/info.sadowne.pl\/?p=21217","title":{"rendered":"Bruksela da si\u0119 lubi\u0107\u2026"},"content":{"rendered":"<p><strong><a href=\"http:\/\/info.sadowne.pl\/wp-content\/uploads\/2019\/10\/2019.10.10.11.jpg\" target=\"_blank\" rel=\"noopener noreferrer\"><img loading=\"lazy\" decoding=\"async\" class=\"alignleft wp-image-21218 size-thumbnail\" src=\"http:\/\/info.sadowne.pl\/wp-content\/uploads\/2019\/10\/2019.10.10.11-180x130.jpg\" alt=\"\" width=\"180\" height=\"130\" \/><\/a>Sadowie\u0144scy samorz\u0105dowcy i wilczog\u0119bscy stra\u017cacy odwiedzili siedzib\u0119 Parlamentu Europejskiego i innych instytucji Unii Europejskiej.<\/strong><!--more--><\/p>\n<p>W dniach 5-9 pa\u017adziernika br. 22-osobowa grupa samorz\u0105dowc\u00f3w z Sadownego i stra\u017cak\u00f3w z OSP w Wilczog\u0119bach wzi\u0119\u0142a udzia\u0142 w wycieczce autokarowej do Brukseli i Antwerpii na zaproszenie p. Jaros\u0142awa Kalinowskiego, pos\u0142a do Parlamentu Europejskiego. Zaproszenie to zosta\u0142o przekazane przez Pana Europos\u0142a przy okazji obchod\u00f3w 100-lecia istnienia Ochotniczej Stra\u017cy Po\u017carnej w Wilczog\u0119bach w czerwcu br.<\/p>\n<p><img loading=\"lazy\" decoding=\"async\" class=\"aligncenter size-full wp-image-21219\" src=\"http:\/\/info.sadowne.pl\/wp-content\/uploads\/2019\/10\/2019.10.10.12.jpg\" alt=\"\" width=\"603\" height=\"403\" srcset=\"https:\/\/info.sadowne.pl\/wp-content\/uploads\/2019\/10\/2019.10.10.12.jpg 603w, https:\/\/info.sadowne.pl\/wp-content\/uploads\/2019\/10\/2019.10.10.12-300x200.jpg 300w\" sizes=\"auto, (max-width: 603px) 100vw, 603px\" \/><\/p>\n<p>Samorz\u0105dowcom i stra\u017cakom towarzyszy\u0142a w tym wyje\u017adzie podobnej wielko\u015bci grupa cz\u0142onk\u00f3w \u015apiewaczego Ko\u0142a Senior\u00f3w i przedstawicieli w\u0142adz samorz\u0105dowych z gminy Goworowo w pow. ostro\u0142\u0119ckim. By\u0142 to ju\u017c pi\u0105ty w tym roku taki wyjazd zorganizowany z inicjatywy p. J. Kalinowskiego dla samorz\u0105dowc\u00f3w i organizacji z r\u00f3\u017cnych gmin wojew\u00f3dztwa mazowieckiego.<\/p>\n<p><img loading=\"lazy\" decoding=\"async\" class=\"aligncenter size-full wp-image-21220\" src=\"http:\/\/info.sadowne.pl\/wp-content\/uploads\/2019\/10\/2019.10.10.13.jpg\" alt=\"\" width=\"603\" height=\"403\" srcset=\"https:\/\/info.sadowne.pl\/wp-content\/uploads\/2019\/10\/2019.10.10.13.jpg 603w, https:\/\/info.sadowne.pl\/wp-content\/uploads\/2019\/10\/2019.10.10.13-300x200.jpg 300w\" sizes=\"auto, (max-width: 603px) 100vw, 603px\" \/><\/p>\n<p>Podr\u00f3\u017c odby\u0142a si\u0119 autokarem i to by\u0142a najbardziej uci\u0105\u017cliwa cz\u0119\u015b\u0107 wizyty, bo sp\u0119dzili\u015bmy w nim 20 godzin w tamt\u0105 stron\u0119 i niewiele mniej w drodze powrotnej (w sumie ponad 2500 km). Ale warto by\u0142o si\u0119 pom\u0119czy\u0107. Przejazd autokarem by\u0142 okazj\u0105 dla poznania si\u0119 wszystkich uczestnik\u00f3w wyjazdu, rozm\u00f3w czym si\u0119 zajmujemy i jak nam si\u0119 \u017cyje w naszych gminach, wsp\u00f3lnych \u015bpiew\u00f3w, w czym wodzili rej cz\u0142onkowie zespo\u0142u z Goworowa. W drodze powrotnej dosz\u0142a oczywi\u015bcie wymiana wra\u017ce\u0144 z wyjazdu i spotka\u0144 z Europos\u0142em J. Kalinowskim. Nieocenion\u0105 opiek\u0119 i pomoc zapewnia\u0142a nam w podr\u00f3\u017cy i w Brukseli p. Natalia Dobrowolska z warszawskiego biura Europos\u0142a.<\/p>\n<p><img loading=\"lazy\" decoding=\"async\" class=\"aligncenter size-full wp-image-21221\" src=\"http:\/\/info.sadowne.pl\/wp-content\/uploads\/2019\/10\/2019.10.10.14.jpg\" alt=\"\" width=\"603\" height=\"403\" srcset=\"https:\/\/info.sadowne.pl\/wp-content\/uploads\/2019\/10\/2019.10.10.14.jpg 603w, https:\/\/info.sadowne.pl\/wp-content\/uploads\/2019\/10\/2019.10.10.14-300x200.jpg 300w\" sizes=\"auto, (max-width: 603px) 100vw, 603px\" \/><\/p>\n<p>Ju\u017c w trakcie podr\u00f3\u017cy mo\u017cna by\u0142o do\u015bwiadczy\u0107 wiele dobrodziejstw wynikaj\u0105cych z cz\u0142onkostwa Polski w UE. Od Wyszkowa do samej Brukseli i z powrotem jechali\u015bmy co najmniej dwupasmowymi drogami szybkiego ruchu i autostradami, z kt\u00f3rych wiele zosta\u0142o pobudowanych lub zmodernizowanych przy wsparciu finansowym Unii. I chocia\u017c za ka\u017cdym razem przekraczali\u015bmy trzy granice, nikt nie wymaga\u0142 od nas \u017cadnych dokument\u00f3w, a o tym, \u017ce jeste\u015bmy w innym kraju mogli\u015bmy zorientowa\u0107 si\u0119 po zmieniaj\u0105cych si\u0119 j\u0119zykach na napisach przy drodze i SMS-ach od operator\u00f3w telefon\u00f3w kom\u00f3rkowych.<\/p>\n<p><img loading=\"lazy\" decoding=\"async\" class=\"aligncenter size-full wp-image-21222\" src=\"http:\/\/info.sadowne.pl\/wp-content\/uploads\/2019\/10\/2019.10.10.15.jpg\" alt=\"\" width=\"603\" height=\"403\" srcset=\"https:\/\/info.sadowne.pl\/wp-content\/uploads\/2019\/10\/2019.10.10.15.jpg 603w, https:\/\/info.sadowne.pl\/wp-content\/uploads\/2019\/10\/2019.10.10.15-300x200.jpg 300w\" sizes=\"auto, (max-width: 603px) 100vw, 603px\" \/><\/p>\n<p>Dzi\u0119ki bezp\u0142atnemu roamingowi na terenie Niemiec, Holandii i Belgii mogli\u015bmy rozmawia\u0107 i wysy\u0142a\u0107 SMS do naszych bliskich i wsp\u00f3\u0142pracownik\u00f3w bez obaw o zwi\u0119kszone rachunki za telefon. Poza terytorium Polski nie musieli\u015bmy te\u017c kolejno wymienia\u0107 z\u0142ot\u00f3wek na inne waluty, bo wsz\u0119dzie by\u0142a ta sama \u2013 Euro. Zreszt\u0105 wi\u0119kszo\u015b\u0107 wydatk\u00f3w mo\u017cna by\u0142o pokrywa\u0107 przy pomocy naszych kart kredytowych.<\/p>\n<p><img loading=\"lazy\" decoding=\"async\" class=\"aligncenter size-full wp-image-21223\" src=\"http:\/\/info.sadowne.pl\/wp-content\/uploads\/2019\/10\/2019.10.10.16.jpg\" alt=\"\" width=\"603\" height=\"403\" srcset=\"https:\/\/info.sadowne.pl\/wp-content\/uploads\/2019\/10\/2019.10.10.16.jpg 603w, https:\/\/info.sadowne.pl\/wp-content\/uploads\/2019\/10\/2019.10.10.16-300x200.jpg 300w\" sizes=\"auto, (max-width: 603px) 100vw, 603px\" \/><\/p>\n<p>Bruksela przywita\u0142a nas typowa belgijsk\u0105 pogod\u0105 \u2013 deszczem i wiatrem, kt\u00f3re z przerw\u0105 w poniedzia\u0142ek, towarzyszy\u0142y nam prawie przez ca\u0142y pobyt. Ale na to byli\u015bmy przygotowani.<\/p>\n<p><img loading=\"lazy\" decoding=\"async\" class=\"aligncenter size-full wp-image-21224\" src=\"http:\/\/info.sadowne.pl\/wp-content\/uploads\/2019\/10\/2019.10.10.17.jpg\" alt=\"\" width=\"603\" height=\"403\" srcset=\"https:\/\/info.sadowne.pl\/wp-content\/uploads\/2019\/10\/2019.10.10.17.jpg 603w, https:\/\/info.sadowne.pl\/wp-content\/uploads\/2019\/10\/2019.10.10.17-300x200.jpg 300w\" sizes=\"auto, (max-width: 603px) 100vw, 603px\" \/><\/p>\n<p>Pierwszym zaskoczeniem by\u0142y w\u0105skie ulice i brak miejsc na zaparkowanie du\u017cego autokaru. Nie wsz\u0119dzie oczywi\u015bcie, ale pod hotel uda\u0142o nam si\u0119 dotrze\u0107 tylko dlatego, \u017ce by\u0142a niedziela. W poniedzia\u0142ek musieli\u015bmy dochodzi\u0107 kilkaset metr\u00f3w pod budynek Ministerstwa Finans\u00f3w, \u017ceby wyjecha\u0107 na spotkania, zwiedzanie miasta i kolacj\u0119.<\/p>\n<p><img loading=\"lazy\" decoding=\"async\" class=\"aligncenter size-full wp-image-21225\" src=\"http:\/\/info.sadowne.pl\/wp-content\/uploads\/2019\/10\/2019.10.10.18.jpg\" alt=\"\" width=\"603\" height=\"403\" srcset=\"https:\/\/info.sadowne.pl\/wp-content\/uploads\/2019\/10\/2019.10.10.18.jpg 603w, https:\/\/info.sadowne.pl\/wp-content\/uploads\/2019\/10\/2019.10.10.18-300x200.jpg 300w\" sizes=\"auto, (max-width: 603px) 100vw, 603px\" \/><\/p>\n<p>Po zakwaterowaniu w hotelu Villa Royale przeszli\u015bmy na obiad w restauracji Santorini na brukselskiej star\u00f3wce.<\/p>\n<p><img loading=\"lazy\" decoding=\"async\" class=\"aligncenter size-full wp-image-21226\" src=\"http:\/\/info.sadowne.pl\/wp-content\/uploads\/2019\/10\/2019.10.10.19.jpg\" alt=\"\" width=\"603\" height=\"403\" srcset=\"https:\/\/info.sadowne.pl\/wp-content\/uploads\/2019\/10\/2019.10.10.19.jpg 603w, https:\/\/info.sadowne.pl\/wp-content\/uploads\/2019\/10\/2019.10.10.19-300x200.jpg 300w\" sizes=\"auto, (max-width: 603px) 100vw, 603px\" \/><\/p>\n<p>Po posi\u0142ku cz\u0119\u015b\u0107 uczestnik\u00f3w wr\u00f3ci\u0142a do hotelu, \u017ceby odpocz\u0105\u0107 po podr\u00f3\u017cy, natomiast najbardziej wytrwali, g\u0142\u00f3wnie grupa z Sadownego i stra\u017cacy wybra\u0142a si\u0119 na zwiedzanie Grand Place (Wielki plac), czyli po prostu g\u0142\u00f3wnego rynku i jego okolic.<\/p>\n<p><img loading=\"lazy\" decoding=\"async\" class=\"aligncenter size-full wp-image-21227\" src=\"http:\/\/info.sadowne.pl\/wp-content\/uploads\/2019\/10\/2019.10.10.20.jpg\" alt=\"\" width=\"603\" height=\"403\" srcset=\"https:\/\/info.sadowne.pl\/wp-content\/uploads\/2019\/10\/2019.10.10.20.jpg 603w, https:\/\/info.sadowne.pl\/wp-content\/uploads\/2019\/10\/2019.10.10.20-300x200.jpg 300w\" sizes=\"auto, (max-width: 603px) 100vw, 603px\" \/><\/p>\n<p>Wmieszali\u015bmy si\u0119 w t\u0142um Brukselczyk\u00f3w i turyst\u00f3w, co raz napotykaj\u0105c podobne grupy do naszej, m\u00f3wi\u0105ce w r\u00f3\u017cnych j\u0119zykach.<\/p>\n<p><img loading=\"lazy\" decoding=\"async\" class=\"aligncenter size-full wp-image-21228\" src=\"http:\/\/info.sadowne.pl\/wp-content\/uploads\/2019\/10\/2019.10.10.21.jpg\" alt=\"\" width=\"603\" height=\"403\" srcset=\"https:\/\/info.sadowne.pl\/wp-content\/uploads\/2019\/10\/2019.10.10.21.jpg 603w, https:\/\/info.sadowne.pl\/wp-content\/uploads\/2019\/10\/2019.10.10.21-300x200.jpg 300w\" sizes=\"auto, (max-width: 603px) 100vw, 603px\" \/><\/p>\n<p>W trakcie tego spaceru uda\u0142o nam si\u0119 te\u017c odnale\u017a\u0107 inny symbol Brukseli \u2013 Manneken Pis (Siusiaj\u0105cego ch\u0142opczyka) i pozagl\u0105da\u0107 do sklep\u00f3w z pami\u0105tkami i wyrobami czekoladowymi. \u00a0Naszemu wieczornemu spacerowi sprzyja\u0142 p\u00f3\u017aniejszy o jak\u0105\u015b godzin\u0119 ni\u017c w Polsce zach\u00f3d S\u0142o\u0144ca. Za to nast\u0119pnego dnia rano jeszcze o si\u00f3dmej nie by\u0142o wcale tak jasno.<\/p>\n<p><img loading=\"lazy\" decoding=\"async\" class=\"aligncenter size-full wp-image-21229\" src=\"http:\/\/info.sadowne.pl\/wp-content\/uploads\/2019\/10\/2019.10.10.22.jpg\" alt=\"\" width=\"603\" height=\"403\" srcset=\"https:\/\/info.sadowne.pl\/wp-content\/uploads\/2019\/10\/2019.10.10.22.jpg 603w, https:\/\/info.sadowne.pl\/wp-content\/uploads\/2019\/10\/2019.10.10.22-300x200.jpg 300w\" sizes=\"auto, (max-width: 603px) 100vw, 603px\" \/><\/p>\n<p>A po si\u00f3dmej trzeba by\u0142o ju\u017c wstawa\u0107, \u017ceby zd\u0105\u017cy\u0107 na \u015bniadanie i autokar, kt\u00f3ry zabiera\u0142 nas do siedziby Parlamentu Europejskiego na jej zwiedzanie i spotkanie z p. J. Kalinowskim, co by\u0142o g\u0142\u00f3wnym celem naszej wizyty w Brukseli.<\/p>\n<p><img loading=\"lazy\" decoding=\"async\" class=\"aligncenter size-full wp-image-21230\" src=\"http:\/\/info.sadowne.pl\/wp-content\/uploads\/2019\/10\/2019.10.10.23.jpg\" alt=\"\" width=\"603\" height=\"403\" srcset=\"https:\/\/info.sadowne.pl\/wp-content\/uploads\/2019\/10\/2019.10.10.23.jpg 603w, https:\/\/info.sadowne.pl\/wp-content\/uploads\/2019\/10\/2019.10.10.23-300x200.jpg 300w\" sizes=\"auto, (max-width: 603px) 100vw, 603px\" \/><\/p>\n<p>Wyci\u0105gn\u0119li\u015bmy na t\u0119 okazj\u0119 z walizek bardziej uroczyste stroje: panie sukienki, a panowie koszule, marynarki, a niekt\u00f3rzy nawet krawaty, \u017ceby godnie prezentowa\u0107 si\u0119 na europejskich salonach.<\/p>\n<p><img loading=\"lazy\" decoding=\"async\" class=\"aligncenter size-full wp-image-21231\" src=\"http:\/\/info.sadowne.pl\/wp-content\/uploads\/2019\/10\/2019.10.10.24.jpg\" alt=\"\" width=\"603\" height=\"403\" srcset=\"https:\/\/info.sadowne.pl\/wp-content\/uploads\/2019\/10\/2019.10.10.24.jpg 603w, https:\/\/info.sadowne.pl\/wp-content\/uploads\/2019\/10\/2019.10.10.24-300x200.jpg 300w\" sizes=\"auto, (max-width: 603px) 100vw, 603px\" \/><\/p>\n<p>Doje\u017cd\u017caj\u0105c do budynku Parlamentu da\u0142o si\u0119 odczu\u0107, \u017ce jeste\u015bmy w stolicy Europy.<\/p>\n<p><img loading=\"lazy\" decoding=\"async\" class=\"aligncenter size-full wp-image-21232\" src=\"http:\/\/info.sadowne.pl\/wp-content\/uploads\/2019\/10\/2019.10.10.25.jpg\" alt=\"\" width=\"603\" height=\"403\" srcset=\"https:\/\/info.sadowne.pl\/wp-content\/uploads\/2019\/10\/2019.10.10.25.jpg 603w, https:\/\/info.sadowne.pl\/wp-content\/uploads\/2019\/10\/2019.10.10.25-300x200.jpg 300w\" sizes=\"auto, (max-width: 603px) 100vw, 603px\" \/><\/p>\n<p>Ogromny budynek z flagami wszystkich pa\u0144stw Unii i napisami w 24 j\u0119zykach urz\u0119dowych, w tym oczywi\u015bcie polskim, od razu rzuci\u0142y nam si\u0119 w oczy.<\/p>\n<p><img loading=\"lazy\" decoding=\"async\" class=\"aligncenter size-full wp-image-21233\" src=\"http:\/\/info.sadowne.pl\/wp-content\/uploads\/2019\/10\/2019.10.10.26.jpg\" alt=\"\" width=\"603\" height=\"403\" srcset=\"https:\/\/info.sadowne.pl\/wp-content\/uploads\/2019\/10\/2019.10.10.26.jpg 603w, https:\/\/info.sadowne.pl\/wp-content\/uploads\/2019\/10\/2019.10.10.26-300x200.jpg 300w\" sizes=\"auto, (max-width: 603px) 100vw, 603px\" \/><\/p>\n<p>Z podziemnego gara\u017cu podeszli\u015bmy do wej\u015bcia, gdzie czekali ju\u017c na nas asystenci Europos\u0142a, p.p. Mariusz Suchecki i Jakub Szczepaniak, kt\u00f3rzy towarzyszyli nam przez ca\u0142y czas w budynku.<\/p>\n<p><img loading=\"lazy\" decoding=\"async\" class=\"aligncenter size-full wp-image-21234\" src=\"http:\/\/info.sadowne.pl\/wp-content\/uploads\/2019\/10\/2019.10.10.27.jpg\" alt=\"\" width=\"603\" height=\"403\" srcset=\"https:\/\/info.sadowne.pl\/wp-content\/uploads\/2019\/10\/2019.10.10.27.jpg 603w, https:\/\/info.sadowne.pl\/wp-content\/uploads\/2019\/10\/2019.10.10.27-300x200.jpg 300w\" sizes=\"auto, (max-width: 603px) 100vw, 603px\" \/><\/p>\n<p><img loading=\"lazy\" decoding=\"async\" class=\"aligncenter size-full wp-image-21235\" src=\"http:\/\/info.sadowne.pl\/wp-content\/uploads\/2019\/10\/2019.10.10.28.jpg\" alt=\"\" width=\"603\" height=\"403\" srcset=\"https:\/\/info.sadowne.pl\/wp-content\/uploads\/2019\/10\/2019.10.10.28.jpg 603w, https:\/\/info.sadowne.pl\/wp-content\/uploads\/2019\/10\/2019.10.10.28-300x200.jpg 300w\" sizes=\"auto, (max-width: 603px) 100vw, 603px\" \/><\/p>\n<p>\u017beby si\u0119 do niego dosta\u0107 trzeba by\u0142o najpierw podda\u0107 si\u0119 dok\u0142adnej kontroli, takiej jak na lotniskach. Musieli\u015bmy te\u017c naklei\u0107 na ubranie niebiesk\u0105 nalepk\u0119 przeznaczon\u0105 dla zwiedzaj\u0105cych Parlament i oznaczaj\u0105c\u0105, \u017ce przeszli\u015bmy kontrol\u0119 przy wej\u015bciu. Ale nawet z nalepk\u0105 mogli\u015bmy si\u0119 porusza\u0107 tylko wyznaczonymi korytarzami i windami i wchodzi\u0107 do wybranych pomieszcze\u0144.<\/p>\n<p>&nbsp;<\/p>\n<p><img loading=\"lazy\" decoding=\"async\" class=\"aligncenter size-full wp-image-21236\" src=\"http:\/\/info.sadowne.pl\/wp-content\/uploads\/2019\/10\/2019.10.10.29.jpg\" alt=\"\" width=\"603\" height=\"403\" srcset=\"https:\/\/info.sadowne.pl\/wp-content\/uploads\/2019\/10\/2019.10.10.29.jpg 603w, https:\/\/info.sadowne.pl\/wp-content\/uploads\/2019\/10\/2019.10.10.29-300x200.jpg 300w\" sizes=\"auto, (max-width: 603px) 100vw, 603px\" \/><\/p>\n<p><img loading=\"lazy\" decoding=\"async\" class=\"aligncenter size-full wp-image-21237\" src=\"http:\/\/info.sadowne.pl\/wp-content\/uploads\/2019\/10\/2019.10.10.30.jpg\" alt=\"\" width=\"603\" height=\"403\" srcset=\"https:\/\/info.sadowne.pl\/wp-content\/uploads\/2019\/10\/2019.10.10.30.jpg 603w, https:\/\/info.sadowne.pl\/wp-content\/uploads\/2019\/10\/2019.10.10.30-300x200.jpg 300w\" sizes=\"auto, (max-width: 603px) 100vw, 603px\" \/><\/p>\n<p>Po sesji zdj\u0119ciowej w holu dla zwiedzaj\u0105cych przeszli\u015bmy do niewielkiej sali konferencyjnej na prelekcj\u0119 o Parlamencie Europejskim, kt\u00f3ra przedstawi\u0142 p. Leszek Ga\u015b.<\/p>\n<p><img loading=\"lazy\" decoding=\"async\" class=\"aligncenter size-full wp-image-21238\" src=\"http:\/\/info.sadowne.pl\/wp-content\/uploads\/2019\/10\/2019.10.10.31.jpg\" alt=\"\" width=\"603\" height=\"403\" srcset=\"https:\/\/info.sadowne.pl\/wp-content\/uploads\/2019\/10\/2019.10.10.31.jpg 603w, https:\/\/info.sadowne.pl\/wp-content\/uploads\/2019\/10\/2019.10.10.31-300x200.jpg 300w\" sizes=\"auto, (max-width: 603px) 100vw, 603px\" \/><\/p>\n<p><img loading=\"lazy\" decoding=\"async\" class=\"aligncenter size-full wp-image-21239\" src=\"http:\/\/info.sadowne.pl\/wp-content\/uploads\/2019\/10\/2019.10.10.32.jpg\" alt=\"\" width=\"603\" height=\"403\" srcset=\"https:\/\/info.sadowne.pl\/wp-content\/uploads\/2019\/10\/2019.10.10.32.jpg 603w, https:\/\/info.sadowne.pl\/wp-content\/uploads\/2019\/10\/2019.10.10.32-300x200.jpg 300w\" sizes=\"auto, (max-width: 603px) 100vw, 603px\" \/><\/p>\n<p>&nbsp;<\/p>\n<p>Po prelekcji przeszli\u015bmy na galeri\u0119 do sali posiedze\u0144 plenarnych Parlamentu, w czasie kiedy pracuje on w Brukseli.<\/p>\n<p><img loading=\"lazy\" decoding=\"async\" class=\"aligncenter size-full wp-image-21240\" src=\"http:\/\/info.sadowne.pl\/wp-content\/uploads\/2019\/10\/2019.10.10.33.jpg\" alt=\"\" width=\"603\" height=\"403\" srcset=\"https:\/\/info.sadowne.pl\/wp-content\/uploads\/2019\/10\/2019.10.10.33.jpg 603w, https:\/\/info.sadowne.pl\/wp-content\/uploads\/2019\/10\/2019.10.10.33-300x200.jpg 300w\" sizes=\"auto, (max-width: 603px) 100vw, 603px\" \/><\/p>\n<p>&nbsp;<\/p>\n<p>Jego inn\u0105, g\u0142\u00f3wn\u0105 siedzib\u0105 jest Strasburg i tam przede wszystkim odbywaj\u0105 si\u0119 jego obrady w pe\u0142nym sk\u0142adzie.<\/p>\n<p><img loading=\"lazy\" decoding=\"async\" class=\"aligncenter size-full wp-image-21241\" src=\"http:\/\/info.sadowne.pl\/wp-content\/uploads\/2019\/10\/2019.10.10.34.jpg\" alt=\"\" width=\"603\" height=\"403\" srcset=\"https:\/\/info.sadowne.pl\/wp-content\/uploads\/2019\/10\/2019.10.10.34.jpg 603w, https:\/\/info.sadowne.pl\/wp-content\/uploads\/2019\/10\/2019.10.10.34-300x200.jpg 300w\" sizes=\"auto, (max-width: 603px) 100vw, 603px\" \/><\/p>\n<p>Ale r\u00f3wnie\u017c w Brukseli, w ogromnej sali mo\u017ce zasi\u0105\u015b\u0107 jednocze\u015bnie wszystkich 751 europos\u0142\u00f3w w towarzystwie przedstawicieli innych instytucji Unii Europejskiej i r\u00f3\u017cnych delegacji. Nad sal\u0105 znajduj\u0105 si\u0119 24 kabiny t\u0142umaczy na wszystkie j\u0119zyki urz\u0119dowe Unii, aby ka\u017cdy europose\u0142 m\u00f3g\u0142 wyst\u0119powa\u0107 w swoim j\u0119zyku ojczystym. Chocia\u017c w sali nie by\u0142o europos\u0142\u00f3w, sam jej widok robi\u0142 du\u017ce wra\u017cenie.<\/p>\n<p><img loading=\"lazy\" decoding=\"async\" class=\"aligncenter size-full wp-image-21242\" src=\"http:\/\/info.sadowne.pl\/wp-content\/uploads\/2019\/10\/2019.10.10.35.jpg\" alt=\"\" width=\"603\" height=\"403\" srcset=\"https:\/\/info.sadowne.pl\/wp-content\/uploads\/2019\/10\/2019.10.10.35.jpg 603w, https:\/\/info.sadowne.pl\/wp-content\/uploads\/2019\/10\/2019.10.10.35-300x200.jpg 300w\" sizes=\"auto, (max-width: 603px) 100vw, 603px\" \/><\/p>\n<p>Trwa\u0142y w niej przygotowania do sesji otwieraj\u0105cej Europejski Tydzie\u0144 Region\u00f3w i Miast, zaplanowanej w tym dniu.<\/p>\n<p><img loading=\"lazy\" decoding=\"async\" class=\"aligncenter size-full wp-image-21243\" src=\"http:\/\/info.sadowne.pl\/wp-content\/uploads\/2019\/10\/2019.10.10.36.jpg\" alt=\"\" width=\"603\" height=\"403\" srcset=\"https:\/\/info.sadowne.pl\/wp-content\/uploads\/2019\/10\/2019.10.10.36.jpg 603w, https:\/\/info.sadowne.pl\/wp-content\/uploads\/2019\/10\/2019.10.10.36-300x200.jpg 300w\" sizes=\"auto, (max-width: 603px) 100vw, 603px\" \/><\/p>\n<p>Z sali plenarnej znowu d\u0142ugimi korytarzami przeszli\u015bmy do sali posiedze\u0144 Europejskiej Partii Ludowej (EPP), w sk\u0142ad kt\u00f3rej z Polski wchodz\u0105 europos\u0142owie reprezentuj\u0105cy PO i PSL.<\/p>\n<p><img loading=\"lazy\" decoding=\"async\" class=\"aligncenter size-full wp-image-21244\" src=\"http:\/\/info.sadowne.pl\/wp-content\/uploads\/2019\/10\/2019.10.10.37.jpg\" alt=\"\" width=\"603\" height=\"403\" srcset=\"https:\/\/info.sadowne.pl\/wp-content\/uploads\/2019\/10\/2019.10.10.37.jpg 603w, https:\/\/info.sadowne.pl\/wp-content\/uploads\/2019\/10\/2019.10.10.37-300x200.jpg 300w\" sizes=\"auto, (max-width: 603px) 100vw, 603px\" \/><\/p>\n<p>Po drodze znale\u017ali\u015bmy si\u0119 w g\u0142\u00f3wnym holu dla europos\u0142\u00f3w, w kt\u00f3rym uwag\u0119 przyci\u0105gaj\u0105 ogromne stanowisko informacyjne na \u015brodku oraz szafki na dokumenty dla ka\u017cdego spo\u015br\u00f3d 751 europos\u0142\u00f3w.<\/p>\n<p><img loading=\"lazy\" decoding=\"async\" class=\"aligncenter size-full wp-image-21245\" src=\"http:\/\/info.sadowne.pl\/wp-content\/uploads\/2019\/10\/2019.10.10.38.jpg\" alt=\"\" width=\"603\" height=\"403\" srcset=\"https:\/\/info.sadowne.pl\/wp-content\/uploads\/2019\/10\/2019.10.10.38.jpg 603w, https:\/\/info.sadowne.pl\/wp-content\/uploads\/2019\/10\/2019.10.10.38-300x200.jpg 300w\" sizes=\"auto, (max-width: 603px) 100vw, 603px\" \/><\/p>\n<p>Oczywi\u015bcie odszukali\u015bmy od razu szafki polskich europos\u0142\u00f3w.<\/p>\n<p><img loading=\"lazy\" decoding=\"async\" class=\"aligncenter size-full wp-image-21246\" src=\"http:\/\/info.sadowne.pl\/wp-content\/uploads\/2019\/10\/2019.10.10.39.jpg\" alt=\"\" width=\"603\" height=\"403\" srcset=\"https:\/\/info.sadowne.pl\/wp-content\/uploads\/2019\/10\/2019.10.10.39.jpg 603w, https:\/\/info.sadowne.pl\/wp-content\/uploads\/2019\/10\/2019.10.10.39-300x200.jpg 300w\" sizes=\"auto, (max-width: 603px) 100vw, 603px\" \/><\/p>\n<p>W sali EPP zosta\u0142o zorganizowane nasze spotkanie z p. J. Kalinowskim.<\/p>\n<p><img loading=\"lazy\" decoding=\"async\" class=\"aligncenter size-full wp-image-21247\" src=\"http:\/\/info.sadowne.pl\/wp-content\/uploads\/2019\/10\/2019.10.10.40.jpg\" alt=\"\" width=\"603\" height=\"403\" srcset=\"https:\/\/info.sadowne.pl\/wp-content\/uploads\/2019\/10\/2019.10.10.40.jpg 603w, https:\/\/info.sadowne.pl\/wp-content\/uploads\/2019\/10\/2019.10.10.40-300x200.jpg 300w\" sizes=\"auto, (max-width: 603px) 100vw, 603px\" \/><\/p>\n<p>Przed jego przyj\u015bciem wielu by\u0142o ch\u0119tnych aby zasi\u0105\u015b\u0107 za sto\u0142em prezydialnym i uj\u0105\u0107 w r\u0119k\u0119 drewniany m\u0142otek, kt\u00f3rym przewodnicz\u0105cy obradom \u201ezaklepuje\u201d przyjmowane decyzje i ustalenia. Ka\u017cdy te\u017c z ciekawo\u015bci\u0105 ogl\u0105da\u0142 si\u0119 na ekranach monitor\u00f3w po wci\u015bni\u0119ciu klawisza uruchamiaj\u0105cego mikrofon.<\/p>\n<p><img loading=\"lazy\" decoding=\"async\" class=\"aligncenter size-full wp-image-21248\" src=\"http:\/\/info.sadowne.pl\/wp-content\/uploads\/2019\/10\/2019.10.10.41.jpg\" alt=\"\" width=\"603\" height=\"403\" srcset=\"https:\/\/info.sadowne.pl\/wp-content\/uploads\/2019\/10\/2019.10.10.41.jpg 603w, https:\/\/info.sadowne.pl\/wp-content\/uploads\/2019\/10\/2019.10.10.41-300x200.jpg 300w\" sizes=\"auto, (max-width: 603px) 100vw, 603px\" \/><\/p>\n<p>W tym czasie, towarzysz\u0105ce nam \u015bpiewaczki z Goworowa przebra\u0142y si\u0119 w stroje regionalne, aby od\u015bwi\u0119tnie przywita\u0107 Gospodarza naszej wizyty.<\/p>\n<p><img loading=\"lazy\" decoding=\"async\" class=\"aligncenter size-full wp-image-21249\" src=\"http:\/\/info.sadowne.pl\/wp-content\/uploads\/2019\/10\/2019.10.10.42.jpg\" alt=\"\" width=\"603\" height=\"403\" srcset=\"https:\/\/info.sadowne.pl\/wp-content\/uploads\/2019\/10\/2019.10.10.42.jpg 603w, https:\/\/info.sadowne.pl\/wp-content\/uploads\/2019\/10\/2019.10.10.42-300x200.jpg 300w\" sizes=\"auto, (max-width: 603px) 100vw, 603px\" \/><\/p>\n<p><img loading=\"lazy\" decoding=\"async\" class=\"aligncenter size-full wp-image-21250\" src=\"http:\/\/info.sadowne.pl\/wp-content\/uploads\/2019\/10\/2019.10.10.43.jpg\" alt=\"\" width=\"603\" height=\"403\" srcset=\"https:\/\/info.sadowne.pl\/wp-content\/uploads\/2019\/10\/2019.10.10.43.jpg 603w, https:\/\/info.sadowne.pl\/wp-content\/uploads\/2019\/10\/2019.10.10.43-300x200.jpg 300w\" sizes=\"auto, (max-width: 603px) 100vw, 603px\" \/><\/p>\n<p>Po przywitaniu si\u0119 ze wszystkimi uczestnikami wyjazdu zaj\u0105\u0142 on miejsce w\u015br\u00f3d nas, a na podium zesp\u00f3\u0142 \u015bpiewaczy rozpocz\u0105\u0142 sw\u00f3j wyst\u0119p.<\/p>\n<p><img loading=\"lazy\" decoding=\"async\" class=\"aligncenter size-full wp-image-21251\" src=\"http:\/\/info.sadowne.pl\/wp-content\/uploads\/2019\/10\/2019.10.10.44.jpg\" alt=\"\" width=\"603\" height=\"403\" srcset=\"https:\/\/info.sadowne.pl\/wp-content\/uploads\/2019\/10\/2019.10.10.44.jpg 603w, https:\/\/info.sadowne.pl\/wp-content\/uploads\/2019\/10\/2019.10.10.44-300x200.jpg 300w\" sizes=\"auto, (max-width: 603px) 100vw, 603px\" \/><\/p>\n<p>Wykona\u0142 on kilka specjalnie przygotowanych na t\u0119 okazj\u0119 utwor\u00f3w, a nast\u0119pnie wr\u0119czy\u0142 p. J. Kalinowskiemu kosz regionalnych \u201especja\u0142\u00f3w\u201d i lalki w strojach ludowych.<\/p>\n<p><img loading=\"lazy\" decoding=\"async\" class=\"aligncenter size-full wp-image-21252\" src=\"http:\/\/info.sadowne.pl\/wp-content\/uploads\/2019\/10\/2019.10.10.45.jpg\" alt=\"\" width=\"603\" height=\"403\" srcset=\"https:\/\/info.sadowne.pl\/wp-content\/uploads\/2019\/10\/2019.10.10.45.jpg 603w, https:\/\/info.sadowne.pl\/wp-content\/uploads\/2019\/10\/2019.10.10.45-300x200.jpg 300w\" sizes=\"auto, (max-width: 603px) 100vw, 603px\" \/><\/p>\n<p>Upominki przekazali te\u017c przedstawiciele w\u0142adz gminy Goworowo.<\/p>\n<p><img loading=\"lazy\" decoding=\"async\" class=\"aligncenter size-full wp-image-21253\" src=\"http:\/\/info.sadowne.pl\/wp-content\/uploads\/2019\/10\/2019.10.10.46.jpg\" alt=\"\" width=\"603\" height=\"403\" srcset=\"https:\/\/info.sadowne.pl\/wp-content\/uploads\/2019\/10\/2019.10.10.46.jpg 603w, https:\/\/info.sadowne.pl\/wp-content\/uploads\/2019\/10\/2019.10.10.46-300x200.jpg 300w\" sizes=\"auto, (max-width: 603px) 100vw, 603px\" \/><\/p>\n<p>Europose\u0142 J. Kalinowski zapozna\u0142 nas z aktualna sytuacj\u0105 w Unii Europejskiej i wyzwaniami przed kt\u00f3rymi stoi Parlament Europejski. Przedstawi\u0142 uk\u0142ad i funkcjonowanie partii politycznych w Parlamencie. Szczeg\u00f3ln\u0105 uwag\u0119 po\u015bwi\u0119ci\u0142 oczywi\u015bcie Europejskiej Partii Ludowej.<\/p>\n<p><img loading=\"lazy\" decoding=\"async\" class=\"aligncenter size-full wp-image-21254\" src=\"http:\/\/info.sadowne.pl\/wp-content\/uploads\/2019\/10\/2019.10.10.47.jpg\" alt=\"\" width=\"603\" height=\"403\" srcset=\"https:\/\/info.sadowne.pl\/wp-content\/uploads\/2019\/10\/2019.10.10.47.jpg 603w, https:\/\/info.sadowne.pl\/wp-content\/uploads\/2019\/10\/2019.10.10.47-300x200.jpg 300w\" sizes=\"auto, (max-width: 603px) 100vw, 603px\" \/><\/p>\n<p>Poinformowa\u0142 o przes\u0142uchaniach kandydat\u00f3w do nowej Komisji Europejskiej, w tym sytuacji polskiego kandydata, p.\u00a0 Janusza Wojciechowskiego zaznaczaj\u0105c, i\u017c jego kandydatura powinna uzyska\u0107 poparcie w przypadku bardziej konkretnych odpowiedzi na pytania cz\u0142onk\u00f3w Komisji Rolnictwa. Podkre\u015bli\u0142 przy tym znaczenie uzyskania stanowiska komisarza ds. rolnych przez przedstawiciela Polski (jeszcze w trakcie pobytu w Brukseli dowiedzieli\u015bmy, \u017ce kandydatura p. J. Wojciechowskiego na cz\u0142onka Komisji Europejskiej uzyska\u0142a niezb\u0119dne poparcie).<\/p>\n<p><img loading=\"lazy\" decoding=\"async\" class=\"aligncenter size-full wp-image-21255\" src=\"http:\/\/info.sadowne.pl\/wp-content\/uploads\/2019\/10\/2019.10.10.48.jpg\" alt=\"\" width=\"603\" height=\"403\" srcset=\"https:\/\/info.sadowne.pl\/wp-content\/uploads\/2019\/10\/2019.10.10.48.jpg 603w, https:\/\/info.sadowne.pl\/wp-content\/uploads\/2019\/10\/2019.10.10.48-300x200.jpg 300w\" sizes=\"auto, (max-width: 603px) 100vw, 603px\" \/><\/p>\n<p>Europose\u0142 J. Kalinowski wyrazi\u0142 te\u017c nadziej\u0119, \u017ce rz\u0105d RP wy\u0142oniony po wyborach 13 pa\u017adziernika br. wykorzysta szanse na umocnienie pozycji Polski w Unii Europejskiej. Nie oby\u0142o si\u0119 oczywi\u015bcie bez pami\u0105tkowych zdj\u0119\u0107 w Gospodarzem.<\/p>\n<p><img loading=\"lazy\" decoding=\"async\" class=\"aligncenter size-full wp-image-21256\" src=\"http:\/\/info.sadowne.pl\/wp-content\/uploads\/2019\/10\/2019.10.10.49.jpg\" alt=\"\" width=\"603\" height=\"403\" srcset=\"https:\/\/info.sadowne.pl\/wp-content\/uploads\/2019\/10\/2019.10.10.49.jpg 603w, https:\/\/info.sadowne.pl\/wp-content\/uploads\/2019\/10\/2019.10.10.49-300x200.jpg 300w\" sizes=\"auto, (max-width: 603px) 100vw, 603px\" \/><\/p>\n<p>Rozmowy z Europos\u0142em toczy\u0142y si\u0119 r\u00f3wnie\u017c w trakcie lunchu w sto\u0142\u00f3wce w Parlamencie. Dla uczestnik\u00f3w wyjazdu by\u0142a to okazja zapoznania si\u0119 w jakich warunkach pos\u0142owie i urz\u0119dnicy europejscy posilaj\u0105 si\u0119 na miejscu w czasie przerwy w pracy.<\/p>\n<p><img loading=\"lazy\" decoding=\"async\" class=\"aligncenter size-full wp-image-21257\" src=\"http:\/\/info.sadowne.pl\/wp-content\/uploads\/2019\/10\/2019.10.10.50.jpg\" alt=\"\" width=\"603\" height=\"403\" srcset=\"https:\/\/info.sadowne.pl\/wp-content\/uploads\/2019\/10\/2019.10.10.50.jpg 603w, https:\/\/info.sadowne.pl\/wp-content\/uploads\/2019\/10\/2019.10.10.50-300x200.jpg 300w\" sizes=\"auto, (max-width: 603px) 100vw, 603px\" \/><\/p>\n<p>Na tym zako\u0144czy\u0142 si\u0119 ten najwa\u017cniejszy punkt programu wizyty naszej grupy. Ale nie \u017cegnali\u015bmy si\u0119 jeszcze z naszym Gospodarzem, kt\u00f3ry do\u0142\u0105czy jeszcze do nas w trakcie kolacji.<\/p>\n<p><img loading=\"lazy\" decoding=\"async\" class=\"aligncenter size-full wp-image-21258\" src=\"http:\/\/info.sadowne.pl\/wp-content\/uploads\/2019\/10\/2019.10.10.51.jpg\" alt=\"\" width=\"603\" height=\"403\" srcset=\"https:\/\/info.sadowne.pl\/wp-content\/uploads\/2019\/10\/2019.10.10.51.jpg 603w, https:\/\/info.sadowne.pl\/wp-content\/uploads\/2019\/10\/2019.10.10.51-300x200.jpg 300w\" sizes=\"auto, (max-width: 603px) 100vw, 603px\" \/><\/p>\n<p>My natomiast ruszyli\u015bmy do autokaru na zwiedzanie miasta, najpierw przez okna autobusu, a w drugiej cz\u0119\u015bci spacerem jeszcze raz po star\u00f3wce.<\/p>\n<p><img loading=\"lazy\" decoding=\"async\" class=\"aligncenter size-full wp-image-21259\" src=\"http:\/\/info.sadowne.pl\/wp-content\/uploads\/2019\/10\/2019.10.10.52.jpg\" alt=\"\" width=\"603\" height=\"403\" srcset=\"https:\/\/info.sadowne.pl\/wp-content\/uploads\/2019\/10\/2019.10.10.52.jpg 603w, https:\/\/info.sadowne.pl\/wp-content\/uploads\/2019\/10\/2019.10.10.52-300x200.jpg 300w\" sizes=\"auto, (max-width: 603px) 100vw, 603px\" \/><\/p>\n<p>Pod budynkiem Parlamentu czeka\u0142a ju\u017c na nas p. Maria Kozi\u0144ska, wieloletnia mieszkanka Brukseli, kt\u00f3ra opowiada\u0142a nam o Belgii, zabytkach i \u017cyciu w Brukseli, a tak\u017ce w Antwerpii nast\u0119pnego dnia. Najpierw przejechali\u015bmy pod budynkami Komisji Europejskiej oraz Rady Europejskiej i Rady Unii Europejskiej, w kt\u00f3rym urz\u0119duje jej przewodnicz\u0105cy p. Donald Tusk.<\/p>\n<p><img loading=\"lazy\" decoding=\"async\" class=\"aligncenter size-full wp-image-21260\" src=\"http:\/\/info.sadowne.pl\/wp-content\/uploads\/2019\/10\/2019.10.10.53.jpg\" alt=\"\" width=\"603\" height=\"403\" srcset=\"https:\/\/info.sadowne.pl\/wp-content\/uploads\/2019\/10\/2019.10.10.53.jpg 603w, https:\/\/info.sadowne.pl\/wp-content\/uploads\/2019\/10\/2019.10.10.53-300x200.jpg 300w\" sizes=\"auto, (max-width: 603px) 100vw, 603px\" \/><\/p>\n<p>Na chwil\u0119 zatrzymali\u015bmy si\u0119 pod \u0141ukiem Triumfalnym w Parku Pi\u0119\u0107dziesi\u0119ciolecia.<\/p>\n<p><img loading=\"lazy\" decoding=\"async\" class=\"aligncenter size-full wp-image-21261\" src=\"http:\/\/info.sadowne.pl\/wp-content\/uploads\/2019\/10\/2019.10.10.54.jpg\" alt=\"\" width=\"603\" height=\"403\" srcset=\"https:\/\/info.sadowne.pl\/wp-content\/uploads\/2019\/10\/2019.10.10.54.jpg 603w, https:\/\/info.sadowne.pl\/wp-content\/uploads\/2019\/10\/2019.10.10.54-300x200.jpg 300w\" sizes=\"auto, (max-width: 603px) 100vw, 603px\" \/><\/p>\n<p>Zobaczyli\u015bmy te\u017c by\u0142\u0105 siedzib\u0119 Ambasady RP w Brukseli. Stamt\u0105d pojechali\u015bmy pod Pa\u0142ac Kr\u00f3lewski, mijaj\u0105c po drodze siedzib\u0119 premiera Belgii, aktualnie bez gospodarza. Warta pod Pa\u0142acem Kr\u00f3lewskim oznacza\u0142a, \u017ce kr\u00f3l aktualnie w nim przebywa. Z braku czasu nie uda\u0142o nam si\u0119 dotrze\u0107 jednak do siedziby NATO.<\/p>\n<p><img loading=\"lazy\" decoding=\"async\" class=\"aligncenter size-full wp-image-21262\" src=\"http:\/\/info.sadowne.pl\/wp-content\/uploads\/2019\/10\/2019.10.10.55.jpg\" alt=\"\" width=\"603\" height=\"403\" srcset=\"https:\/\/info.sadowne.pl\/wp-content\/uploads\/2019\/10\/2019.10.10.55.jpg 603w, https:\/\/info.sadowne.pl\/wp-content\/uploads\/2019\/10\/2019.10.10.55-300x200.jpg 300w\" sizes=\"auto, (max-width: 603px) 100vw, 603px\" \/><\/p>\n<p>Po godzinnym kr\u0119ceniu si\u0119 ulicami Brukseli autokar przywi\u00f3z\u0142 nas w okolice katedry i Grand Place.<\/p>\n<p><img loading=\"lazy\" decoding=\"async\" class=\"aligncenter size-full wp-image-21263\" src=\"http:\/\/info.sadowne.pl\/wp-content\/uploads\/2019\/10\/2019.10.10.56.jpg\" alt=\"\" width=\"603\" height=\"403\" srcset=\"https:\/\/info.sadowne.pl\/wp-content\/uploads\/2019\/10\/2019.10.10.56.jpg 603w, https:\/\/info.sadowne.pl\/wp-content\/uploads\/2019\/10\/2019.10.10.56-300x200.jpg 300w\" sizes=\"auto, (max-width: 603px) 100vw, 603px\" \/><\/p>\n<p>W katedrze p.w. \u015bw.\u015bw. Micha\u0142a i Guduli, dw\u00f3ch patron\u00f3w Brukseli, mogli\u015bmy zobaczy\u0107 zdj\u0119cia rodziny kr\u00f3lewskiej oraz podziwia\u0107 wspania\u0142e witra\u017ce i rze\u017aby jej patron\u00f3w.<\/p>\n<p><img loading=\"lazy\" decoding=\"async\" class=\"aligncenter size-full wp-image-21264\" src=\"http:\/\/info.sadowne.pl\/wp-content\/uploads\/2019\/10\/2019.10.10.57.jpg\" alt=\"\" width=\"603\" height=\"403\" srcset=\"https:\/\/info.sadowne.pl\/wp-content\/uploads\/2019\/10\/2019.10.10.57.jpg 603w, https:\/\/info.sadowne.pl\/wp-content\/uploads\/2019\/10\/2019.10.10.57-300x200.jpg 300w\" sizes=\"auto, (max-width: 603px) 100vw, 603px\" \/><\/p>\n<p>&nbsp;<\/p>\n<p>Stamt\u0105d by\u0142o ju\u017c blisko do rynku, na kt\u00f3ry dotarli\u015bmy przez wspania\u0142y pasa\u017c handlowy.<\/p>\n<p><img loading=\"lazy\" decoding=\"async\" class=\"aligncenter size-full wp-image-21265\" src=\"http:\/\/info.sadowne.pl\/wp-content\/uploads\/2019\/10\/2019.10.10.58.jpg\" alt=\"\" width=\"603\" height=\"403\" srcset=\"https:\/\/info.sadowne.pl\/wp-content\/uploads\/2019\/10\/2019.10.10.58.jpg 603w, https:\/\/info.sadowne.pl\/wp-content\/uploads\/2019\/10\/2019.10.10.58-300x200.jpg 300w\" sizes=\"auto, (max-width: 603px) 100vw, 603px\" \/><\/p>\n<p>Na rynku wys\u0142uchali\u015bmy opowie\u015bci o otaczaj\u0105cych go zabytkowych budynkach.<\/p>\n<p><img loading=\"lazy\" decoding=\"async\" class=\"aligncenter size-full wp-image-21266\" src=\"http:\/\/info.sadowne.pl\/wp-content\/uploads\/2019\/10\/2019.10.10.59.jpg\" alt=\"\" width=\"603\" height=\"403\" srcset=\"https:\/\/info.sadowne.pl\/wp-content\/uploads\/2019\/10\/2019.10.10.59.jpg 603w, https:\/\/info.sadowne.pl\/wp-content\/uploads\/2019\/10\/2019.10.10.59-300x200.jpg 300w\" sizes=\"auto, (max-width: 603px) 100vw, 603px\" \/><\/p>\n<p>Przy okazji mogli\u015bmy zrobi\u0107 zakupy pami\u0105tek i prezent\u00f3w do domu, g\u0142\u00f3wnie wyrob\u00f3w czekoladowych, z kt\u00f3rych Belgia s\u0142ynie.<\/p>\n<p><img loading=\"lazy\" decoding=\"async\" class=\"aligncenter size-full wp-image-21267\" src=\"http:\/\/info.sadowne.pl\/wp-content\/uploads\/2019\/10\/2019.10.10.60.jpg\" alt=\"\" width=\"603\" height=\"403\" srcset=\"https:\/\/info.sadowne.pl\/wp-content\/uploads\/2019\/10\/2019.10.10.60.jpg 603w, https:\/\/info.sadowne.pl\/wp-content\/uploads\/2019\/10\/2019.10.10.60-300x200.jpg 300w\" sizes=\"auto, (max-width: 603px) 100vw, 603px\" \/><\/p>\n<p>Poniewa\u017c cz\u0119\u015b\u0107 os\u00f3b widzia\u0142a ju\u017c Siusiaj\u0105cego ch\u0142opczyka, wybrali\u015bmy si\u0119 na poszukiwanie jego te\u017c siusiaj\u0105cej \u201esiostrzyczki\u201d Jeanneke Pis. A stamt\u0105d skierowali\u015bmy si\u0119 ju\u017c do hotelu, aby przygotowa\u0107 si\u0119 do wyjazdu na kolacj\u0119 z p. J. Kalinowskim.<\/p>\n<p><img loading=\"lazy\" decoding=\"async\" class=\"aligncenter size-full wp-image-21268\" src=\"http:\/\/info.sadowne.pl\/wp-content\/uploads\/2019\/10\/2019.10.10.61.jpg\" alt=\"\" width=\"603\" height=\"403\" srcset=\"https:\/\/info.sadowne.pl\/wp-content\/uploads\/2019\/10\/2019.10.10.61.jpg 603w, https:\/\/info.sadowne.pl\/wp-content\/uploads\/2019\/10\/2019.10.10.61-300x200.jpg 300w\" sizes=\"auto, (max-width: 603px) 100vw, 603px\" \/><\/p>\n<p>Kolacja zosta\u0142a zorganizowana w restauracji Colmar, po\u0142o\u017conej niedaleko ringu brukselskiego (obwodnicy).<\/p>\n<p><img loading=\"lazy\" decoding=\"async\" class=\"aligncenter size-full wp-image-21269\" src=\"http:\/\/info.sadowne.pl\/wp-content\/uploads\/2019\/10\/2019.10.10.62.jpg\" alt=\"\" width=\"603\" height=\"403\" srcset=\"https:\/\/info.sadowne.pl\/wp-content\/uploads\/2019\/10\/2019.10.10.62.jpg 603w, https:\/\/info.sadowne.pl\/wp-content\/uploads\/2019\/10\/2019.10.10.62-300x200.jpg 300w\" sizes=\"auto, (max-width: 603px) 100vw, 603px\" \/><\/p>\n<p>By\u0142o mn\u00f3stwo zak\u0105sek i sa\u0142atek, w tym oczywi\u015bcie mule; ryba, stek i \u017ceberka z frytkami na danie g\u0142\u00f3wne; oraz r\u00f3\u017cnorodne ciasta i owoce na deser, kt\u00f3re na dodatek mo\u017cna by\u0142o pola\u0107 p\u0142ynn\u0105 czekolad\u0105.<\/p>\n<p><img loading=\"lazy\" decoding=\"async\" class=\"aligncenter size-full wp-image-21270\" src=\"http:\/\/info.sadowne.pl\/wp-content\/uploads\/2019\/10\/2019.10.10.63.jpg\" alt=\"\" width=\"603\" height=\"403\" srcset=\"https:\/\/info.sadowne.pl\/wp-content\/uploads\/2019\/10\/2019.10.10.63.jpg 603w, https:\/\/info.sadowne.pl\/wp-content\/uploads\/2019\/10\/2019.10.10.63-300x200.jpg 300w\" sizes=\"auto, (max-width: 603px) 100vw, 603px\" \/><\/p>\n<p>No i co najwa\u017cniejsze \u2013 mo\u017cliwo\u015b\u0107 dalszych rozm\u00f3w z naszym Gospodarzem, kt\u00f3ry po kolei do\u0142\u0105cza\u0142 do ka\u017cdego sto\u0142u.<\/p>\n<p><img loading=\"lazy\" decoding=\"async\" class=\"aligncenter size-full wp-image-21271\" src=\"http:\/\/info.sadowne.pl\/wp-content\/uploads\/2019\/10\/2019.10.10.64.jpg\" alt=\"\" width=\"603\" height=\"403\" srcset=\"https:\/\/info.sadowne.pl\/wp-content\/uploads\/2019\/10\/2019.10.10.64.jpg 603w, https:\/\/info.sadowne.pl\/wp-content\/uploads\/2019\/10\/2019.10.10.64-300x200.jpg 300w\" sizes=\"auto, (max-width: 603px) 100vw, 603px\" \/><\/p>\n<p>Kolacj\u0119 w restauracji stra\u017cacy z Wilczog\u0105b wybrali na moment wr\u0119czenia p. J. Kalinowskiemu pami\u0105tkowego toporka stra\u017cackiego w podzi\u0119kowaniu za wsp\u00f3\u0142prac\u0119, wsparcie i umo\u017cliwienie bli\u017cszego poznania Unii Europejskiej. Z uwagi na kontrol\u0119 przy wej\u015bciu do Parlamentu Europejskiego by\u0142y bowiem obawy, \u017ce ochrona mo\u017ce nie pozwoli\u0107 wnie\u015b\u0107 toporka do budynku. Wr\u0119czenia dokona\u0142 prezes OSP Wilczog\u0119by, p. Jacenty Biernat w towarzystwie w\u00f3jta gminy Sadowne, p. Waldemara Cyrana i druhny, p. Agnieszki Sty\u015b. Jak stwierdzi\u0142 Gospodarz wizyty, jeszcze nikt nie obdarzy\u0142 go takim prezentem.<\/p>\n<p><img loading=\"lazy\" decoding=\"async\" class=\"aligncenter size-full wp-image-21272\" src=\"http:\/\/info.sadowne.pl\/wp-content\/uploads\/2019\/10\/2019.10.10.65.jpg\" alt=\"\" width=\"603\" height=\"403\" srcset=\"https:\/\/info.sadowne.pl\/wp-content\/uploads\/2019\/10\/2019.10.10.65.jpg 603w, https:\/\/info.sadowne.pl\/wp-content\/uploads\/2019\/10\/2019.10.10.65-300x200.jpg 300w\" sizes=\"auto, (max-width: 603px) 100vw, 603px\" \/><\/p>\n<p>D\u0142ugo jeszcze trwa\u0142y rozmowy przy sto\u0142ach, ale trzeba by\u0142o w ko\u0144cu opu\u015bci\u0107 mi\u0142y lokal i po\u017cegna\u0107 si\u0119 z naszym Europos\u0142em, bo nast\u0119pnego dnia jego czeka\u0142 d\u0142ugi dzie\u0144 pracy, a nas zwiedzanie Antwerpii i podr\u00f3\u017c do domu.<\/p>\n<p><img loading=\"lazy\" decoding=\"async\" class=\"aligncenter size-full wp-image-21273\" src=\"http:\/\/info.sadowne.pl\/wp-content\/uploads\/2019\/10\/2019.10.10.66.jpg\" alt=\"\" width=\"603\" height=\"403\" srcset=\"https:\/\/info.sadowne.pl\/wp-content\/uploads\/2019\/10\/2019.10.10.66.jpg 603w, https:\/\/info.sadowne.pl\/wp-content\/uploads\/2019\/10\/2019.10.10.66-300x200.jpg 300w\" sizes=\"auto, (max-width: 603px) 100vw, 603px\" \/><\/p>\n<p>Rano we wtorek znowu powita\u0142 nas deszcz. Na szcz\u0119\u015bcie uda\u0142o si\u0119 naszym kierowcom podjecha\u0107 pod hotel i nie musieli\u015bmy mokn\u0105\u0107, taszcz\u0105c nasze baga\u017ce pod Ministerstwo Finans\u00f3w.<\/p>\n<p><img loading=\"lazy\" decoding=\"async\" class=\"aligncenter size-full wp-image-21274\" src=\"http:\/\/info.sadowne.pl\/wp-content\/uploads\/2019\/10\/2019.10.10.67.jpg\" alt=\"\" width=\"603\" height=\"403\" srcset=\"https:\/\/info.sadowne.pl\/wp-content\/uploads\/2019\/10\/2019.10.10.67.jpg 603w, https:\/\/info.sadowne.pl\/wp-content\/uploads\/2019\/10\/2019.10.10.67-300x200.jpg 300w\" sizes=\"auto, (max-width: 603px) 100vw, 603px\" \/><\/p>\n<p>Zanim skierowali\u015bmy si\u0119 do Antwerpii, pojechali\u015bmy najpierw obejrze\u0107 kolejny symbol Brukseli \u2013 Atomium, ponad stumetrowy model j\u0105dra atomu \u017celaza, zbudowany na wystaw\u0119 \u015bwiatow\u0105 EXPO-58 w Brukseli.<\/p>\n<p><img loading=\"lazy\" decoding=\"async\" class=\"aligncenter size-full wp-image-21275\" src=\"http:\/\/info.sadowne.pl\/wp-content\/uploads\/2019\/10\/2019.10.10.68.jpg\" alt=\"\" width=\"603\" height=\"403\" srcset=\"https:\/\/info.sadowne.pl\/wp-content\/uploads\/2019\/10\/2019.10.10.68.jpg 603w, https:\/\/info.sadowne.pl\/wp-content\/uploads\/2019\/10\/2019.10.10.68-300x200.jpg 300w\" sizes=\"auto, (max-width: 603px) 100vw, 603px\" \/><\/p>\n<p>Po drodze mijali\u015bmy pawilon chi\u0144ski, pagod\u0119 japo\u0144sk\u0105, Palmiarni\u0119 Kr\u00f3lewsk\u0105 i Pa\u0142ac Kr\u00f3lewski w Parku Laeken. Zobaczyli\u015bmy te\u017c stadion Heysel z 1930 r., znany z tragicznych wydarze\u0144 w 1985 r., kiedy to w trakcie meczu fina\u0142owego o Puchar Europy Mistrz\u00f3w Klubowych mi\u0119dzy Juventusem Turyn ze Zbigniewem Bo\u0144kiem i Liverpoolem w wyniku star\u0107 kibic\u00f3w angielskich z w\u0142oskimi zgin\u0119\u0142o 39 os\u00f3b, a ponad 600 zosta\u0142o rannych.<\/p>\n<p><img loading=\"lazy\" decoding=\"async\" class=\"aligncenter size-full wp-image-21276\" src=\"http:\/\/info.sadowne.pl\/wp-content\/uploads\/2019\/10\/2019.10.10.69.jpg\" alt=\"\" width=\"603\" height=\"403\" srcset=\"https:\/\/info.sadowne.pl\/wp-content\/uploads\/2019\/10\/2019.10.10.69.jpg 603w, https:\/\/info.sadowne.pl\/wp-content\/uploads\/2019\/10\/2019.10.10.69-300x200.jpg 300w\" sizes=\"auto, (max-width: 603px) 100vw, 603px\" \/><\/p>\n<p>W Antwerpii, drugim co do wielko\u015bci porcie w Europie i stolicy diament\u00f3w, byli\u015bmy po godzinnej je\u017adzie (45 km) z uwagi na korki na autostradzie.<\/p>\n<p><img loading=\"lazy\" decoding=\"async\" class=\"aligncenter size-full wp-image-21277\" src=\"http:\/\/info.sadowne.pl\/wp-content\/uploads\/2019\/10\/2019.10.10.70.jpg\" alt=\"\" width=\"603\" height=\"403\" srcset=\"https:\/\/info.sadowne.pl\/wp-content\/uploads\/2019\/10\/2019.10.10.70.jpg 603w, https:\/\/info.sadowne.pl\/wp-content\/uploads\/2019\/10\/2019.10.10.70-300x200.jpg 300w\" sizes=\"auto, (max-width: 603px) 100vw, 603px\" \/><\/p>\n<p>Wysiedli\u015bmy z autobusu na nadbrze\u017cu Skaldy, niedaleko Het Steen (Kamiennego zamku), gdzie zacz\u0119\u0142a si\u0119 historia miasta.<\/p>\n<p><img loading=\"lazy\" decoding=\"async\" class=\"aligncenter size-full wp-image-21278\" src=\"http:\/\/info.sadowne.pl\/wp-content\/uploads\/2019\/10\/2019.10.10.71.jpg\" alt=\"\" width=\"603\" height=\"403\" srcset=\"https:\/\/info.sadowne.pl\/wp-content\/uploads\/2019\/10\/2019.10.10.71.jpg 603w, https:\/\/info.sadowne.pl\/wp-content\/uploads\/2019\/10\/2019.10.10.71-300x200.jpg 300w\" sizes=\"auto, (max-width: 603px) 100vw, 603px\" \/><\/p>\n<p>Przypomina\u0142 o niej stoj\u0105cy niedaleko pos\u0105g Druona Antigoona, olbrzyma kt\u00f3ry za unikanie op\u0142at za korzystanie z rzeki pozbawia\u0142 \u015bmia\u0142k\u00f3w r\u0119ki.<\/p>\n<p><img loading=\"lazy\" decoding=\"async\" class=\"aligncenter size-full wp-image-21279\" src=\"http:\/\/info.sadowne.pl\/wp-content\/uploads\/2019\/10\/2019.10.10.72.jpg\" alt=\"\" width=\"603\" height=\"403\" srcset=\"https:\/\/info.sadowne.pl\/wp-content\/uploads\/2019\/10\/2019.10.10.72.jpg 603w, https:\/\/info.sadowne.pl\/wp-content\/uploads\/2019\/10\/2019.10.10.72-300x200.jpg 300w\" sizes=\"auto, (max-width: 603px) 100vw, 603px\" \/><\/p>\n<p>Stamt\u0105d przeszli\u015bmy do Grote Markt (Du\u017cy rynek).<\/p>\n<p><img loading=\"lazy\" decoding=\"async\" class=\"aligncenter size-full wp-image-21280\" src=\"http:\/\/info.sadowne.pl\/wp-content\/uploads\/2019\/10\/2019.10.10.73.jpg\" alt=\"\" width=\"603\" height=\"403\" srcset=\"https:\/\/info.sadowne.pl\/wp-content\/uploads\/2019\/10\/2019.10.10.73.jpg 603w, https:\/\/info.sadowne.pl\/wp-content\/uploads\/2019\/10\/2019.10.10.73-300x200.jpg 300w\" sizes=\"auto, (max-width: 603px) 100vw, 603px\" \/><\/p>\n<p>Niestety nie mogli\u015bmy podziwia\u0107 wspania\u0142ego Stadhuis (ratusza), kt\u00f3rego fasada by\u0142a zakryta w zwi\u0105zku z prowadzon\u0105 renowacj\u0105.<\/p>\n<p><img loading=\"lazy\" decoding=\"async\" class=\"aligncenter size-full wp-image-21281\" src=\"http:\/\/info.sadowne.pl\/wp-content\/uploads\/2019\/10\/2019.10.10.74.jpg\" alt=\"\" width=\"603\" height=\"403\" srcset=\"https:\/\/info.sadowne.pl\/wp-content\/uploads\/2019\/10\/2019.10.10.74.jpg 603w, https:\/\/info.sadowne.pl\/wp-content\/uploads\/2019\/10\/2019.10.10.74-300x200.jpg 300w\" sizes=\"auto, (max-width: 603px) 100vw, 603px\" \/><\/p>\n<p>Po drodze na s\u0105siaduj\u0105cy z rynkiem Groenplaats (plac Groen) zajrzeli\u015bmy jeszcze do katedry Naj\u015bwi\u0119tszej Marii Panny z dzwonnic\u0105 na 123 m., budowanej 170 lat od XIV do XVI w.<\/p>\n<p><img loading=\"lazy\" decoding=\"async\" class=\"aligncenter size-full wp-image-21282\" src=\"http:\/\/info.sadowne.pl\/wp-content\/uploads\/2019\/10\/2019.10.10.75.jpg\" alt=\"\" width=\"603\" height=\"403\" srcset=\"https:\/\/info.sadowne.pl\/wp-content\/uploads\/2019\/10\/2019.10.10.75.jpg 603w, https:\/\/info.sadowne.pl\/wp-content\/uploads\/2019\/10\/2019.10.10.75-300x200.jpg 300w\" sizes=\"auto, (max-width: 603px) 100vw, 603px\" \/><\/p>\n<p>S\u0142ynie ona z du\u017cych obraz\u00f3w o tematyce religijnej, w tym czterech namalowanych przez Petera Paula Rubensa.<\/p>\n<p><img loading=\"lazy\" decoding=\"async\" class=\"aligncenter size-full wp-image-21283\" src=\"http:\/\/info.sadowne.pl\/wp-content\/uploads\/2019\/10\/2019.10.10.76.jpg\" alt=\"\" width=\"603\" height=\"403\" srcset=\"https:\/\/info.sadowne.pl\/wp-content\/uploads\/2019\/10\/2019.10.10.76.jpg 603w, https:\/\/info.sadowne.pl\/wp-content\/uploads\/2019\/10\/2019.10.10.76-300x200.jpg 300w\" sizes=\"auto, (max-width: 603px) 100vw, 603px\" \/><\/p>\n<p>Na Groenplaats, gdzie organizowane s\u0105 r\u00f3\u017cne imprezy kulturalne, a miejscowi i tury\u015bci przychodz\u0105 na obiad, frytki lub piwo, podziwiali\u015bmy pomnik P. P. Rubensa, najs\u0142ynniejszego mieszka\u0144ca miasta.<\/p>\n<p><img loading=\"lazy\" decoding=\"async\" class=\"aligncenter size-full wp-image-21284\" src=\"http:\/\/info.sadowne.pl\/wp-content\/uploads\/2019\/10\/2019.10.10.77.jpg\" alt=\"\" width=\"603\" height=\"403\" srcset=\"https:\/\/info.sadowne.pl\/wp-content\/uploads\/2019\/10\/2019.10.10.77.jpg 603w, https:\/\/info.sadowne.pl\/wp-content\/uploads\/2019\/10\/2019.10.10.77-300x200.jpg 300w\" sizes=\"auto, (max-width: 603px) 100vw, 603px\" \/><\/p>\n<p>Najbardziej wytrwali wybrali si\u0119 jeszcze obejrze\u0107 jego dom.<\/p>\n<p><img loading=\"lazy\" decoding=\"async\" class=\"aligncenter size-full wp-image-21285\" src=\"http:\/\/info.sadowne.pl\/wp-content\/uploads\/2019\/10\/2019.10.10.78.jpg\" alt=\"\" width=\"603\" height=\"403\" srcset=\"https:\/\/info.sadowne.pl\/wp-content\/uploads\/2019\/10\/2019.10.10.78.jpg 603w, https:\/\/info.sadowne.pl\/wp-content\/uploads\/2019\/10\/2019.10.10.78-300x200.jpg 300w\" sizes=\"auto, (max-width: 603px) 100vw, 603px\" \/><\/p>\n<p>Pozosta\u0142o jeszcze tylko co\u015b zje\u015b\u0107 na placu Groen przed podr\u00f3\u017c\u0105, jak\u0105\u015b zup\u0119, drugie danie lub frytki, najlepiej z majonezem, zrobi\u0107 zakupy \u017cywno\u015bciowe na drog\u0119 i zbiera\u0107 si\u0119 na powr\u00f3t do domu.<\/p>\n<p><img loading=\"lazy\" decoding=\"async\" class=\"aligncenter size-full wp-image-21286\" src=\"http:\/\/info.sadowne.pl\/wp-content\/uploads\/2019\/10\/2019.10.10.79.jpg\" alt=\"\" width=\"603\" height=\"403\" srcset=\"https:\/\/info.sadowne.pl\/wp-content\/uploads\/2019\/10\/2019.10.10.79.jpg 603w, https:\/\/info.sadowne.pl\/wp-content\/uploads\/2019\/10\/2019.10.10.79-300x200.jpg 300w\" sizes=\"auto, (max-width: 603px) 100vw, 603px\" \/><\/p>\n<p>Powoli przeszli\u015bmy starymi uliczkami na nadbrze\u017ce Skaldy, gdzie czeka\u0142 na nas nasz autokar.<\/p>\n<p><img loading=\"lazy\" decoding=\"async\" class=\"aligncenter size-full wp-image-21287\" src=\"http:\/\/info.sadowne.pl\/wp-content\/uploads\/2019\/10\/2019.10.10.80.jpg\" alt=\"\" width=\"603\" height=\"403\" srcset=\"https:\/\/info.sadowne.pl\/wp-content\/uploads\/2019\/10\/2019.10.10.80.jpg 603w, https:\/\/info.sadowne.pl\/wp-content\/uploads\/2019\/10\/2019.10.10.80-300x200.jpg 300w\" sizes=\"auto, (max-width: 603px) 100vw, 603px\" \/><\/p>\n<p>Jeszcze tylko po\u017cegnali\u015bmy si\u0119 z nasz\u0105 przewodniczk\u0105 i \u017cegnaj Belgio, a mo\u017ce dla wielu tylko do widzenia.<\/p>\n<p><img loading=\"lazy\" decoding=\"async\" class=\"aligncenter size-full wp-image-21288\" src=\"http:\/\/info.sadowne.pl\/wp-content\/uploads\/2019\/10\/2019.10.10.81.jpg\" alt=\"\" width=\"603\" height=\"403\" srcset=\"https:\/\/info.sadowne.pl\/wp-content\/uploads\/2019\/10\/2019.10.10.81.jpg 603w, https:\/\/info.sadowne.pl\/wp-content\/uploads\/2019\/10\/2019.10.10.81-300x200.jpg 300w\" sizes=\"auto, (max-width: 603px) 100vw, 603px\" \/><\/p>\n<p>Dla zdecydowanej wi\u0119kszo\u015bci uczestnik\u00f3w wyjazdu by\u0142a to pierwsza w \u017cyciu okazja odwiedzenia stolicy Unii Europejskiej i zapoznania si\u0119 na miejscu z warunkami i zasadami funkcjonowania Parlamentu Europejskiego i innych instytucji Unii. A jednocze\u015bnie by\u0142a to mo\u017cliwo\u015b\u0107 naocznego przekonania si\u0119, \u017ce Polska jest takim samym krajem Unii jak pa\u0144stwa, kt\u00f3re wst\u0105pi\u0142y do niej znacznie wcze\u015bniej. Tego rodzaju wyjazdy, podobnie jak indywidualne podr\u00f3\u017ce do kraj\u00f3w Unii, s\u0105 najlepszym sposobem na przekonanie si\u0119, \u017ce jeste\u015bmy cz\u0142onkiem wielkiej rodziny narod\u00f3w europejskich i to przede wszystkim od nas samych zale\u017cy jak\u0105 b\u0119dziemy mie\u0107 w\u015br\u00f3d nich pozycj\u0119.<\/p>\n<p><img loading=\"lazy\" decoding=\"async\" class=\"aligncenter size-full wp-image-21289\" src=\"http:\/\/info.sadowne.pl\/wp-content\/uploads\/2019\/10\/2019.10.10.82.jpg\" alt=\"\" width=\"603\" height=\"403\" srcset=\"https:\/\/info.sadowne.pl\/wp-content\/uploads\/2019\/10\/2019.10.10.82.jpg 603w, https:\/\/info.sadowne.pl\/wp-content\/uploads\/2019\/10\/2019.10.10.82-300x200.jpg 300w\" sizes=\"auto, (max-width: 603px) 100vw, 603px\" \/><\/p>\n<p>Gor\u0105ce podzi\u0119kowania dla p. Europos\u0142a Jaros\u0142awa Kalinowskiego za jego zaproszenie i wspania\u0142e pe\u0142nienie roli Gospodarza w czasie naszej wizyty. Wyrazy uznania nale\u017c\u0105 si\u0119 r\u00f3wnie\u017c jego wsp\u00f3\u0142pracownikom za okazan\u0105 nam pomoc, wsparcie i rzeczowe odpowiedzi na zadawane pytania. Dzi\u0119kujemy te\u017c ekipie z Goworowa za wspania\u0142e towarzystwo w czasie ca\u0142ej podr\u00f3\u017cy.<\/p>\n<p><img loading=\"lazy\" decoding=\"async\" class=\"aligncenter size-full wp-image-21290\" src=\"http:\/\/info.sadowne.pl\/wp-content\/uploads\/2019\/10\/2019.10.10.83.jpg\" alt=\"\" width=\"603\" height=\"403\" srcset=\"https:\/\/info.sadowne.pl\/wp-content\/uploads\/2019\/10\/2019.10.10.83.jpg 603w, https:\/\/info.sadowne.pl\/wp-content\/uploads\/2019\/10\/2019.10.10.83-300x200.jpg 300w\" sizes=\"auto, (max-width: 603px) 100vw, 603px\" \/><\/p>\n<p>Naprawd\u0119, warto jest by\u0107 obywatelem Unii Europejskiej.<\/p>\n<p>&nbsp;<\/p>\n<p><strong>Przygotowa\u0142: <\/strong>Stanis\u0142aw L. Stebelski, OSP Wilczog\u0119by<\/p>\n","protected":false},"excerpt":{"rendered":"<p>Sadowie\u0144scy samorz\u0105dowcy i wilczog\u0119bscy stra\u017cacy odwiedzili siedzib\u0119 Parlamentu Europejskiego i innych instytucji Unii Europejskiej.<\/p>\n","protected":false},"author":1,"featured_media":0,"comment_status":"closed","ping_status":"closed","sticky":false,"template":"","format":"standard","meta":{"footnotes":""},"categories":[5,2397,4,267],"tags":[3100,3222,3221,25,912,3223],"class_list":["post-21217","post","type-post","status-publish","format-standard","hentry","category-newsy","category-osp-wilczogeby","category-policja-straz-pozarna-pogotowie-ratunkowe","category-straz-pozarna-policja-straz-pozarna-pogotowie-ratunkowe","tag-100-lecie-osp-wilczogeby","tag-goworowo","tag-posel-do-parlamentu-europejskiego-jaroslaw-kalinowski","tag-sadowne","tag-wilczogeby","tag-wizyta-samorzadowcow-z-sadownego-i-strazakow-z-wilczogab-w-brukseli"],"views":5364,"_links":{"self":[{"href":"https:\/\/info.sadowne.pl\/index.php?rest_route=\/wp\/v2\/posts\/21217","targetHints":{"allow":["GET"]}}],"collection":[{"href":"https:\/\/info.sadowne.pl\/index.php?rest_route=\/wp\/v2\/posts"}],"about":[{"href":"https:\/\/info.sadowne.pl\/index.php?rest_route=\/wp\/v2\/types\/post"}],"author":[{"embeddable":true,"href":"https:\/\/info.sadowne.pl\/index.php?rest_route=\/wp\/v2\/users\/1"}],"replies":[{"embeddable":true,"href":"https:\/\/info.sadowne.pl\/index.php?rest_route=%2Fwp%2Fv2%2Fcomments&post=21217"}],"version-history":[{"count":1,"href":"https:\/\/info.sadowne.pl\/index.php?rest_route=\/wp\/v2\/posts\/21217\/revisions"}],"predecessor-version":[{"id":21291,"href":"https:\/\/info.sadowne.pl\/index.php?rest_route=\/wp\/v2\/posts\/21217\/revisions\/21291"}],"wp:attachment":[{"href":"https:\/\/info.sadowne.pl\/index.php?rest_route=%2Fwp%2Fv2%2Fmedia&parent=21217"}],"wp:term":[{"taxonomy":"category","embeddable":true,"href":"https:\/\/info.sadowne.pl\/index.php?rest_route=%2Fwp%2Fv2%2Fcategories&post=21217"},{"taxonomy":"post_tag","embeddable":true,"href":"https:\/\/info.sadowne.pl\/index.php?rest_route=%2Fwp%2Fv2%2Ftags&post=21217"}],"curies":[{"name":"wp","href":"https:\/\/api.w.org\/{rel}","templated":true}]}}