{"id":21299,"date":"2019-10-12T19:56:10","date_gmt":"2019-10-12T17:56:10","guid":{"rendered":"http:\/\/info.sadowne.pl\/?p=21299"},"modified":"2023-12-07T15:46:08","modified_gmt":"2023-12-07T14:46:08","slug":"ziemniak-w-roli-glownej","status":"publish","type":"post","link":"https:\/\/info.sadowne.pl\/?p=21299","title":{"rendered":"Ziemniak w roli g\u0142\u00f3wnej"},"content":{"rendered":"<p><strong><a href=\"http:\/\/info.sadowne.pl\/wp-content\/uploads\/2019\/10\/2019.10.12.1.jpg\" target=\"_blank\" rel=\"noopener noreferrer\"><img loading=\"lazy\" decoding=\"async\" class=\"alignleft wp-image-21300 size-thumbnail\" src=\"http:\/\/info.sadowne.pl\/wp-content\/uploads\/2019\/10\/2019.10.12.1-180x130.jpg\" alt=\"\" width=\"180\" height=\"130\" \/><\/a>W sobot\u0119 12 pa\u017adziernika wszystkie drogi prowadzi\u0142y do Krupi\u0144skiego. Miejscowe Ko\u0142o Gospody\u0144 Wiejskich zorganizowa\u0142o tam Dzie\u0144 Pieczonego Ziemniaka.<\/strong><!--more--><\/p>\n<p>Tym razem g\u0142\u00f3wnym organizatorem \u015bwi\u0119ta ziemniaka, kt\u00f3re nazwano Dniem Pieczonego Ziemniaka, by\u0142o Ko\u0142o Gospody\u0144 Wiejskich \u201eZ\u0142ota R\u00f3\u017ca\u201d w Krupi\u0144skiem. W organizacj\u0119 w\u0142\u0105czy\u0142 si\u0119 tak\u017ce Urz\u0105d Gminy w Sadownem oraz Gminny O\u015brodek Kultury w Sadownem i Fundacja \u201eAkomodacja\u201d. Sponsorem g\u0142\u00f3wnych nagr\u00f3d w zorganizowanych podczas imprezy konkursach by\u0142 sklep PSB Mr\u00f3wka Sadowne.<\/p>\n<p>Dzie\u0144 Pieczonego Ziemniaka rozpocz\u0105\u0142 si\u0119 przy wydmie obok Pana Kowala tu\u017c przed po\u0142udniem warsztatami szkicu w plenerze, kt\u00f3re poprowadzi\u0142a p. Tamara Szewczak z Fundacji \u201eAkomodacja\u201d. Faktyczne rozpocz\u0119cie imprezy nast\u0105pi\u0142o po dw\u00f3ch godzinach, kiedy to powita\u0142a wszystkich p. So\u0142tys Krupi\u0144skiego Barbara Laska. Na miejsce z wolna przybywali mieszka\u0144cy Krupi\u0144skiego, ale te\u017c zainteresowani \u015bwi\u0119tem mieszka\u0144cy okolicy. Dotar\u0142a te\u017c tu wycieczka rowerowa, kt\u00f3r\u0105 specjalnie na t\u0119 okoliczno\u015b\u0107 zorganizowa\u0142 Gminny O\u015brodek Kultury w Sadownem.<\/p>\n<p>Organizatorzy zadbali o gry i zabawy dla dzieci oraz inne atrakcje: strzelanie ziemniakami z olbrzymiej procy, malowanie twarzy, wycinanie piecz\u0105tek z ziemniak\u00f3w. Oczywi\u015bcie musia\u0142a te\u017c nast\u0105pi\u0107 degustacji przygotowanych potraw z ziemniaka, ciast i r\u00f3\u017cnych napoj\u00f3w. Przedstawicielki \u201eSadowianek\u201d za\u015bpiewa\u0142y, przybyli s\u0105siedzi zza Bugu zagrali, ziemniaki piek\u0142y si\u0119 w ognisku, a w mi\u0119dzyczasie obradowa\u0142y komisje konkursowe.<\/p>\n<p>Jako pierwszy zosta\u0142 podsumowany konkurs na \u201eNaj\u0142adniejszy szkic\u201d. Szkice wykonano przed otwarciem Dnia Pieczonego Ziemniaka. W sk\u0142ad komisji konkursowej wesz\u0142y Panie: Tamara Szewczak, Ewa Pi\u00f3rkowska i Danuta Chyli\u0144ska. Oto wyniki: I miejsce \u2013 Mateusz Wielgat, II \u2013 Kacper Miler, III \u2013 Kacper Zy\u015bk, wyr\u00f3\u017cnienia: Sylwester Wielgat i Damian Wielgat.<\/p>\n<p>W konkursie pn. \u201ePotrawa kulinarna \u2013 Ziemniak w roli g\u0142\u00f3wnej\u201d, w kategorii indywidualnej wzi\u0119\u0142o udzia\u0142 8 os\u00f3b, natomiast w zespo\u0142owej \u2013 2 Ko\u0142a Gospody\u0144 Wiejskich. Dostarczone potrawy z ziemniaka ocenia\u0142a komisja konkursowa powo\u0142ana przez Organizatora w sk\u0142adzie pp.: Maria Nowakowska, Bo\u017cena Gajewska, Ma\u0142gorzata Koro\u015b, ks. Antoni Kunicki, Tadeusz Kalbarczyk. Oceniano: smak potrawy, oryginalny przepis, estetyk\u0119, \u0142atwo\u015b\u0107 przyrz\u0105dzenia i wra\u017cenie og\u00f3lne. Ostateczna klasyfikacja przedstawia si\u0119 nast\u0119puj\u0105co:<\/p>\n<p><strong>Kategoria indywidualna:<\/strong><\/p>\n<p>&#8211; I miejsce \u2013 Pierogi ziemniaczane z grzybami \u2013 Agata Kiko\u0142a,<\/p>\n<p>&#8211; II miejsce \u2013 \u015alimaczki z farszem \u2013 Barbara Zawadzka,<\/p>\n<p>&#8211; III miejsce \u2013 Sa\u0142atka ch\u0142opska z naleweczk\u0105 \u2013 El\u017cbieta Gawro\u0144ska,<\/p>\n<p>&#8211; wyr\u00f3\u017cnienia: Placki z sosem grzybowym \u2013 Iwona Olkowska, Rolada ziemniaczana w waflu \u2013 Henryka Pu\u015bcion, Sa\u0142atka ziemniaczana \u2013 Bo\u017cena Pu\u015bcian.<\/p>\n<p><strong>Kategoria zespo\u0142owa:<\/strong><\/p>\n<p>&#8211; I miejsce \u2013 Pierogi tarte z serem \u2013 Ko\u0142o Gospody\u0144 Wiejskich w Zarzetce,<\/p>\n<p>&#8211; II miejsce \u2013 Baba ziemniaczana z sosem grzybowym \u2013 Ko\u0142o Gospody\u0144 Wiejskich w Krupi\u0144skiem.<\/p>\n<p>Pisa\u0107 mo\u017cna wiele o Dniu Pieczonego Ziemniaka w m. Krupi\u0144skie, \u015bwietnej zabawie i oczywi\u015bcie smakowitych potrawach z ziemniakiem w roli g\u0142\u00f3wnej. Warto by\u0142o tam by\u0107 i spr\u00f3bowa\u0107, r\u00f3wnie\u017c potraw konkursowych. Kolejny Dzie\u0144 Pieczonego Ziemniaka ju\u017c za rok \u2013 zapraszamy w imieniu Organizator\u00f3w, a teraz obejrzyjmy relacj\u0119 z tegorocznego \u015bwi\u0119ta.<\/p>\n<p><span style=\"color: #0000ff;\"><a style=\"color: #0000ff;\" href=\"https:\/\/photos.app.goo.gl\/Uh87GJZaHBZc8v6b7\" target=\"_blank\" rel=\"noopener noreferrer\"><strong>Zdj\u0119cia w galerii Google&gt;&gt;&gt;<\/strong><\/a><\/span><\/p>\n<p><strong>Tekst\/foto:<\/strong> S\u0142awek Chyli\u0144ski<\/p>\n","protected":false},"excerpt":{"rendered":"<p>W sobot\u0119 12 pa\u017adziernika wszystkie drogi prowadzi\u0142y do Krupi\u0144skiego. Miejscowe Ko\u0142o Gospody\u0144 Wiejskich zorganizowa\u0142o tam Dzie\u0144 Pieczonego Ziemniaka.<\/p>\n","protected":false},"author":1,"featured_media":0,"comment_status":"closed","ping_status":"closed","sticky":false,"template":"","format":"standard","meta":{"footnotes":""},"categories":[5,4062,41],"tags":[2770,3218,3107,2732],"class_list":["post-21299","post","type-post","status-publish","format-standard","hentry","category-newsy","category-kola-gospodyn-wiejskich","category-wiesci-gminne","tag-barbara-laska","tag-dzien-pieczonego-ziemniaka-w-krupinskiem","tag-kolo-gospodyn-wiejskich-w-krupinskiem","tag-krupinskie"],"views":3081,"_links":{"self":[{"href":"https:\/\/info.sadowne.pl\/index.php?rest_route=\/wp\/v2\/posts\/21299","targetHints":{"allow":["GET"]}}],"collection":[{"href":"https:\/\/info.sadowne.pl\/index.php?rest_route=\/wp\/v2\/posts"}],"about":[{"href":"https:\/\/info.sadowne.pl\/index.php?rest_route=\/wp\/v2\/types\/post"}],"author":[{"embeddable":true,"href":"https:\/\/info.sadowne.pl\/index.php?rest_route=\/wp\/v2\/users\/1"}],"replies":[{"embeddable":true,"href":"https:\/\/info.sadowne.pl\/index.php?rest_route=%2Fwp%2Fv2%2Fcomments&post=21299"}],"version-history":[{"count":1,"href":"https:\/\/info.sadowne.pl\/index.php?rest_route=\/wp\/v2\/posts\/21299\/revisions"}],"predecessor-version":[{"id":21301,"href":"https:\/\/info.sadowne.pl\/index.php?rest_route=\/wp\/v2\/posts\/21299\/revisions\/21301"}],"wp:attachment":[{"href":"https:\/\/info.sadowne.pl\/index.php?rest_route=%2Fwp%2Fv2%2Fmedia&parent=21299"}],"wp:term":[{"taxonomy":"category","embeddable":true,"href":"https:\/\/info.sadowne.pl\/index.php?rest_route=%2Fwp%2Fv2%2Fcategories&post=21299"},{"taxonomy":"post_tag","embeddable":true,"href":"https:\/\/info.sadowne.pl\/index.php?rest_route=%2Fwp%2Fv2%2Ftags&post=21299"}],"curies":[{"name":"wp","href":"https:\/\/api.w.org\/{rel}","templated":true}]}}