{"id":21304,"date":"2019-10-15T10:50:17","date_gmt":"2019-10-15T08:50:17","guid":{"rendered":"http:\/\/info.sadowne.pl\/?p=21304"},"modified":"2019-10-15T10:50:17","modified_gmt":"2019-10-15T08:50:17","slug":"vice-mistrzyni-polski-w-karate-kyokushin","status":"publish","type":"post","link":"https:\/\/info.sadowne.pl\/?p=21304","title":{"rendered":"Vice Mistrzyni Polski w Karate Kyokushin"},"content":{"rendered":"<p><strong><a href=\"http:\/\/info.sadowne.pl\/wp-content\/uploads\/2019\/10\/2019.10.15.1.jpg\" target=\"_blank\" rel=\"noopener noreferrer\"><img loading=\"lazy\" decoding=\"async\" class=\"alignleft wp-image-21305 size-thumbnail\" src=\"http:\/\/info.sadowne.pl\/wp-content\/uploads\/2019\/10\/2019.10.15.1-180x130.jpg\" alt=\"\" width=\"180\" height=\"130\" \/><\/a>W sobot\u0119 12 pa\u017adziernika w Szczecinie odby\u0142y si\u0119 Mistrzostwa Polski Senior\u00f3w Open \u00a0oraz Mistrzostwa Polski Junior\u00f3w M\u0142odszych w Karate Kyokushin.\u00a0<\/strong><!--more--><\/p>\n<p>Zofia Perzan, trenuj\u0105ca na co dzie\u0144 w Ma\u0142kini, zdoby\u0142a srebrny medal i tytu\u0142 vice mistrza Polski w Karate Kyokushin.<\/p>\n<p><a href=\"http:\/\/info.sadowne.pl\/wp-content\/uploads\/2019\/10\/2019.10.15.2.jpg\" target=\"_blank\" rel=\"noopener noreferrer\"><img loading=\"lazy\" decoding=\"async\" class=\"alignright wp-image-21306 size-thumbnail\" src=\"http:\/\/info.sadowne.pl\/wp-content\/uploads\/2019\/10\/2019.10.15.2-180x130.jpg\" alt=\"\" width=\"180\" height=\"130\" \/><\/a>Nasza m\u0142oda zawodniczka ju\u017c w pierwszej walce pokaza\u0142a, \u017ce wie po co jecha\u0142a blisko 700 kilometr\u00f3w do Szczecina. Po dw\u00f3ch celnych trafieniach Zosia wygra\u0142a pojedynek przed regulaminowym czasem. Podobny scenariusz walki by\u0142 w kolejnym starciu. R\u00f3wnie\u017c wygrana przed czasem. W walce fina\u0142owej musieli\u015bmy uzna\u0107 wy\u017cszo\u015b\u0107 Oliwii Ma\u0142eckiej z Koneckiego Klubu Karate. Warto doda\u0107 r\u00f3wnie\u017c, \u017ce Zofia Perzan by\u0142a najl\u017cejsz\u0105 zawodniczk\u0105 w swojej kategorii.<\/p>\n<p><a href=\"http:\/\/info.sadowne.pl\/wp-content\/uploads\/2019\/10\/2019.10.15.3.jpg\" target=\"_blank\" rel=\"noopener noreferrer\"><img loading=\"lazy\" decoding=\"async\" class=\"alignleft wp-image-21307 size-thumbnail\" src=\"http:\/\/info.sadowne.pl\/wp-content\/uploads\/2019\/10\/2019.10.15.3-180x130.jpg\" alt=\"\" width=\"180\" height=\"130\" \/><\/a>Zawody w Szczecinie zgromadzi\u0142y 220 zawodnik\u00f3w z 76 klub\u00f3w karate z Polski.<\/p>\n<p>S\u0119dzi\u0105 g\u0142\u00f3wnym by\u0142 shihan Andrzej Drewniak a jednym z s\u0119dzi\u00f3w maty by\u0142 sensei Zbigniew W\u00f3jcicki.<\/p>\n<p><strong>Prezes BKKK Zbigniew W\u00f3jcicki<\/strong><\/p>\n<p><strong>Przypominamy te\u017c, \u017ce 19 pa\u017adziernika w Sadownem odb\u0119dzie si\u0119 XI Og\u00f3lnopolski Turniej Karate Kyokushin dla dzieci i m\u0142odzie\u017cy. Zapraszamy!<\/strong><\/p>\n","protected":false},"excerpt":{"rendered":"<p>W sobot\u0119 12 pa\u017adziernika w Szczecinie odby\u0142y si\u0119 Mistrzostwa Polski Senior\u00f3w Open \u00a0oraz Mistrzostwa Polski Junior\u00f3w M\u0142odszych w Karate Kyokushin.\u00a0<\/p>\n","protected":false},"author":1,"featured_media":0,"comment_status":"closed","ping_status":"closed","sticky":false,"template":"","format":"standard","meta":{"footnotes":""},"categories":[5,2029,7],"tags":[794,3206,2030],"class_list":["post-21304","post","type-post","status-publish","format-standard","hentry","category-newsy","category-karate","category-sport","tag-brokowski-klub-karate-kyokushinkai","tag-xi-ogolnopolski-turniej-karate-kyokushin-w-sadownem","tag-zbigniew-wojcicki"],"views":2789,"_links":{"self":[{"href":"https:\/\/info.sadowne.pl\/index.php?rest_route=\/wp\/v2\/posts\/21304","targetHints":{"allow":["GET"]}}],"collection":[{"href":"https:\/\/info.sadowne.pl\/index.php?rest_route=\/wp\/v2\/posts"}],"about":[{"href":"https:\/\/info.sadowne.pl\/index.php?rest_route=\/wp\/v2\/types\/post"}],"author":[{"embeddable":true,"href":"https:\/\/info.sadowne.pl\/index.php?rest_route=\/wp\/v2\/users\/1"}],"replies":[{"embeddable":true,"href":"https:\/\/info.sadowne.pl\/index.php?rest_route=%2Fwp%2Fv2%2Fcomments&post=21304"}],"version-history":[{"count":1,"href":"https:\/\/info.sadowne.pl\/index.php?rest_route=\/wp\/v2\/posts\/21304\/revisions"}],"predecessor-version":[{"id":21308,"href":"https:\/\/info.sadowne.pl\/index.php?rest_route=\/wp\/v2\/posts\/21304\/revisions\/21308"}],"wp:attachment":[{"href":"https:\/\/info.sadowne.pl\/index.php?rest_route=%2Fwp%2Fv2%2Fmedia&parent=21304"}],"wp:term":[{"taxonomy":"category","embeddable":true,"href":"https:\/\/info.sadowne.pl\/index.php?rest_route=%2Fwp%2Fv2%2Fcategories&post=21304"},{"taxonomy":"post_tag","embeddable":true,"href":"https:\/\/info.sadowne.pl\/index.php?rest_route=%2Fwp%2Fv2%2Ftags&post=21304"}],"curies":[{"name":"wp","href":"https:\/\/api.w.org\/{rel}","templated":true}]}}