{"id":21309,"date":"2019-10-16T19:49:25","date_gmt":"2019-10-16T17:49:25","guid":{"rendered":"http:\/\/info.sadowne.pl\/?p=21309"},"modified":"2019-10-16T19:49:25","modified_gmt":"2019-10-16T17:49:25","slug":"dzien-nauczyciela-w-podstawowce-2","status":"publish","type":"post","link":"https:\/\/info.sadowne.pl\/?p=21309","title":{"rendered":"Dzie\u0144 Nauczyciela w podstaw\u00f3wce\u2026"},"content":{"rendered":"<p><strong><a href=\"http:\/\/info.sadowne.pl\/wp-content\/uploads\/2019\/10\/2019.10.16.1.jpg\" target=\"_blank\" rel=\"noopener noreferrer\"><img loading=\"lazy\" decoding=\"async\" class=\"alignleft wp-image-21310 size-thumbnail\" src=\"http:\/\/info.sadowne.pl\/wp-content\/uploads\/2019\/10\/2019.10.16.1-180x130.jpg\" alt=\"\" width=\"180\" height=\"130\" \/><\/a>Przed po\u0142udniem 16 pa\u017adziernika w Gminnej Hali Sportowej swoje \u015bwi\u0119to obchodzili nauczyciele i pracownicy Szko\u0142y Podstawowej w Sadownem. <\/strong><!--more--><\/p>\n<p>B\u0119dziemy tu wy\u0142\u0105cznie posi\u0142kowa\u0107 si\u0119 s\u0142ownym wst\u0119pem p. Dyrektor, kt\u00f3ry w pe\u0142ni oddaje g\u0142\u00f3wne przes\u0142anie tej uroczysto\u015bci:<\/p>\n<p><em>&#8211; Szanowni Go\u015bcie, Nauczyciele, Pracownicy i\u00a0drodzy Uczniowie! Mam zaszczyt powita\u0107 wszystkich zebranych w\u00a0Szkole Podstawowej im. b\u0142. ks. E. Grzyma\u0142y w Sadownem na uroczysto\u015bci obchod\u00f3w Dnia Edukacji Narodowej<\/em> \u2013 rozpocz\u0119\u0142a uroczysto\u015b\u0107 p. Dyrektor Ma\u0142gorzata Koro\u015b i kontynuowa\u0142a &#8211; <em>\u015awi\u0119to to upami\u0119tnia powstanie Komisji Edukacji Narodowej, powo\u0142anej z\u00a0inicjatywy kr\u00f3la Stanis\u0142awa Augusta Poniatowskiego, kt\u00f3ra by\u0142a pierwszym ministerstwem o\u015bwiaty publicznej w\u00a0Polsce. Eksperci pracuj\u0105cy pod wodz\u0105 Hugona Ko\u0142\u0142\u0105taja opracowali trzystopniowy model szk\u00f3\u0142 i, co we wsp\u00f3\u0142czesnej perspektywie najwa\u017cniejsze, dopu\u015bcili do edukacji m\u0142odzie\u017c ze stan\u00f3w ni\u017cszych. Rocznica powo\u0142ania tego organu w\u0142adzy o\u015bwiatowej, przypadaj\u0105ca na 14 pa\u017adziernika, jest wi\u0119c niezwykle wa\u017cnym \u015bwi\u0119tem, b\u0119d\u0105cym r\u00f3wnocze\u015bnie przyczynkiem do rozmowy o\u00a0pracy nauczycieli i\u00a0wychowawc\u00f3w szkolnych\u2026<\/em><\/p>\n<p><em>\u2026Moi drodzy nauczyciele.<\/em><\/p>\n<p><em>Nauczyciel od zawsze by\u0142 zawodem wyj\u0105tkowym. To do Was, drogie Kole\u017canki i\u00a0drodzy Koledzy, nale\u017cy obowi\u0105zek przekazywania wiedzy, kszta\u0142towania przysz\u0142o\u015bci i\u00a0dr\u00f3g, jakimi p\u00f3jd\u0105 m\u0142odzi ludzie. Cz\u0119sto to w\u0142a\u015bnie nauczyciel, zaraz po rodzicach, staje si\u0119 wzorem do na\u015bladowania, autorytetem, osob\u0105, na kt\u00f3rej mo\u017cna polega\u0107 i\u00a0do kt\u00f3rej mo\u017cna zwr\u00f3ci\u0107 si\u0119 ze swoimi problemami. Na barkach wychowawcy spoczywa wi\u0119c \u2013 opr\u00f3cz nauczania i\u00a0m\u00f3wienia o\u00a0najwa\u017cniejszych warto\u015bciach czy zasadach \u017cycia spo\u0142ecznego \u2013 tak\u017ce wielka odpowiedzialno\u015b\u0107.<\/em><\/p>\n<p><em>Sami przenie\u015bcie si\u0119 teraz w\u00a0przesz\u0142o\u015b\u0107 i\u00a0przypomnijcie czasy, kiedy to Wy byli\u015bcie uczniami. Na pewno macie w\u00a0pami\u0119ci tych nauczycieli, kt\u00f3rzy wymagali od Was najwi\u0119kszego zaanga\u017cowania, tych, kt\u00f3rzy ka\u017cdego dnia wywo\u0142ywali u\u015bmiechy na Waszych twarzach i\u00a0w\u00a0ko\u0144cu tych, kt\u00f3rzy rozpalili w\u00a0Was pasj\u0119 do przedmiot\u00f3w, kt\u00f3rych teraz uczycie. Taka wycieczka w\u00a0przesz\u0142o\u015b\u0107 to dobra okazja, by umocni\u0107 w\u00a0sobie nauczycielsk\u0105 misj\u0119 i\u00a0zawsze pami\u0119ta\u0107, \u017ce jej priorytetem powinno by\u0107 dbanie o\u00a0ka\u017cdego z\u00a0uczni\u00f3w\u2026.<\/em><\/p>\n<p><em>Janusz Korczak, wybitny pedagog, lekarz i\u00a0publicysta, pozostawi\u0142 po sobie m\u0105dre s\u0142owa: \u201eKiedy \u015bmieje si\u0119 dziecko, \u015bmieje si\u0119 ca\u0142y \u015bwiat\u201d. Ten cytat wyj\u0105tkowo pasuje do dzisiejszej uroczysto\u015bci, poniewa\u017c zawiera w\u00a0sobie du\u017c\u0105 cz\u0119\u015b\u0107 misji szko\u0142y podstawowej. Wsp\u00f3lnie realizujemy nadrz\u0119dny cel, jakim jest nauczanie i\u00a0wychowywanie najm\u0142odszych obywateli, ale jednocze\u015bnie nigdy nie powinni\u015bmy zapomina\u0107, \u017ce mamy do czynienia z\u00a0dzie\u0107mi, kt\u00f3re jeszcze maj\u0105 czas, by wej\u015b\u0107 w\u00a0doros\u0142y etap \u017cycia. Teraz ucz\u0105 si\u0119 najwa\u017cniejszych zasad \u017cycia spo\u0142ecznego, nabywaj\u0105 podstawowe umiej\u0119tno\u015bci, zaczynaj\u0105 poznawa\u0107 system edukacji. Jednak nadal pozostaj\u0105 dzie\u0107mi potrzebuj\u0105cymi opieki, dobrego s\u0142owa, wsparcia. Pami\u0119tajmy wi\u0119c, \u017ceby realizowa\u0107 nauczycielsk\u0105 misj\u0119 z\u00a0u\u015bmiechem i\u00a0ten u\u015bmiech przekazywa\u0107.<\/em><\/p>\n<p><em>Dzie\u0144 Edukacji Narodowej to niezwyk\u0142e \u015bwi\u0119to w\u00a0szkolnym kalendarzu. Jest okazj\u0105, aby wyr\u00f3\u017cni\u0107 i\u00a0wyj\u0105tkowo doceni\u0107 prac\u0119 wszystkich tych os\u00f3b, kt\u00f3re na co dzie\u0144 dbaj\u0105 o\u00a0uczni\u00f3w, dobr\u0105 atmosfer\u0119 oraz \u0142ad szkolny. Wszystkim belfrom i\u00a0wychowawcom sk\u0142adam najserdeczniejsze \u017cyczenia nies\u0142abn\u0105cej pasji nauczania, wytrwa\u0142o\u015bci w\u00a0przekazywaniu wiedzy oraz satysfakcji z\u00a0ka\u017cdego dnia sp\u0119dzanego w\u015br\u00f3d wychowank\u00f3w. Mam nadziej\u0119, \u017ce praca w\u00a0naszej szkole b\u0119dzie przynosi\u0107 Wam, drodzy pedagodzy, rado\u015b\u0107, wzruszenie oraz dum\u0119. Nauczanie i\u00a0wychowywanie setek uczni\u00f3w ka\u017cdego roku nie jest prostym zadaniem, dlatego tym bardziej dzi\u0119kuj\u0119 za zaanga\u017cowanie oraz profesjonalizm, kt\u00f3rym si\u0119 odznaczacie.<\/em><\/p>\n<p><em>Jednocze\u015bnie pragn\u0119 zwr\u00f3ci\u0107 si\u0119 do pracownik\u00f3w administracji i\u00a0obs\u0142ugi szko\u0142y, kt\u00f3rzy nie mog\u0105 by\u0107 dzisiaj pomini\u0119ci. Wam tak\u017ce dzi\u0119kuj\u0119 za trud, sympati\u0119 do uczni\u00f3w oraz zrozumienie dla misji szko\u0142y. Jeste\u015bcie jej wa\u017cnym filarem, codziennie s\u0142u\u017cycie swoj\u0105 pomoc\u0105 zar\u00f3wno kadrze nauczycielskiej, jak i\u00a0naszym wychowankom. \u017bycz\u0119 Wam, by\u015bcie czerpali satysfakcj\u0119 z\u00a0uczestniczenia w\u00a0jednym z\u00a0najwa\u017cniejszych zada\u0144 ka\u017cdego kraju, jakim jest wychowywanie pe\u0142nych pasji, zapa\u0142u i\u00a0ambicji obywateli.<\/em><\/p>\n<p><em>Na koniec chc\u0119 skierowa\u0107 kilka s\u0142\u00f3w do uczni\u00f3w. Dla Was te\u017c edukacja jest wyzwaniem, ale \u017cycz\u0119 Wam, \u017ceby dzi\u0119ki \u017cyczliwie nastawionym nauczycielom i\u00a0pracownikom ros\u0142o w\u00a0Was przekonanie, \u017ce nauka nie p\u00f3jdzie na marne, \u017ce macie szans\u0119 wybra\u0107 dowoln\u0105 \u015bcie\u017ck\u0119 edukacyjn\u0105. Wierzymy w\u00a0Was, s\u0142u\u017cymy wsparciem i\u00a0zach\u0119camy do realizowania marze\u0144 zwi\u0105zanych z\u00a0przysz\u0142ym zawodem. Jednocze\u015bnie prosz\u0119, aby\u015bcie sk\u0142adaj\u0105c dzisiaj \u017cyczenia swoim wychowawcom i\u00a0nauczycielom, powiedzieli kilka s\u0142\u00f3w od serca, chocia\u017cby przypominaj\u0105c o\u00a0najrado\u015bniejszych wsp\u00f3lnych chwilach. To dla nas, pedagog\u00f3w, najwspanialsze wyr\u00f3\u017cnienie.<\/em><\/p>\n<p><em>Jeszcze raz sk\u0142adam najserdeczniejsze \u017cyczenia nauczycielom i\u00a0pracownikom.<\/em><\/p>\n<p>Po tym wst\u0119pie p. Dyrektor wr\u0119czy\u0142a nagrody wyr\u00f3\u017cniaj\u0105cym si\u0119 nauczycielom i pracownikom. Podzi\u0119kowania w formie nagr\u00f3d za wzorow\u0105 prac\u0119 wr\u0119czy\u0142 r\u00f3wnie\u017c kilku osobom W\u00f3jt Gminy Sadowne p. Waldemar Cyran, przekazuj\u0105c jednocze\u015bnie najserdeczniejsze \u017cyczenia wszystkim pracownikom Szko\u0142y z okazji Dnia Edukacji Narodowej.<\/p>\n<p>Po s\u0142owno-muzycznej cz\u0119\u015bci artystycznej, kt\u00f3r\u0105 przygotowali uczniowie pod kierunkiem p. Marty Kotowskiej, nauczyciele i pracownicy Szko\u0142y otrzymali prezent, niespodziank\u0119 od Rady Rodzic\u00f3w \u2013 karnet do kina na dowolny seans filmowy. Bardzo trafiony prezent\u2026<\/p>\n<p>I ju\u017c na sam koniec \u2013 \u017cyczenia i symboliczny kwiatek od uczni\u00f3w dla wszystkich, kt\u00f3rzy pracuj\u0105 w Szkole Podstawowej im. b\u0142. ks. Edwarda Grzyma\u0142y, a tak\u017ce j\u0105 wspieraj\u0105.<\/p>\n<p>I jeszcze jedno. Po uroczysto\u015bci, w tej samej hali sportowej przyst\u0105piono do og\u00f3lnopolskiej akcji p\u00f3\u0142godzinnej pr\u00f3by bicia rekordu w resuscytacji kr\u0105\u017ceniowo-oddechowej. Wydarzenie\u00a0to organizowane jest przez Fundacj\u0119 WO\u015aP w ramach obchod\u00f3w \u201eEuropejskiego Dnia Przywracania Czynno\u015bci Serca\u201d.\u00a0 Czy si\u0119 uda\u0142o pobi\u0107 rekord? Oka\u017ce si\u0119 wkr\u00f3tce.<\/p>\n<p>Zobaczmy fotorelacj\u0119 z tej uroczysto\u015bci. <span style=\"color: #0000ff;\"><a style=\"color: #0000ff;\" href=\"https:\/\/photos.app.goo.gl\/hus5u7SyZDi8Rror6\" target=\"_blank\" rel=\"noopener noreferrer\"><strong>Zdj\u0119cia w galerii Google&gt;&gt;&gt;<\/strong><\/a><\/span><\/p>\n<p><strong>Tekst:<\/strong> Ma\u0142gorzata Koro\u015b\/S\u0142awek Chyli\u0144ski<\/p>\n<p><strong>Foto:<\/strong> S\u0142awek Chyli\u0144ski<\/p>\n","protected":false},"excerpt":{"rendered":"<p>Przed po\u0142udniem 16 pa\u017adziernika w Gminnej Hali Sportowej swoje \u015bwi\u0119to obchodzili nauczyciele i pracownicy Szko\u0142y Podstawowej w Sadownem.<\/p>\n","protected":false},"author":1,"featured_media":0,"comment_status":"closed","ping_status":"closed","sticky":false,"template":"","format":"standard","meta":{"footnotes":""},"categories":[5,1752,84],"tags":[2588,16],"class_list":["post-21309","post","type-post","status-publish","format-standard","hentry","category-newsy","category-edukacja","category-szkola-podstawowa-im-cz-wycecha","tag-dzien-nauczyciela-w-sadowienskiej-podstawowce","tag-szkola-podstawowa-w-sadownem"],"views":3879,"_links":{"self":[{"href":"https:\/\/info.sadowne.pl\/index.php?rest_route=\/wp\/v2\/posts\/21309","targetHints":{"allow":["GET"]}}],"collection":[{"href":"https:\/\/info.sadowne.pl\/index.php?rest_route=\/wp\/v2\/posts"}],"about":[{"href":"https:\/\/info.sadowne.pl\/index.php?rest_route=\/wp\/v2\/types\/post"}],"author":[{"embeddable":true,"href":"https:\/\/info.sadowne.pl\/index.php?rest_route=\/wp\/v2\/users\/1"}],"replies":[{"embeddable":true,"href":"https:\/\/info.sadowne.pl\/index.php?rest_route=%2Fwp%2Fv2%2Fcomments&post=21309"}],"version-history":[{"count":1,"href":"https:\/\/info.sadowne.pl\/index.php?rest_route=\/wp\/v2\/posts\/21309\/revisions"}],"predecessor-version":[{"id":21311,"href":"https:\/\/info.sadowne.pl\/index.php?rest_route=\/wp\/v2\/posts\/21309\/revisions\/21311"}],"wp:attachment":[{"href":"https:\/\/info.sadowne.pl\/index.php?rest_route=%2Fwp%2Fv2%2Fmedia&parent=21309"}],"wp:term":[{"taxonomy":"category","embeddable":true,"href":"https:\/\/info.sadowne.pl\/index.php?rest_route=%2Fwp%2Fv2%2Fcategories&post=21309"},{"taxonomy":"post_tag","embeddable":true,"href":"https:\/\/info.sadowne.pl\/index.php?rest_route=%2Fwp%2Fv2%2Ftags&post=21309"}],"curies":[{"name":"wp","href":"https:\/\/api.w.org\/{rel}","templated":true}]}}